{"id":13960,"date":"2019-11-14T18:17:39","date_gmt":"2019-11-14T18:17:39","guid":{"rendered":"https:\/\/redsemlac.com\/semmexico\/?p=13960"},"modified":"2023-07-21T15:14:35","modified_gmt":"2023-07-21T20:14:35","slug":"especial-30-anos-de-la-caida-del-muro-de-berlin-el-pais-aun-en-guerra-dice-el-lider-de-los-verdes","status":"publish","type":"post","link":"https:\/\/redsemlac.com\/semmexico\/especial-30-anos-de-la-caida-del-muro-de-berlin-el-pais-aun-en-guerra-dice-el-lider-de-los-verdes\/","title":{"rendered":"Especial: 30 a\u00f1os de la ca\u00edda del Muro de Berl\u00edn; el pa\u00eds, a\u00fan en guerra, dice el l\u00edder de los verdes"},"content":{"rendered":"\n<ul class=\"wp-block-list\"><li><strong>La integraci\u00f3n alemana causar\u00e1 miedo en poco tiempo: Heilmann<\/strong><\/li><li><strong>A mediados de la d\u00e9cada de los 80 se identificaron grupos y peque\u00f1as tendencias  ultraderechistas<\/strong><\/li><\/ul>\n\n\n\n<p class=\"wp-block-paragraph\"><strong><em>Esta indagaci\u00f3n period\u00edstica no habr\u00eda sido posible sin el apoyo de la\nFundaci\u00f3n Friedrich Ebert y la cooperaci\u00f3n decisiva de Isabel Basterra,\nElizabeth Klose, Mariane Braig y Peter Sthorandt por sus orientaciones y\ntraducci\u00f3n de charlas, entrevistas y sondeos en ambas Alemanias.<\/em><\/strong><\/p>\n\n\n\n<p class=\"wp-block-paragraph\"><strong>S\u00e9ptima y \u00faltima parte <\/strong><\/p>\n\n\n\n<p class=\"wp-block-paragraph\"><strong>Sara Lovera, enviada. Berl\u00edn, 3\nde mayo.-<\/strong> En la Rep\u00fablica Democr\u00e1tica de Alemania, 160 mil vietnamitas\nempezaron a sufrir las consecuencias de la xenofobia. A 300 metros de la\nfrontera se les arrincona y hostiga. Una semana despu\u00e9s de la apertura del muro\nde Berl\u00edn, en algunos cementerios aparecieron abiertas fosas de jud\u00edos.<\/p>\n\n\n\n<p class=\"wp-block-paragraph\">Los primeros d\u00edas soleados sirvieron en la zona de la embajada de la\nUni\u00f3n Sovi\u00e9tica aparecieran los individuos de cabezas rapadas y chamarras\nnegras: neofascistas.<\/p>\n\n\n\n<p class=\"wp-block-paragraph\">Estos grupos empezaron por solicitar que desaparezcan los nombres de\nciudades y calles de h\u00e9roes o sitios comunistas. La casa donde, en Berl\u00edn,\nvivi\u00f3 algunos meses Federico Engels y en la que existe una placa conmemorativa,\napareci\u00f3 una ma\u00f1ana llena de grafitis de punks, que se confunden los <em>skinheads<\/em> en ambas partes de la\nfrontera, pidiendo que desaparezca cualquier vestigio comunista.<\/p>\n\n\n\n<p class=\"wp-block-paragraph\">Como se inform\u00f3 en abril, ya se hizo una primera incursi\u00f3n de \u201ccabezas\nrapadas\u201d contra los comercios del barrio Krenzberg, donde viven turcos, polacos\ny bohemios del occidente berlin\u00e9s.<\/p>\n\n\n\n<p class=\"wp-block-paragraph\">\u201cla integraci\u00f3n alemana causar\u00e1 miedo dentro de muy poco tiempo\u201d,\nadvierte nervioso, en el quinto piso de la Casa de la Democracia en el Este,\nFriedrich Heilmann, miembro de la presidencia del Partido Verde.<\/p>\n\n\n\n<p class=\"wp-block-paragraph\">Renata Rott, profesora \u2013eso significa el nivel universitario y\nacad\u00e9mico m\u00e1s alto- de la Universidad Libre de Berl\u00edn, de unos 60 a\u00f1os,\npregunta: \u201c\u00bfPor qu\u00e9 no se quieren dar cuenta de esto nuestros pol\u00edticos\u2019\u201d?<\/p>\n\n\n\n<p class=\"wp-block-paragraph\">Peter Vollmannn, del Partido del Socialismo Democr\u00e1tico, relat\u00f3 que se\nest\u00e1 hostigando a muchos polacos que empezaron a llegar desde hace tres a\u00f1os;\nque 160 mil vietnamitas, que realizaban labores especiales en la RDA, son hasta\napedreados; los problemas sociales y de delincuencia se multiplican. <\/p>\n\n\n\n<p class=\"wp-block-paragraph\">La actitud contra los extranjeros en la RDA, se\u00f1ala Vollman, era un\nproblema latente, pero sin peligro; ya no es as\u00ed. Ahora el miedo al desempleo\norigina esta situaci\u00f3n. No est\u00e1 exenta de la participaci\u00f3n de los neofascistas,\nadmite.<\/p>\n\n\n\n<p class=\"wp-block-paragraph\">Adicionalmente, desde mediados de la d\u00e9cada de los 80 se identificaron\ngrupos y peque\u00f1as tendencias ultraderechistas. El partido de Estado siempre\npropuso s\u00f3lo observarlos, no se tom\u00f3 en serio esta situaci\u00f3n y ahora ah\u00ed andan\npor las calles. Est\u00e1 creciendo la inquietud. <\/p>\n\n\n\n<p class=\"wp-block-paragraph\">Lo que afirma Vollmann lo relatan d\u00eda a d\u00eda los diarios berlineses de\nambos Estados alemanes; se discute en la televisi\u00f3n y hay muchas llamadas telef\u00f3nicas\nal nuevo edificio del Parlamento, antes sede del partido oficial.<\/p>\n\n\n\n<p class=\"wp-block-paragraph\">Pero existen otros problemas, relacionados entre s\u00ed, respecto del\nsignificado pol\u00edtico-social de la llamada a la unidad y del \u201csentimiento de\ngran pa\u00eds\u201d.<\/p>\n\n\n\n<p class=\"wp-block-paragraph\">Mientras se discuten los acuerdos, se admite el art\u00edculo 23 de la Constituci\u00f3n\nde la Rep\u00fablica Federal de Alemania y los acontecimientos contin\u00faan con gran\nrapidez; tanto, que la Comunidad Europea ha dado el visto bueno a la\nreunificaci\u00f3n alemana y \u201cnadie ha tomado en cuenta que nunca se firm\u00f3 el\nacuerdo de paz tropas sovi\u00e9ticas y estadunidenses\u201d. Los vecinos pueden\nreaccionar un d\u00eda de estos, dice, por su parte Heilmann. <\/p>\n\n\n\n<p class=\"wp-block-paragraph\">En cuanto a la macropol\u00edtica, se olvid\u00f3 que las dos Alemanias a\u00fan est\u00e1n\nocupadas por las tropas de los aliados. El hecho de que a\u00fan existan aqu\u00ed y\nahora, evidencia que no ha sido clausurada la Segunda Guerra Mundial y que\ntambi\u00e9n habr\u00e1 que llegar a un acuerdo en este sentido.<\/p>\n\n\n\n<p class=\"wp-block-paragraph\">Efectivamente, en el Land de Baviera, cerca de Diessen, a pocos\nkil\u00f3metros de la frontera con Austria, en lo que s conoce como zona prealpina,\nalgunos pueblos viven a\u00fan del consumo y la actividad que realizan las tropas\nestadunidenses. Sus elementos est\u00e1n en todo el pa\u00eds. Se les \u00b4pudo ver bajo el\nsol berlin\u00e9s paseando por la RDA durante los d\u00edas de asueto de Semana Santa.<\/p>\n\n\n\n<p class=\"wp-block-paragraph\">Las cosas, agrega Heilman, no ser\u00e1n sencillas. Habr\u00e1 que resolver\ndiversos problemas. Cada una de las partes pertenece a un bloque militar\ndistinto; habr\u00e1 que firmar la paz para dar seguridades reales a Polonia; el\nej\u00e9rcito en la RDA se est\u00e1 deshaciendo y no hay trabajo para los soldados\ndesocupados; y todav\u00eda no se discute si la RDA pasar\u00e1, sin m\u00e1s discusi\u00f3n, al\nbloque de la OTAN. Estos son problemas pr\u00e1cticos.<\/p>\n\n\n\n<p class=\"wp-block-paragraph\">Los verdes, dice, opinan que lo primero que debe hacerse es\ndesmilitarizar Alemania, disolver las dos alianzas militares y dar seguridad\nreal a Europa, como compromiso de base para la unificaci\u00f3n.<\/p>\n\n\n\n<p class=\"wp-block-paragraph\">Los verdes creen necesaria en lo inmediato la realizaci\u00f3n una\nConferencia de Seguridad y Paz que d\u00e9 garant\u00edas a los vecinos; medidas para\napaciguar a los cabezas rapados y otras que garanticen la paz social.<\/p>\n\n\n\n<p class=\"wp-block-paragraph\">Problema adicional, que tambi\u00e9n es de la RDA y que tienen que ver con\nla seguridad y la paz social es el asunto de la Stasi, polic\u00eda secreta del\nr\u00e9gimen derrocado, y que ya ha sido disuelta. La Stasi contaba con seis\nmillones de expedientes, dice en otra entrevista Ulrike Helwerth, editora de la\nsecci\u00f3n de mujeres del diario <em>Taz<\/em> (la\n\u201cJornada\u201d, o el \u201cPeri\u00f3dico de un d\u00eda\u201d, que circula actualmente en todo Berl\u00edn),\ny agrega que las pesquisas period\u00edsticas descubrieron que la mitad de la\npoblaci\u00f3n adulta era investigada por esa polic\u00eda y que fueron encontrados cien\nkil\u00f3metros de archivos.<\/p>\n\n\n\n<p class=\"wp-block-paragraph\">La Stasi provoc\u00f3 uno de los primeros esc\u00e1ndalos cuando cay\u00f3 el muro\ntodo ciudadano disidente en la RDA estaba investigado y muchos que no lo eran,\ntambi\u00e9n.<\/p>\n\n\n\n<p class=\"wp-block-paragraph\">S\u00ed. La Stasi, con 32 mil elementos, investig\u00f3 en los \u00faltimos a\u00f1os a las\ndos terceras partes de los adultos de la RDA. Seg\u00fan la periodista, su t\u00e9cnica\nera la tortura psicol\u00f3gica y el acoso, pero no se encontr\u00f3 ninguna denuncia de\ntortura f\u00edsica o maltrato. Claro que la Stasi hac\u00eda detenciones. Muchos\nciudadanos est\u00e1n ahora reclamando al r\u00e9gimen reci\u00e9n instalado de la devoluci\u00f3n\nde cantidades diversas de dinero, que muchos germanorientales pagaron por\nmultas injustas impuestas por ese organismo policiaco.<\/p>\n\n\n\n<p class=\"wp-block-paragraph\">Para la profesora Waltraud Falk, ex directora de la Facultad de\nCiencias Sociales, el episodio de la Stasi debe ser analizado, inscrito en la\nmemoria \u201cpara que no vuelva a suceder\u201d. Lo que no puede hacerse es una nueva\npersecuci\u00f3n, lesionar a los individuos y a sus familias. El esc\u00e1ndalo de la\npolic\u00eda secreta, en el ambiente berlin\u00e9s, se ha ido disipando. Falk, sin\nembargo, cree que no ser\u00eda conveniente destruir los expedientes y olvidar el problema,\nsino que debe saberse, porque no ser\u00eda justo que se hundiera simplemente en la\nmemoria, como sucedi\u00f3, en muchos casos, respecto de los que hicieron los\nsovi\u00e9ticos tras de la guerra contra los nazis y contra los opositores de la\nsocialdemocracia.<\/p>\n\n\n\n<p class=\"wp-block-paragraph\">Precisamente sobre este problema, el que se refiere al descubrimiento\nde los asesinatos stalinistas que ocupa diariamente grandes espacios en la\nprensa de ambas Alemanias, la sicoanalista Helga Schubert present\u00f3 el 14 de\nabril un libro de entrevistas a diez mujeres que cuentan c\u00f3mo fueron estos\nasesinatos y d\u00f3nde estaban las fosas, que fueron presentadas a la prensa\ninternacional durante las semanas siguientes a la ca\u00edda del muro.<\/p>\n\n\n\n<p class=\"wp-block-paragraph\">Schubert declar\u00f3 a la periodista Ulrike que una mujer le dijo, en el\ndiv\u00e1n, que durante cinco a\u00f1os estuvo en un campo sovi\u00e9tico donde convivi\u00f3 con\ncientos de presos pol\u00edticos; otra mujer le inform\u00f3 que trabaj\u00f3 en el Servicio\nde Seguridad; otra, que fue recluida por haber sido miembro de la Gestapo, como\n\u201csoplona\u201d y que vivi\u00f3 un juicio militar.<\/p>\n\n\n\n<p class=\"wp-block-paragraph\">Lo m\u00e1s sorprendente, dice la periodista, es de Schubert, que trabajaba\nhace muchos a\u00f1os en el consultorio, sab\u00eda que exist\u00edan esos campos, porque hubo\nocasiones en que sus pacientes le dijeron d\u00f3nde estaban. Nunca lo dijo antes;\nno habl\u00f3 y ahora simplemente publica un libro. Este libro, 10 casos sobre el\nIII Reich Alem\u00e1n, ya debe estar circulando en toda Alemania.<\/p>\n\n\n\n<p class=\"wp-block-paragraph\">Para los casos secretos de la RDA, tanto relativos a los campos\nsovi\u00e9ticos \u2013cuyas fosas abiertas han sido fotografiadas por la prensa- como\npara el asunto de la Stasi, existe una sola posici\u00f3n: amnist\u00eda general, porque\nmuchos colaboradores de la Stasi y cientos de personas que sab\u00edan de los\ncr\u00edmenes sovi\u00e9ticos, son ancianos, gente sin techo social que los proteja y\nnadie, dice Ulrike, quiere profundizar las heridas.<\/p>\n\n\n\n<p class=\"wp-block-paragraph\">Los verdes creen que no debe profundizarse en la divisi\u00f3n interna,\nporque ello facilitar\u00e1 la anexi\u00f3n sin resistencia. No debe renacer la culpa\ncolectiva y coinciden con Falk en el sentido de analizar los cien kil\u00f3metros de\nexpedientes levantados por la Stasi y exigir su archivo. Respecto a la\nactividad sovi\u00e9tica, habr\u00eda que escribir la historia sin buscar culpables.<\/p>\n\n\n\n<p class=\"wp-block-paragraph\">La desestructuraci\u00f3n no s\u00f3lo ha dado fuerza a los grupos neofascistas y\na otros, francamente de derecha, en el este, sino que al lado de un aumento en\nlos precios de los diarios tambi\u00e9n desapareci\u00f3 <em>La Jornada del Pueblo<\/em>, editada por el partido de Estado y empez\u00f3 a\naparecer la pornograf\u00eda; se ha incrementado el n\u00famero de incidentes callejeros\ny los punks, durante la segunda semana de abril, tomaron por la fuerza las\ncasas abandonadas y exig\u00edan, mientras se formaba el nuevo gobierno, garant\u00edas\nde tenencia de esas casas. Para atender esta nueva realidad el gobierno de la\nalianza cristiana, con la participaci\u00f3n de socialdem\u00f3cratas, deber\u00e1 actuar con\nmucha cautela. La violencia, seg\u00fan los entrevistados, no ayudar\u00eda en nada a\neste proceso de ajuste.<\/p>\n\n\n\n<p class=\"wp-block-paragraph\">En los meses que vendr\u00e1n, advierte el dirigente pol\u00edtico de la\npresidencia de los verdes, uno de los nueve que la conforman, la defensa del\nderecho al trabajo, a la vivienda, la ley sobre servicios m\u00e9dicos; la que\ngarantiza una educaci\u00f3n gratuita, el acceso de los j\u00f3venes a las instituciones\nde educaci\u00f3n superior y el derecho al aborto, requerir\u00e1n de mucha energ\u00eda para\nla poblaci\u00f3n y de mucha templanza para el nuevo gobierno.<\/p>\n\n\n\n<p class=\"wp-block-paragraph\">El 6 de mayo son las elecciones comunales en la RDA y, seg\u00fan el dirigente,\nhabr\u00e1 que sacar fuerzas para que \u201cnos podamos salvar\u201d, para que despu\u00e9s se\npueda volver al tema de la unificaci\u00f3n. Hacerlo al contrario har\u00e1 sobrevenir el\ndesastre.<\/p>\n\n\n\n<p class=\"wp-block-paragraph\">SEM\/sl<\/p>\n","protected":false},"excerpt":{"rendered":"<p>La integraci\u00f3n alemana causar\u00e1 miedo en poco tiempo: Heilmann<\/p>\n","protected":false},"author":3,"featured_media":13961,"comment_status":"open","ping_status":"open","sticky":false,"template":"","format":"standard","meta":{"_monsterinsights_skip_tracking":false,"footnotes":""},"categories":[690,128],"tags":[],"class_list":["post-13960","post","type-post","status-publish","format-standard","has-post-thumbnail","category-690","category-30-anos-de-la-caida-del-muro-de-berlin"],"_links":{"self":[{"href":"https:\/\/redsemlac.com\/semmexico\/wp-json\/wp\/v2\/posts\/13960","targetHints":{"allow":["GET"]}}],"collection":[{"href":"https:\/\/redsemlac.com\/semmexico\/wp-json\/wp\/v2\/posts"}],"about":[{"href":"https:\/\/redsemlac.com\/semmexico\/wp-json\/wp\/v2\/types\/post"}],"author":[{"embeddable":true,"href":"https:\/\/redsemlac.com\/semmexico\/wp-json\/wp\/v2\/users\/3"}],"replies":[{"embeddable":true,"href":"https:\/\/redsemlac.com\/semmexico\/wp-json\/wp\/v2\/comments?post=13960"}],"version-history":[{"count":0,"href":"https:\/\/redsemlac.com\/semmexico\/wp-json\/wp\/v2\/posts\/13960\/revisions"}],"wp:featuredmedia":[{"embeddable":true,"href":"https:\/\/redsemlac.com\/semmexico\/wp-json\/wp\/v2\/media\/13961"}],"wp:attachment":[{"href":"https:\/\/redsemlac.com\/semmexico\/wp-json\/wp\/v2\/media?parent=13960"}],"wp:term":[{"taxonomy":"category","embeddable":true,"href":"https:\/\/redsemlac.com\/semmexico\/wp-json\/wp\/v2\/categories?post=13960"},{"taxonomy":"post_tag","embeddable":true,"href":"https:\/\/redsemlac.com\/semmexico\/wp-json\/wp\/v2\/tags?post=13960"}],"curies":[{"name":"wp","href":"https:\/\/api.w.org\/{rel}","templated":true}]}}