{"id":13957,"date":"2019-11-14T18:06:36","date_gmt":"2019-11-14T18:06:36","guid":{"rendered":"https:\/\/redsemlac.com\/semmexico\/?p=13957"},"modified":"2023-07-21T15:14:35","modified_gmt":"2023-07-21T20:14:35","slug":"el-sistema-cuestiona-permanentemente-a-las-victimas-de-violencia-sexual-ai","status":"publish","type":"post","link":"https:\/\/redsemlac.com\/semmexico\/el-sistema-cuestiona-permanentemente-a-las-victimas-de-violencia-sexual-ai\/","title":{"rendered":"El sistema cuestiona permanentemente a las v\u00edctimas de violencia sexual: AI"},"content":{"rendered":"\n<p class=\"wp-block-paragraph\"><strong>* Virginia \u00c1lvarez: faltan pol\u00edticas\np\u00fablicas para atender a v\u00edctimas de violencia sexual<\/strong><\/p>\n\n\n\n<p class=\"wp-block-paragraph\"><strong>* Nos dimos cuenta de que ninguna\nmujer sab\u00eda qu\u00e9 hacer<\/strong><\/p>\n\n\n\n<p class=\"wp-block-paragraph\"><strong>Gloria L\u00f3pez<\/strong><\/p>\n\n\n\n<p class=\"wp-block-paragraph\">SemM\u00e9xico\/AmecoPress,\nMadrid, 14 noviembre 2019.-&nbsp;Amnist\u00eda Internacional public\u00f3 hace un a\u00f1o el\ninforme \u2018Ya es hora de que me creas. Un sistema que cuestiona y desprotege a\nlas v\u00edctimas\u2019. Virginia \u00c1lvarez es la responsable de esta investigaci\u00f3n que\ndenuncia la falta de pol\u00edticas p\u00fablicas y el recorrido lleno de obst\u00e1culos y\nprejuicios al que se enfrentan las mujeres v\u00edctimas de violencia sexual.<\/p>\n\n\n\n<p class=\"wp-block-paragraph\"><em>Las mujeres que testimonian en el\ninforme aseguran que si llegan a saber lo que les esperaba, no hubieran\ndenunciado. A lo largo de la entrevista, la experta mapea y profundiza en las\nvariables jur\u00eddicas, policiales, sociales y culturales que propician que las\nmujeres v\u00edctimas de violencia sexual encuentren muchos obst\u00e1culos para ser\ncre\u00eddas y lleguen a esa conclusi\u00f3n.<\/em><\/p>\n\n\n\n<p class=\"wp-block-paragraph\"><em>Los obst\u00e1culos que enfrenta una mujer\nque denuncia violencia sexual nos llevan a hablar de violencia institucional.\n\u00bfQu\u00e9 inercias prevalecen cuando se denuncia una violaci\u00f3n?<\/em><\/p>\n\n\n\n<p class=\"wp-block-paragraph\">Los\nobst\u00e1culos son m\u00faltiples. Desde una polic\u00eda poco sensible, poco formada, que no\nentiende lo que es violencia de g\u00e9nero y dentro de ella la violencia sexual;\nprofesionales sanitarios que tampoco tienen esa formaci\u00f3n adecuada para tratar\ncon profesionalidad a mujeres que han sufrido violencia sexual; m\u00e9dicos o\nm\u00e9dicas forenses que dudan del relato de las mujeres; fiscal\u00eda, abogadas\ndefensoras que dudan del relato de las mujeres; jueces y juezas que no tienen\nla m\u00e1s m\u00ednima sensibilidad y dudan del relato de las mujeres. Es un tratamiento\ncon tan poca sensibilidad y sin perspectiva de g\u00e9nero, que produce incluso que\nen los juicios al final la v\u00edctima termina siendo cuestionada.<\/p>\n\n\n\n<p class=\"wp-block-paragraph\">En\ncualquier delito no se cuestiona la v\u00edctima. Una abogada que particip\u00f3 en el\ninforme pon\u00eda el ejemplo del derecho mercantil, donde el \u00edndice de fraude es\nalt\u00edsimo y, sin embargo, no existe esa incredulidad por parte de la polic\u00eda,\nfiscal\u00eda, jueces, en relaci\u00f3n a la persona que denuncia un delito. Cuando te\nroban un m\u00f3vil no te preguntan si hab\u00edas bebido y por tanto no hab\u00edas protegido\nel objeto robado.<\/p>\n\n\n\n<p class=\"wp-block-paragraph\">Desde\nel momento de la violaci\u00f3n o cualquier otra forma de violencia sexual,\nindependientemente de que la mujer decida denunciar o no, esta se enfrenta a la\nfalta de protocolos claros de actuaci\u00f3n y a la ausencia de formaci\u00f3n espec\u00edfica\nde los profesionales que las atienden (polic\u00eda, personal m\u00e9dico, forense y\njudicial). Esto deja v\u00eda libre a estereotipos y prejuicios que ponen en duda\nlos testimonios de las v\u00edctimas, minimizan las violaciones que sufren, e\nincluso las responsabiliza de las mismas.<\/p>\n\n\n\n<p class=\"wp-block-paragraph\">No\ndigo agresi\u00f3n sexual, porque creo que en este tipo de an\u00e1lisis debemos huir de\nla \u201cagresi\u00f3n tipo\u201d, que es la que tiene todo el mundo en el imaginario. Hay\nmuchas violencias sexuales que desgraciadamente est\u00e1n muy ocultas y, si las\nmujeres tienen muchos problemas cuando enfrentan las violencias sexuales que\ntodo el mundo tiene en el imaginario, qu\u00e9 no pasar\u00e1 con aquellas otras mujeres\nque sufren violencias sexuales m\u00e1s ocultas.<\/p>\n\n\n\n<p class=\"wp-block-paragraph\"><strong><em>\u00bfPor qu\u00e9\nesa l\u00ednea tan fina que nos puede llevar de ser v\u00edctimas a ser las culpables?\n\u00bfQu\u00e9 clich\u00e9s permiten esto?<\/em><\/strong><\/p>\n\n\n\n<p class=\"wp-block-paragraph\">En\nla sociedad hay estereotipos que necesitan cambiar. Pero lo realmente grave es\nque esos estereotipos condicionen la intervenci\u00f3n de los operadores jur\u00eddicos y\npoliciales, repercutiendo en el tratamiento que dan a las v\u00edctimas y en las\ndecisiones que toman. Al final, es un delito en el que la v\u00edctima tiene que\nconvencer de que se comport\u00f3 de manera adecuada y no se merece lo que le ha\nsucedido.<\/p>\n\n\n\n<p class=\"wp-block-paragraph\">La\nfalta de una adecuada formaci\u00f3n con perspectiva de g\u00e9nero de las personas que\natienden a v\u00edctimas de violencia sexual pone en riesgo el respeto de los\nderechos de las mujeres. \u00abLas preguntas eran muy repetitivas, y hac\u00eda como\ncaras, me hac\u00eda sentir inc\u00f3moda, porque yo ve\u00eda en su cara que no me\ncre\u00eda\u00bb, relat\u00f3 Blanca (nombre ficticio) a Amnist\u00eda Internacional sobre el\ninterrogatorio al que se la someti\u00f3 al presentar la denuncia en comisar\u00eda. Es\nuno de tantos ejemplos.<\/p>\n\n\n\n<p class=\"wp-block-paragraph\">La\nropa de la v\u00edctima, la hora en que se produjo la violaci\u00f3n, si hab\u00eda bebido o\nno, su nacionalidad, no pueden ser argumentos utilizados para mermar su\ncredibilidad cuando llegan a comisar\u00eda a poner una denuncia, o cuando son\natendidas en un hospital por personal forense. La suerte de la v\u00edctima no puede\ndepender de la sensibilidad de la persona que la reciba.<\/p>\n\n\n\n<p class=\"wp-block-paragraph\"><strong>\u201cNo hay pol\u00edticas p\u00fablicas a nivel\nestatal para luchar contra la violencia sexual\u201d<\/strong><\/p>\n\n\n\n<p class=\"wp-block-paragraph\">Durante\nla jornada que Amnist\u00eda Internacional celebr\u00f3 el 5 de octubre, usted hablaba de\n\u201cloter\u00eda\u201d al referirse a los derechos de las v\u00edctimas en funci\u00f3n de la\ncomunidad aut\u00f3noma en la que residan. \u00bfEn qu\u00e9 se traduce esto?<\/p>\n\n\n\n<p class=\"wp-block-paragraph\">Una\nde las conclusiones del informe es que no hay pol\u00edticas p\u00fablicas a nivel\nestatal para luchar contra la violencia sexual. La violencia que se produce en\nel \u00e1mbito de la pareja o ex pareja s\u00ed entr\u00f3 en la agenda del gobierno central y\nacab\u00f3 derivando en una ley, la Ley integral contra la violencia de g\u00e9nero de\n2004, m\u00e1s o menos imperfecta y que tiene que ser renovada, pero que permiti\u00f3\ncentrar la atenci\u00f3n en esa violencia espec\u00edfica y estableci\u00f3 un marco. Pero no\nexiste ese marco en la violencia sexual, a pesar de que es una violencia de\ng\u00e9nero, porque la mayor\u00eda abrumadora de las v\u00edctimas son mujeres y ni\u00f1as.<\/p>\n\n\n\n<p class=\"wp-block-paragraph\">Las\npocas normativas o recursos que encontramos se han desarrollado a nivel de\ncomunidades aut\u00f3nomas y por eso la atenci\u00f3n es muy desigual. No tenemos un\nmarco que garantice unos est\u00e1ndares m\u00ednimos que tienen que ser conforme a los\nest\u00e1ndares internacionales: Convenio de Estambul, por ejemplo.<\/p>\n\n\n\n<p class=\"wp-block-paragraph\">As\u00ed,\nencontramos que en Andaluc\u00eda se hab\u00eda desarrollado un sistema de atenci\u00f3n a las\nv\u00edctimas donde las mujeres con las que hemos hablado se muestran satisfechas\ncon el trato recibido, el respeto de los tiempos, el tipo de acompa\u00f1amiento. En\nGalicia no existe nada. En Catalu\u00f1a, si estabas en Barcelona y ca\u00edas en el\nhospital de referencia, iba estupendo, pero si vas a una comisar\u00eda en otro\nlugar, no iba tan bien. 9 comunidades aut\u00f3nomas (Arag\u00f3n, Baleares, Canarias,\nExtremadura, Euskadi, Galicia, La Rioja, Murcia y Navarra, adem\u00e1s de Ceuta y\nMelilla, carecen de centros de atenci\u00f3n especializados para v\u00edctimas de\nviolencia sexual.<\/p>\n\n\n\n<p class=\"wp-block-paragraph\">Una\nde las primeras preguntas que nos hicimos al plantear la investigaci\u00f3n fue: si\nsoy violada, \u00bfqu\u00e9 tengo que hacer? Y nos dimos cuenta de que ninguna mujer\nsab\u00eda qu\u00e9 hacer. Es m\u00e1s, seg\u00fan la comunidad aut\u00f3noma donde vivas tendr\u00e1s que\nhacer una cosa diferente. O incluso en la misma comunidad, como por ejemplo la\nComunidad de Madrid, no va ser igual lo que tengas que hacer si sufres una\nagresi\u00f3n en Madrid capital o es en Alcal\u00e1 de Henares. Aunque la atenci\u00f3n\nm\u00e9dica, incluida la exploraci\u00f3n ginecol\u00f3gica, est\u00e1 garantiza, existen\ndiferencias en cuanto al procedimiento a seguir. En Andaluc\u00eda se puede acudir\nal centro m\u00e9dico antes o despu\u00e9s de la denuncia, mientras que en Madrid\ncapital, hay que denunciar antes de acudir al \u00fanico hospital de referencia, la\nPaz, para garantizar la presencia de personal forense.<\/p>\n\n\n\n<p class=\"wp-block-paragraph\">Todo\nello deriva a un proceso de revictimizaci\u00f3n desde el primer momento. Un\ncuestionamiento, una burocracia, un periplo por el que tiene que pasar la mujer\npara la salvaguarda de evidencias, la tortura de tener que contar muchas veces\nlo que sucedi\u00f3\u2026<\/p>\n\n\n\n<p class=\"wp-block-paragraph\">Tendr\u00eda\nque haber un marco estatal que establezca las garant\u00edas y los pasos que tiene\nque dar una persona que ha sufrido violencia sexual. Estamos tambi\u00e9n proponiendo\nalgo que existe en otros pa\u00edses, los \u201ccentros de crisis\u201d, es decir, centros con\npersonal multidisciplinar con una verdadera especializaci\u00f3n en violencia\nsexual, disponibles las 24 horas, los 7 d\u00edas de la semana, los 365 d\u00edas del\na\u00f1o, tal y como establece el Consejo de Europa. Y un tel\u00e9fono de 24 horas\nespecializado, con profesionales formadas que sepan c\u00f3mo dirigir a la persona\nque ha sido v\u00edctima de una agresi\u00f3n, para que pueda tener primero asistencia y\nque la denuncia sea secundaria. Porque habr\u00e1 personas que quieran denunciar,\notras que necesiten tiempo para hacerlo, otras que no quieran.<\/p>\n\n\n\n<p class=\"wp-block-paragraph\">Cuando\nr\u00e1pidamente relacionamos la violencia sexual con la denuncia es porque estamos\npensando en esa agresi\u00f3n del libro, la que hace un desconocido, en un callej\u00f3n\u2026\n\u00bfQu\u00e9 pasa si es en el \u00e1mbito laboral?, \u00bfQu\u00e9 pasa con mujeres que est\u00e1n en\nsituaci\u00f3n irregular y est\u00e1n trabajando en el servicio dom\u00e9stico?, \u00bfQu\u00e9 pasa\ncuando es un familiar quien agrede? Hay que establecer mecanismos que permitan\nque cualquier persona que ha sufrido violencia sexual pueda acceder a\ninformaci\u00f3n y en segundo lugar a protecci\u00f3n y acompa\u00f1amiento, como se ha\nprevisto en la violencia que se produce en una pareja.<\/p>\n\n\n\n<p class=\"wp-block-paragraph\"><strong><em>La\nviolencia sexual es violencia de g\u00e9nero. Afecta a 1 de cada 2 mujeres, seg\u00fan la\nAgencia de Derechos Fundamentales de la Uni\u00f3n Europea (FRA)<\/em><\/strong><\/p>\n\n\n\n<p class=\"wp-block-paragraph\">El\npacto de Estado contra la violencia de g\u00e9nero no presta la suficiente atenci\u00f3n\na la violencia sexual. S\u00f3lo 30 medidas de 200 \u00bfPor qu\u00e9 la violencia sexual\nsigue todav\u00eda sin ser considerada legislativa y judicialmente una violencia\nmachista?<\/p>\n\n\n\n<p class=\"wp-block-paragraph\">La\nviolencia sexual es violencia de g\u00e9nero, pero nuestras leyes no lo recogen as\u00ed.\n<\/p>\n\n\n\n<p class=\"wp-block-paragraph\">Pongamos\nun ejemplo: si a una mujer en situaci\u00f3n irregular en Espa\u00f1a quien le agrede es\nsu pareja o ex pareja, va a tener toda la protecci\u00f3n que brinda la ley integral\ncontra la violencia de g\u00e9nero, en cuanto a asistencia, protecci\u00f3n, incluso\nprotecci\u00f3n a una posible expulsi\u00f3n. Pero si esa mujer sufre la misma agresi\u00f3n\npor parte de un amigo o un conocido, no va a tener ning\u00fan tipo de protecci\u00f3n, y\npuede pasar que si accede a una comisar\u00eda lo primero que haga la polic\u00eda es\nincoarle un expediente de expulsi\u00f3n en base a su situaci\u00f3n de irregularidad.<\/p>\n\n\n\n<p class=\"wp-block-paragraph\">Las\nautoridades todav\u00eda muestran desidia o desinter\u00e9s para impulsar los cambios\nnecesarios. Es algo que no est\u00e1 en la agenda pol\u00edtica, tal vez tambi\u00e9n por los\nestereotipos. Pareciera que \u201ca las buenas mujeres no les pasan esas cosas\u201d.<\/p>\n\n\n\n<p class=\"wp-block-paragraph\">Pero\nconviene recordar que en Espa\u00f1a, entre enero y junio de 2018 se denunciaron 801\nviolaciones, m\u00e1s de 4 al d\u00eda, seg\u00fan datos del Ministerio del Interior.<\/p>\n\n\n\n<p class=\"wp-block-paragraph\">Exacto.\nLa violencia sexual afecta a 1 de cada 2 mujeres, seg\u00fan la Agencia de Derechos\nFundamentales de la Uni\u00f3n Europea (FRA), o a m\u00e1s de 3.251.000 (13,7%), seg\u00fan la\nMacroencuesta sobre Violencia contra las Mujeres de 2015. Estos s\u00f3lo son\nalgunos de los datos que se manejan, provenientes de encuestas, pero que no\npermiten conocer la dimensi\u00f3n real de la violencia sexual. La falta de datos\noficiales invisibiliza y minimiza este problema.<\/p>\n\n\n\n<p class=\"wp-block-paragraph\">Hay\nestereotipos creados en torno a las v\u00edctimas. Pero tambi\u00e9n en torno a la figura\ndel agresor. Quienes violan no son psic\u00f3patas desconocidos para las v\u00edctimas.\nDe hecho, s\u00f3lo un 18,5% de los agresores son completamente desconocidos y un\n80-90% de las violaciones las llevan a cabo personas del entorno (t\u00edos,\nhermanos, vecinos, padres, abuelos\u2026) \u00bfQu\u00e9 consecuencias tienen estos\nestereotipos?<\/p>\n\n\n\n<p class=\"wp-block-paragraph\">La\nrealidad demuestra que la mayor\u00eda las violaciones se producen en entornos\nconocidos y eso frena mucho que las mujeres denuncien porque no se sienten\nrespaldadas por el sistema. Cuando entrevistamos a mujeres que hab\u00edan sido\nagredidas por el entorno cercano nos comentaban c\u00f3mo hab\u00edan sido cuestionadas\npor la sociedad y la administraci\u00f3n. Incluso, muchas son avisadas por los\nmismos abogados: mejor no denunciar porque nadie las va a creer. Es por esos\ncuestionamientos previos que muchas veces tardan en denunciar y eso acrecenta\na\u00fan m\u00e1s la desconfianza. Todo termina repercutiendo en eso: el cuestionamiento.\nY es un freno que la va a bloquear e impedir seguir buscando justicia.<\/p>\n\n\n\n<p class=\"wp-block-paragraph\"><strong>\u201cLo que tiene que quedar claro es que\nel eje central de todo es el consentimiento\u201d<\/strong><\/p>\n\n\n\n<p class=\"wp-block-paragraph\">El\nhecho de que las violaciones se den en el entorno cercano puede llevarnos al\nmenos a dos conclusiones. Por un lado explica la dificultad para denunciar por\nparte de las mujeres. Pero tambi\u00e9n nos lleva a deducir que la violaci\u00f3n est\u00e1\nmucho m\u00e1s presente y naturalizada en la vida de las ni\u00f1as y mujeres de lo que\nqueremos pensar. Patricia Sim\u00f3n, en el pr\u00f3logo de \u2018Creedme\u2019, dice que todas las\nmujeres en alg\u00fan momento hemos pensado como reaccionar\u00edamos ante una violaci\u00f3n.<\/p>\n\n\n\n<p class=\"wp-block-paragraph\"><br>\nEfectivamente. Y te lo planteas y no sabr\u00edas que hacer. No est\u00e1 claro. Y cada\npersona reacciona de un modo diferente.<\/p>\n\n\n\n<p class=\"wp-block-paragraph\">A\npartir de la sentencia de \u2018la manada\u2019 y todo lo que sucedi\u00f3 en torno a ella,\ncomenz\u00f3 a reclamarse un cambio en el C\u00f3digo Penal. En la campa\u00f1a electoral de\nabril varios partidos anunciaron la reforma de los delitos sexuales para\ndefinir la violaci\u00f3n como sexo sin consentimiento y no en base al uso de la\nfuerza o intimidaci\u00f3n. \u00bfCu\u00e1l es su punto de vista sobre esta reforma?<\/p>\n\n\n\n<p class=\"wp-block-paragraph\">Lo\nque tiene que quedar claro es que el eje central de todo es el consentimiento.\nCualquier acto no consentido es agresi\u00f3n, violaci\u00f3n o es violencia sexual. Tal\ny como est\u00e1 actualmente el C\u00f3digo Penal y el cap\u00edtulo de los delitos contra la\nintegridad y libertad sexual, no se est\u00e1 haciendo pedagog\u00eda y no se respeta el\ncriterio del consentimiento. Necesitamos que el C\u00f3digo Penal lo deje claro\nporque en este momento est\u00e1 farragoso. Efectivamente tienes que establecer una\nserie de criterios y baremos para que la conducta sea m\u00e1s o menos gravada seg\u00fan\nsu importancia. Pero tiene que quedar claro que el eje es la falta de\nconsentimiento.<\/p>\n\n\n\n<p class=\"wp-block-paragraph\">Por\notro lado, las leyes ayudan, pero no solucionan todo. La justicia es importante\npero la buena justicia repara y un buen trato y un buen acompa\u00f1amiento cuando\nuna mujer va a denunciar ya est\u00e1 reparando.<\/p>\n\n\n\n<p class=\"wp-block-paragraph\">Hasta\nllegar a un procedimiento judicial hay muchos pasos que dar que est\u00e1n fallando.\nLa ley tiene que revisarse con una perspectiva de g\u00e9nero inminente y de\nentendimiento de lo que es violencia sexual. \u201cLa perspectiva de g\u00e9nero es\ntambi\u00e9n una metodolog\u00eda a la hora de juzgar\u201d, dice Gloria Poyatos, y la ley\ntiene que acompa\u00f1ar esa metodolog\u00eda, sobre todo cuando hablamos de delitos que\nafectan especialmente a las mujeres.<\/p>\n\n\n\n<p class=\"wp-block-paragraph\">Creemos\nque tiene que haber un marco com\u00fan que trabaje la violencia sexual como un tipo\nde violencia de g\u00e9nero. Creemos que debe haber una ley integral, pero se pueden\nempezar a hacer cosas. No cuesta tanto poner un tel\u00e9fono 24 horas con personas\nespecializadas, se puede promover la formaci\u00f3n de los operadores, se puede\nempezar a promover protocolos adecuados que no permitan el cuestionamiento de\nlas mujeres.<\/p>\n\n\n\n<p class=\"wp-block-paragraph\">A\npesar de todo, a pesar de todas las dificultades y trabas, las denuncias siguen\naumentando. En 2019 hay un 11% de denuncias m\u00e1s en relaci\u00f3n al 2018.<\/p>\n\n\n\n<p class=\"wp-block-paragraph\">Por\nuna parte esto tiene que ver con la visibilidad que se ha ido produciendo a\npartir de la sentencia \u2018la manada\u2019, de las movilizaciones feministas, del Mee\ntoo. Las denuncias son la punta del iceberg, pero el hecho de visibilizar anima\na que muchas mujeres denuncien y exijan justicia y reparaci\u00f3n. Pero es muy\ncomplicado saber si antes no se denunciaba o no se estaban recogiendo las\ndenuncias. Y tambi\u00e9n es cierto que una de las mayores dificultades que nos\nencontramos en la investigaci\u00f3n es la ausencia de datos.<\/p>\n\n\n\n<p class=\"wp-block-paragraph\">Una\nmujer que ha sufrido violencia sexual puede tener una actitud de fortaleza y\nb\u00fasqueda de justicia<\/p>\n\n\n\n<p class=\"wp-block-paragraph\">Hay\nuna cuesti\u00f3n fundamental en el enfoque de la violencia sexual y es qu\u00e9 pasa\ndespu\u00e9s en la vida de una superviviente. Todav\u00eda la imagen que prevalece es que\ntu vida se acab\u00f3, es algo de lo que jam\u00e1s vas a recuperar. No creemos, a pesar\nde que la experiencia nos dice lo contrario, que una mujer que ha sufrido\nviolencia sexual pueda tener una actitud de fortaleza y b\u00fasqueda de justicia.<\/p>\n\n\n\n<p class=\"wp-block-paragraph\">Es\nun hecho dram\u00e1tico importante pero no tiene por qu\u00e9 detener tu vida. El ser\nhumano es capaz de mucho. Cada persona es un mundo, habr\u00e1 v\u00edctimas que\nnecesiten mucho apoyo, otras no tanto, habr\u00e1 quien necesite tiempo.<\/p>\n\n\n\n<p class=\"wp-block-paragraph\">Los\nmedios de comunicaci\u00f3n tienen una funci\u00f3n o responsabilidad pedag\u00f3gica muy\nimportante. Y lo cierto es que se sigue penalizando que una mujer pueda rehacer\nsu vida y ser feliz cuando sufre una violaci\u00f3n. Tenemos muy estereotipado todo.\nY el cuestionamiento de la v\u00edctima se da en todos los pasos. Antes, durante y\ndespu\u00e9s de una experiencia de violencia sexual.<\/p>\n\n\n\n<p class=\"wp-block-paragraph\">\u00bfEl\navance de la ultraderecha puede paralizar los cambios necesarios y reclamados\npor la amplia mayor\u00eda de las mujeres?<\/p>\n\n\n\n<p class=\"wp-block-paragraph\">Hay\nque intentar seguir empujando. Creo que los cambios son imparables. Las\nmujeres, independientemente de la ideolog\u00eda, estamos conquistando una serie de\nderechos y quiero pensar que a pesar de todo, eso no se va a detener.<\/p>\n\n\n\n<p class=\"wp-block-paragraph\">SEM-AmecoPress\/gl<\/p>\n","protected":false},"excerpt":{"rendered":"<p>Virginia \u00c1lvarez: faltan pol\u00edticas p\u00fablicas para atender a v\u00edctimas de violencia sexual<\/p>\n","protected":false},"author":3,"featured_media":13958,"comment_status":"open","ping_status":"open","sticky":false,"template":"","format":"standard","meta":{"_monsterinsights_skip_tracking":false,"footnotes":""},"categories":[690,53],"tags":[],"class_list":["post-13957","post","type-post","status-publish","format-standard","has-post-thumbnail","category-690","category-internacional"],"_links":{"self":[{"href":"https:\/\/redsemlac.com\/semmexico\/wp-json\/wp\/v2\/posts\/13957","targetHints":{"allow":["GET"]}}],"collection":[{"href":"https:\/\/redsemlac.com\/semmexico\/wp-json\/wp\/v2\/posts"}],"about":[{"href":"https:\/\/redsemlac.com\/semmexico\/wp-json\/wp\/v2\/types\/post"}],"author":[{"embeddable":true,"href":"https:\/\/redsemlac.com\/semmexico\/wp-json\/wp\/v2\/users\/3"}],"replies":[{"embeddable":true,"href":"https:\/\/redsemlac.com\/semmexico\/wp-json\/wp\/v2\/comments?post=13957"}],"version-history":[{"count":0,"href":"https:\/\/redsemlac.com\/semmexico\/wp-json\/wp\/v2\/posts\/13957\/revisions"}],"wp:featuredmedia":[{"embeddable":true,"href":"https:\/\/redsemlac.com\/semmexico\/wp-json\/wp\/v2\/media\/13958"}],"wp:attachment":[{"href":"https:\/\/redsemlac.com\/semmexico\/wp-json\/wp\/v2\/media?parent=13957"}],"wp:term":[{"taxonomy":"category","embeddable":true,"href":"https:\/\/redsemlac.com\/semmexico\/wp-json\/wp\/v2\/categories?post=13957"},{"taxonomy":"post_tag","embeddable":true,"href":"https:\/\/redsemlac.com\/semmexico\/wp-json\/wp\/v2\/tags?post=13957"}],"curies":[{"name":"wp","href":"https:\/\/api.w.org\/{rel}","templated":true}]}}