{"id":13949,"date":"2019-11-14T17:51:07","date_gmt":"2019-11-14T17:51:07","guid":{"rendered":"https:\/\/redsemlac.com\/semmexico\/?p=13949"},"modified":"2023-07-21T15:14:35","modified_gmt":"2023-07-21T20:14:35","slug":"ya-paso-la-etapa-de-diagnosticos-es-tiempo-de-hacer-politica-publica","status":"publish","type":"post","link":"https:\/\/redsemlac.com\/semmexico\/ya-paso-la-etapa-de-diagnosticos-es-tiempo-de-hacer-politica-publica\/","title":{"rendered":"Ya pas\u00f3 la etapa de diagn\u00f3sticos, es tiempo de hacer pol\u00edtica p\u00fablica"},"content":{"rendered":"\n<p class=\"wp-block-paragraph\"><strong>* Mireya Toto imparte curso en TSJ de\nVeracruz<\/strong><\/p>\n\n\n\n<p class=\"wp-block-paragraph\"><strong>* Necesario evaluar las alerta de\nviolencia de g\u00e9nero<\/strong><\/p>\n\n\n\n<p class=\"wp-block-paragraph\"><strong>Redacci\u00f3n <\/strong><\/p>\n\n\n\n<p class=\"wp-block-paragraph\">SemM\u00e9xico\/BillieParkerNoicias,\nXalapa, Ver 13 noviembre 2019.- En el marco de la estrategia \u201cCero tolerancia a\nla violencia contra las mujeres y ni\u00f1as\u201d, inici\u00f3 el curso-taller denominado\n\u201cEstado de Derecho y alerta de violencia de g\u00e9nero\u201d, organizado por el Tribunal\nSuperior de Justicia, el Consejo de la Judicatura del Estado y la Escuela\nJudicial, impartido por Mireya Toto Guti\u00e9rrez, integrante del Instituto de\nInvestigaciones Jur\u00eddicas de la Universidad Veracruzana, dirigido a juezas,\njueces, secretarios de acuerdo, de estudio y cuenta, auxiliares de sala as\u00ed\ncomo a personal de los distritos judiciales de Xalapa y Coatepec.<\/p>\n\n\n\n<p class=\"wp-block-paragraph\">En\nentrevista, destac\u00f3 que \u201cya no estamos en la etapa de hacer diagn\u00f3sticos;\nestamos en la etapa de las acciones, de las pol\u00edticas p\u00fablicas que deben tener\nseguimiento y evaluaci\u00f3n; y yo creo que, por ejemplo, en el caso de los\nmunicipios es fundamental: tienen sus institutos municipales de la mujer, pero\nest\u00e1n abandonados; carecen de presupuesto, de capacitaci\u00f3n y muchas veces de\narticulaci\u00f3n en sus acciones; por ello es toral atender el \u00e1mbito municipal\u201d.<\/p>\n\n\n\n<p class=\"wp-block-paragraph\">Dijo\nque \u201ces necesario evaluar el cumplimiento de las Alertas de G\u00e9nero; qu\u00e9 es lo\nque ha funcionado, qu\u00e9 es lo que hay que fortalecer y qu\u00e9 falta por hacer; un\naspecto muy importante en el caso del Poder Judicial es la profesionalizaci\u00f3n\nde los jueces y el personal en general para que puedan dictar sus sentencias\ncon perspectiva de g\u00e9nero; eso es fundamental; las tareas que llevan a cabo en\nrelaci\u00f3n con el cumplimiento de la Ley General de Acceso de las mujeres a una\nvida libre de violencia, prev\u00e9 las medidas de protecci\u00f3n, que obviamente\nrequiere la Fiscal\u00eda y que emite el Poder Judicial\u201d.<\/p>\n\n\n\n<p class=\"wp-block-paragraph\">Por\notra parte, sostuvo que \u201ca pesar de que ha transcurrido mucho tiempo desde\nmomentos importantes como fue la sentencia de Campo Algodonero, de la Comisi\u00f3n\nInteramericana de Derechos Humanos; luego con la Ley General de Acceso de las\nMujeres a una vida libre de violencia; los reglamentos, las legislaciones\nestatales, seguimos teniendo un gran d\u00e9ficit; y \u00bfpor qu\u00e9 falla todo esto?, por\nla falta de articulaci\u00f3n de las dependencias; primero al interior de las\nentidades federativas y despu\u00e9s falta una articulaci\u00f3n nacional\u201d.<\/p>\n\n\n\n<p class=\"wp-block-paragraph\">Agreg\u00f3\nque \u201cfalta tambi\u00e9n una mayor armonizaci\u00f3n legislativa y sobre todo mayor\nconcientizaci\u00f3n y conocimiento de los servidores p\u00fablicos sobre el tema; parece\nmentira que desde 2007 tenemos la Ley General de acceso de las mujeres a una\nvida libre de violencia y sigue habiendo, en muchos casos, desconocimiento en\nla materia tanto en la procuraci\u00f3n como en la administraci\u00f3n de justicia\u201d.<\/p>\n\n\n\n<p class=\"wp-block-paragraph\">Finalmente,\ndentro de su diagn\u00f3stico se\u00f1al\u00f3:<\/p>\n\n\n\n<p class=\"wp-block-paragraph\">\u201cUn\nproblema serio que tienen las Alertas de G\u00e9nero es que falta una evaluaci\u00f3n en\ncada entidad federativa en donde hay alertas porque no se pueden quedar\nabiertas ad infinitum; tienen que cerrarse y evaluarse; y en un momento dado\ntiene que determinarse que falt\u00f3 en esa entidad federativa y cu\u00e1les ser\u00edan las\nresponsabilidades, en su caso administrativas o del tipo que surgieren, de los\nfuncionarios que no acataron las acciones inherentes a la alerta; esa parte de\ncarencia de efectos vinculatorios tambi\u00e9n est\u00e1 limitando la eficacia de las\nmismas\u201d.<\/p>\n\n\n\n<p class=\"wp-block-paragraph\">SEM-BPN<\/p>\n","protected":false},"excerpt":{"rendered":"<p>Mireya Toto imparte curso en TSJ de Veracruz<\/p>\n","protected":false},"author":3,"featured_media":13950,"comment_status":"open","ping_status":"open","sticky":false,"template":"","format":"standard","meta":{"_monsterinsights_skip_tracking":false,"footnotes":""},"categories":[690,51],"tags":[],"class_list":["post-13949","post","type-post","status-publish","format-standard","has-post-thumbnail","category-690","category-ejecutivo"],"_links":{"self":[{"href":"https:\/\/redsemlac.com\/semmexico\/wp-json\/wp\/v2\/posts\/13949","targetHints":{"allow":["GET"]}}],"collection":[{"href":"https:\/\/redsemlac.com\/semmexico\/wp-json\/wp\/v2\/posts"}],"about":[{"href":"https:\/\/redsemlac.com\/semmexico\/wp-json\/wp\/v2\/types\/post"}],"author":[{"embeddable":true,"href":"https:\/\/redsemlac.com\/semmexico\/wp-json\/wp\/v2\/users\/3"}],"replies":[{"embeddable":true,"href":"https:\/\/redsemlac.com\/semmexico\/wp-json\/wp\/v2\/comments?post=13949"}],"version-history":[{"count":0,"href":"https:\/\/redsemlac.com\/semmexico\/wp-json\/wp\/v2\/posts\/13949\/revisions"}],"wp:featuredmedia":[{"embeddable":true,"href":"https:\/\/redsemlac.com\/semmexico\/wp-json\/wp\/v2\/media\/13950"}],"wp:attachment":[{"href":"https:\/\/redsemlac.com\/semmexico\/wp-json\/wp\/v2\/media?parent=13949"}],"wp:term":[{"taxonomy":"category","embeddable":true,"href":"https:\/\/redsemlac.com\/semmexico\/wp-json\/wp\/v2\/categories?post=13949"},{"taxonomy":"post_tag","embeddable":true,"href":"https:\/\/redsemlac.com\/semmexico\/wp-json\/wp\/v2\/tags?post=13949"}],"curies":[{"name":"wp","href":"https:\/\/api.w.org\/{rel}","templated":true}]}}