{"id":13946,"date":"2019-11-14T00:15:12","date_gmt":"2019-11-14T00:15:12","guid":{"rendered":"https:\/\/redsemlac.com\/semmexico\/?p=13946"},"modified":"2023-07-21T15:14:35","modified_gmt":"2023-07-21T20:14:35","slug":"30-anos-de-la-caida-del-muro-de-berlin","status":"publish","type":"post","link":"https:\/\/redsemlac.com\/semmexico\/30-anos-de-la-caida-del-muro-de-berlin\/","title":{"rendered":"Especial: 30 a\u00f1os de la ca\u00edda del Muro de Berl\u00edn; checar Alemania Federal no tolerar\u00e1 inflaci\u00f3n, advierte Voy"},"content":{"rendered":"\n<ul class=\"wp-block-list\"><li><strong>Decretan\nlas dos Alemanias una revaluaci\u00f3n del marco oriental<\/strong><\/li><li><strong>Peligrar\u00e1\nel nivel de XX si no se redistribuye la riqueza<\/strong><\/li><\/ul>\n\n\n\n<p class=\"has-small-font-size wp-block-paragraph\"><strong><em>Esta indagaci\u00f3n period\u00edstica no habr\u00eda sido posible sin el apoyo de la Fundaci\u00f3n Friedrich Ebert y la cooperaci\u00f3n decisiva de Isabel Basterra, Elizabeth Klose, Mariane Braig y Peter Sthorandt por sus orientaciones y traducci\u00f3n de charlas, entrevistas y sondeos en ambas Alemanias.<\/em><\/strong><\/p>\n\n\n\n<p class=\"wp-block-paragraph\"><strong>Sexta parte<\/strong><\/p>\n\n\n\n<p class=\"wp-block-paragraph\"><strong>Sara Lovera, enviada\/\nVI, Berl\u00edn, 2 de mayo 1990.-<\/strong> El marco alem\u00e1n \u2013occidental- se coloc\u00f3 desde\nhace 20 a\u00f1os como una de las monedas m\u00e1s fuertes del mundo. Esa estabilidad\nest\u00e1 ahora en peligro, porque se tom\u00f3 la decisi\u00f3n pol\u00edtica de hacer la\nunificaci\u00f3n con la rep\u00fablica Democr\u00e1tica Alemana (RDA) y esto es un error. La\nsociedad alemana no permitir\u00e1 ni un d\u00e9cimo de inflaci\u00f3n y se perder\u00e1 la\nconfianza de los ahorradores.<\/p>\n\n\n\n<p class=\"wp-block-paragraph\">Klaus Voy, economista occidental y coautor de un documento\nque firmaron en febrero economistas de todos los signos y el Banco Central\ncontra la unificaci\u00f3n monetaria, explica los peligros de la medida que contin\u00faa\nen discusi\u00f3n.<\/p>\n\n\n\n<p class=\"wp-block-paragraph\">La unidad monetaria \u201cfue vendida\u201d a la RDA como la mejor\nmanera de vivir excelente, Pero eso \u201ces una ilusi\u00f3n\u201d que ser\u00eda posible s\u00f3lo si\nel gobierno de Kohl fuera capaz de comenzar la redistribuci\u00f3n de la riqueza en\nserio. Lo que est\u00e1 detr\u00e1s no es, seg\u00fan su opini\u00f3n, m\u00e1s que la pol\u00edtica del\npoder y en ello ahora est\u00e1n de acuerdo todas las corrientes y partidos pol\u00edticos.<\/p>\n\n\n\n<p class=\"wp-block-paragraph\">La situaci\u00f3n es tan falsa que es la primera vez, desde que\ntermin\u00f3 la guerra, que el Banco Central se disciplina frente a una medida\npol\u00edtica. El peligro es que bajar\u00e1 el nivel de vida para todos. Los primeros\nafectados ser\u00e1n los habitantes de la RDA, despu\u00e9s \u201cnosotros\u201d.<\/p>\n\n\n\n<p class=\"wp-block-paragraph\">No es dif\u00edcil comprobar lo que Voy se\u00f1ala. En la Rep\u00fablica\nFederal Alemana (RFA) el nivel de vida es muy alto. Los salarios promedio -5\nmil marcos mensuales, aproximadamente 3 mil 500 d\u00f3lares-, garantizan que cada\na\u00f1o hasta 5 millones de familias alemanas visiten Espa\u00f1a y otro mill\u00f3n salga de\nvacaciones a Grecia, los pa\u00edses del Este o Am\u00e9rica.<\/p>\n\n\n\n<p class=\"wp-block-paragraph\">En las calles puede encontrarse sin dificultad continuamente\nmuebles y aparatos electrodom\u00e9sticos en perfecto estado, considerados por los\nhabitantes como desecho; la moda es la m\u00e1s cara y sofisticada de toda Europa y\nmientras m\u00e1s crecen los recursos, la poblaci\u00f3n se mantiene estable desde hace\n20 a\u00f1os.<\/p>\n\n\n\n<p class=\"wp-block-paragraph\">La industria de la RFA es muy fuerte y millonarios capitales\nsalen constantemente hacia el exterior a producir a muy bajos costos. Tres\nmillones de desempleados viven del seguro de desempleo o de la ayuda social;\ns\u00f3lo en Berl\u00edn los 32 mil estudiantes universitarios tienen becas para realizar\nestudios en el exterior, y la posesi\u00f3n promedio de autom\u00f3viles es de tres por\nfamilia.<\/p>\n\n\n\n<p class=\"wp-block-paragraph\">Una sociedad acostumbrada a no tener casi nada de inflaci\u00f3n\nen los \u00faltimos 15 a\u00f1os, \u201cno soportar\u00e1 ni un d\u00e9cimo\u201d y se opondr\u00e1 violentamente\nal aumento de los impuestos \u2013que ya son altos-, coment\u00f3 el economista.<\/p>\n\n\n\n<p class=\"wp-block-paragraph\">Antes de diciembre, afirm\u00f3, si las cosas contin\u00faan \u201chabr\u00e1\nque empezar a buscar culpables\u201d. Lo m\u00e1s grave es que se desestabilizar\u00e1 el\nmercado y esto tambi\u00e9n tendr\u00e1 repercusiones en toda Europa.<\/p>\n\n\n\n<p class=\"wp-block-paragraph\">Una posibilidad es que el Banco Central decrete la\nestabilidad de la moneda y no se aumenten los intereses. Los empresarios\nesperan que la RDA sea un gran mercado, lo que ayudar\u00eda al aumento de la\nproducci\u00f3n. Sin embargo, lo que suceder\u00e1 ser\u00e1 una cat\u00e1strofe en la RDA y \u00bfqui\u00e9n\nla pagar\u00e1?, se pregunta, porque, y agrega, las diferencias son muy grandes. <\/p>\n\n\n\n<p class=\"wp-block-paragraph\">Si el cambio del marco con la RDA es de uno a uno, la\nestabilidad en la RFA no se perder\u00e1. Sin embargo, al bajar los salarios all\u00e1,\nprovocar\u00e1 la salida continua de trabajadores tras el espejismo y crecer\u00e1n los\ndesempleados.<\/p>\n\n\n\n<p class=\"wp-block-paragraph\">Los problemas principales a que se enfrenta el proceso de\nunificaci\u00f3n monetaria y pol\u00edtica son: primero un proceso de derechizaci\u00f3n\nirrefrenable; la diferenciaci\u00f3n social que casi hab\u00eda desaparecido y el\ndesempleo: habr\u00e1 en diciembre votos para la derecha y lo peor, dice \u201cser\u00e1 para\nlos proletarios\u201d.<\/p>\n\n\n\n<p class=\"wp-block-paragraph\">Voy se\u00f1ala que junto con esta situaci\u00f3n la pol\u00edtica\nneoliberal de desregulaci\u00f3n, que en Europa encabez\u00f3 Inglaterra, para Alemania\nplantea nuevos problemas. Tras la guerra, la pol\u00edtica de protecci\u00f3n de la\nproducci\u00f3n y el mercado garantiz\u00f3 no s\u00f3lo la reconstrucci\u00f3n, sino un\ncrecimiento sostenido, tanto que \u201csomos ricos\u201d, pero la apertura, la\nreprivatizaci\u00f3n, la liberalizaci\u00f3n de aranceles y ahora la compra de la RDA,\nhacen una combinaci\u00f3n insoportable.<\/p>\n\n\n\n<p class=\"wp-block-paragraph\">&nbsp;\u201cTen\u00edamos paz\necon\u00f3mica\u201d tercia Mariane Braig, una paz rota desde hace seis meses; la\nincertidumbre es la que pagar\u00e1 estos cambios.<\/p>\n\n\n\n<p class=\"wp-block-paragraph\">Los salarios en la RDA y los precios no tienen ninguna\nrelaci\u00f3n con la RFA; habr\u00e1 que reestructurar la industria, el comercio y el\nconsumo en muy poco tiempo, no sin antes desequilibrar la vida de los alemanes\nde ambos pa\u00edses.<\/p>\n\n\n\n<p class=\"wp-block-paragraph\">Los sectores m\u00e1s d\u00e9biles de la econom\u00eda en la RDA son el\ntransporte, la electricidad; la comunicaci\u00f3n, cuyo retraso tecnol\u00f3gico\nrequerir\u00e1 de fuertes inversiones. La restructuraci\u00f3n m\u00e1s importante es la\nenerg\u00eda basada en el carb\u00f3n, lo cual tendr\u00e1 que desaparecer porque hay zonas\namplias de alta contaminaci\u00f3n que est\u00e1n poniendo en peligro la vida de muchas\npersonas. Durante mucho tiempo en la RDA se negaron a depender del petr\u00f3leo.<\/p>\n\n\n\n<p class=\"wp-block-paragraph\">La industria qu\u00edmica, una de las bases econ\u00f3micas en la RDA,\nno tiene perspectivas; la estructura de la industria es muy parecida a la de\nlos a\u00f1os 50; existe un atraso en la electr\u00f3nica y sin embargo tiene amplias\nperspectivas en la construcci\u00f3n de maquinaria.<\/p>\n\n\n\n<p class=\"wp-block-paragraph\">Adicionalmente en la RDA existen problemas de calificaci\u00f3n\nde mano de obra, lo que puede ser regulado en poco tiempo, porque existen\nbuenos ingenieros. Pero todo el reajuste necesitar\u00e1 cunado menos 10 a\u00f1os.<\/p>\n\n\n\n<p class=\"wp-block-paragraph\">Como Voy los especialistas en cuestiones econ\u00f3micas de la\nConfederaci\u00f3n alemana de Sindicatos han puesto en tela de juicio las medidas\npol\u00edticas del gobierno de la RFA.<\/p>\n\n\n\n<p class=\"wp-block-paragraph\">La apertura del muro para los berlineses del Este ya produjo\nlos primeros desastres: empez\u00f3 la escasez de algunos alimentos y sus fondos se\nest\u00e1n devaluando d\u00eda a d\u00eda con la especulaci\u00f3n del cambio que ya se impone en\ntoda la l\u00ednea fronteriza: no de uno a dos como propone Kohol, sino de uno a\ncinco, como puede comprarse el marco de la RDA en cualquier entrada fronteriza.<\/p>\n","protected":false},"excerpt":{"rendered":"<p>Decretan las dos Alemanias una revaluaci\u00f3n del marco oriental<\/p>\n","protected":false},"author":3,"featured_media":13750,"comment_status":"open","ping_status":"open","sticky":false,"template":"","format":"standard","meta":{"_monsterinsights_skip_tracking":false,"footnotes":""},"categories":[690,128],"tags":[],"class_list":["post-13946","post","type-post","status-publish","format-standard","has-post-thumbnail","category-690","category-30-anos-de-la-caida-del-muro-de-berlin"],"_links":{"self":[{"href":"https:\/\/redsemlac.com\/semmexico\/wp-json\/wp\/v2\/posts\/13946","targetHints":{"allow":["GET"]}}],"collection":[{"href":"https:\/\/redsemlac.com\/semmexico\/wp-json\/wp\/v2\/posts"}],"about":[{"href":"https:\/\/redsemlac.com\/semmexico\/wp-json\/wp\/v2\/types\/post"}],"author":[{"embeddable":true,"href":"https:\/\/redsemlac.com\/semmexico\/wp-json\/wp\/v2\/users\/3"}],"replies":[{"embeddable":true,"href":"https:\/\/redsemlac.com\/semmexico\/wp-json\/wp\/v2\/comments?post=13946"}],"version-history":[{"count":0,"href":"https:\/\/redsemlac.com\/semmexico\/wp-json\/wp\/v2\/posts\/13946\/revisions"}],"wp:featuredmedia":[{"embeddable":true,"href":"https:\/\/redsemlac.com\/semmexico\/wp-json\/wp\/v2\/media\/13750"}],"wp:attachment":[{"href":"https:\/\/redsemlac.com\/semmexico\/wp-json\/wp\/v2\/media?parent=13946"}],"wp:term":[{"taxonomy":"category","embeddable":true,"href":"https:\/\/redsemlac.com\/semmexico\/wp-json\/wp\/v2\/categories?post=13946"},{"taxonomy":"post_tag","embeddable":true,"href":"https:\/\/redsemlac.com\/semmexico\/wp-json\/wp\/v2\/tags?post=13946"}],"curies":[{"name":"wp","href":"https:\/\/api.w.org\/{rel}","templated":true}]}}