{"id":13938,"date":"2019-11-13T22:32:20","date_gmt":"2019-11-13T22:32:20","guid":{"rendered":"https:\/\/redsemlac.com\/semmexico\/?p=13938"},"modified":"2023-07-21T15:14:35","modified_gmt":"2023-07-21T20:14:35","slug":"organizacion-de-periodistas-presenta-queja-contra-rosario-piedra-en-cndh","status":"publish","type":"post","link":"https:\/\/redsemlac.com\/semmexico\/organizacion-de-periodistas-presenta-queja-contra-rosario-piedra-en-cndh\/","title":{"rendered":"Organizaci\u00f3n de periodistas presenta queja contra Rosario Piedra en CNDH"},"content":{"rendered":"\n<ul class=\"wp-block-list\"><li><strong> La queja contra la titular de la CNDH ocurre luego de que Rosario Piedra preguntara que si han asesinado a periodistas. <\/strong><\/li><\/ul>\n\n\n\n<p class=\"wp-block-paragraph\"> <strong>Francisco Mej\u00eda\/Milenio<\/strong><\/p>\n\n\n\n<p class=\"wp-block-paragraph\">SemM\u00e9xico\/Milenio. Ciudad de M\u00e9xico. 13 de noviembre 2019.- La organizaci\u00f3n civil&nbsp;<strong>Periodistas Desplazados M\u00e9xico<\/strong>&nbsp;present\u00f3 una&nbsp;<strong>queja&nbsp;<\/strong>ante la Comisi\u00f3n Nacional de Derechos Humanos (<strong>CNDH<\/strong>), contra su&nbsp;<strong>reci\u00e9n nombrada titular, Rosario Piedra Ibarra<\/strong>,&nbsp;quien ante la pregunta de reporteros, sobre los asesinatos de comunicadores, respondi\u00f3:&nbsp;<strong>\u201c\u00bfhan asesinado periodistas?\u201d.<\/strong><\/p>\n\n\n\n<blockquote class=\"wp-block-quote is-layout-flow wp-block-quote-is-layout-flow\"><p>\u201cCreemos que es una violaci\u00f3n a derechos humanos de las familias de los compa\u00f1eros periodistas asesinados en M\u00e9xico\u201d, se lee en la queja.<\/p><\/blockquote>\n\n\n\n<p class=\"wp-block-paragraph\">De acuerdo con la queja 2019\/ 112204, la respuesta de Piedra Ibarra \u201cprovoca una situaci\u00f3n de vulnerabilidad, ante el&nbsp;<strong>desconocimiento de tan cruda realidad<\/strong>\u201d y m\u00e1s si la respuesta viene de la&nbsp;<strong>titular de la CNDH<\/strong>.<\/p>\n\n\n\n<p class=\"wp-block-paragraph\">Adem\u00e1s \u00abgenera incertidumbre y miedo en aquellos que han sido v\u00edctimas de ataques a sus personas y sus familias por el simple hecho de informar\u201d.<\/p>\n\n\n\n<p class=\"wp-block-paragraph\">En escrito destaca que en el presente sexenio han sido asesinados 13 periodistas.<\/p>\n","protected":false},"excerpt":{"rendered":"<p>La queja contra la titular de la CNDH ocurre luego de que Rosario Piedra preguntara que si han asesinado a periodistas. <\/p>\n","protected":false},"author":3,"featured_media":13939,"comment_status":"open","ping_status":"open","sticky":false,"template":"","format":"standard","meta":{"_monsterinsights_skip_tracking":false,"footnotes":""},"categories":[690,56],"tags":[],"class_list":["post-13938","post","type-post","status-publish","format-standard","has-post-thumbnail","category-690","category-redes"],"_links":{"self":[{"href":"https:\/\/redsemlac.com\/semmexico\/wp-json\/wp\/v2\/posts\/13938","targetHints":{"allow":["GET"]}}],"collection":[{"href":"https:\/\/redsemlac.com\/semmexico\/wp-json\/wp\/v2\/posts"}],"about":[{"href":"https:\/\/redsemlac.com\/semmexico\/wp-json\/wp\/v2\/types\/post"}],"author":[{"embeddable":true,"href":"https:\/\/redsemlac.com\/semmexico\/wp-json\/wp\/v2\/users\/3"}],"replies":[{"embeddable":true,"href":"https:\/\/redsemlac.com\/semmexico\/wp-json\/wp\/v2\/comments?post=13938"}],"version-history":[{"count":0,"href":"https:\/\/redsemlac.com\/semmexico\/wp-json\/wp\/v2\/posts\/13938\/revisions"}],"wp:featuredmedia":[{"embeddable":true,"href":"https:\/\/redsemlac.com\/semmexico\/wp-json\/wp\/v2\/media\/13939"}],"wp:attachment":[{"href":"https:\/\/redsemlac.com\/semmexico\/wp-json\/wp\/v2\/media?parent=13938"}],"wp:term":[{"taxonomy":"category","embeddable":true,"href":"https:\/\/redsemlac.com\/semmexico\/wp-json\/wp\/v2\/categories?post=13938"},{"taxonomy":"post_tag","embeddable":true,"href":"https:\/\/redsemlac.com\/semmexico\/wp-json\/wp\/v2\/tags?post=13938"}],"curies":[{"name":"wp","href":"https:\/\/api.w.org\/{rel}","templated":true}]}}