{"id":13878,"date":"2019-11-13T00:13:44","date_gmt":"2019-11-13T00:13:44","guid":{"rendered":"https:\/\/redsemlac.com\/semmexico\/?p=13878"},"modified":"2023-07-21T15:14:37","modified_gmt":"2023-07-21T20:14:37","slug":"especial-30-anos-de-la-caida-del-muro-de-berlin-waltraud-falk-ex-directora-universitaria","status":"publish","type":"post","link":"https:\/\/redsemlac.com\/semmexico\/especial-30-anos-de-la-caida-del-muro-de-berlin-waltraud-falk-ex-directora-universitaria\/","title":{"rendered":"Especial: 30 a\u00f1os de la ca\u00edda del Muro de Berl\u00edn; Waltraud Falk, ex directora universitaria"},"content":{"rendered":"\n<ul class=\"wp-block-list\"><li><strong>Los\nte\u00f3logos elegir\u00e1n el rumbo de la universidad en la RDA <\/strong><\/li><\/ul>\n\n\n\n<p class=\"wp-block-paragraph\"><strong><em>Esta indagaci\u00f3n period\u00edstica no habr\u00eda sido posible sin el apoyo de la\nFundaci\u00f3n Friedrich Ebert y la cooperaci\u00f3n decisiva de Isabel Basterra,\nElizabeth Klose, Mariane Braig y Peter Sthorandt por sus orientaciones y\ntraducci\u00f3n de charlas, entrevistas y sondeos en ambas Alemanias.<\/em><\/strong><\/p>\n\n\n\n<p class=\"wp-block-paragraph\"><strong>Quinta parte<\/strong><\/p>\n\n\n\n<p class=\"wp-block-paragraph\"><strong>Sara Lovera,\nenviada\/V, Berl\u00edn, 1 de mayo, 1990<\/strong>.-En las calles de Berl\u00edn oriental la\ngente mira c\u00f3mo nace la primavera, la fiebre de refundaci\u00f3n de la \u201cnueva\npatria\u201d empieza a disiparse. Se debilita poco a poco la algarab\u00eda que produjo\nla ca\u00edda del muro.<\/p>\n\n\n\n<p class=\"wp-block-paragraph\">Tras cada fachada de una vivienda hay una inquietud\nindescifrable. Todo se desestructura, cambia. Los estudiantes est\u00e1n de\nvacaciones mientras la c\u00fapula decide c\u00f3mo ser\u00e1 dentro de algunos meses la vida\nen la Universidad de Humboldt, nacida hace 175 a\u00f1os. La primera demanda es\nmantener su autonom\u00eda.<\/p>\n\n\n\n<p class=\"wp-block-paragraph\">En el edificio central, el 9 de abril pasado Waltraud Falk\ndispone su \u00faltimo d\u00eda como directora de la Facultad de Ciencias Sociales. Ya\ntiene el cabello cano y no recuerda en qu\u00e9 momento comenz\u00f3 a reconocer sus errores,\n\u201clos de todos, los de los socialistas que nos negamos a reconocer las fallas\ndel sistema, los que no o\u00edmos que eran necesarias las reformas econ\u00f3micas en\n1980, las pol\u00edticas en 1985, los que todo justificamos en nombre de un sistema\nque ahora result\u00f3 falso. Fuimos intolerantes\u201d.<\/p>\n\n\n\n<p class=\"wp-block-paragraph\">Bur\u00f3crata del partido de Estado, profesora de la Humboldt\ndesde 1956, economista de carrera, doctora en historia \u201cyo sab\u00eda, como muchos\notros que esto ya no ten\u00eda sentido. Ahora sabemos que el 50 por ciento de la\npoblaci\u00f3n ser\u00e1 considerada marginalizada en muy poco tiempo. Mi hija es\ningeniera, gana 700 marcos, mi hijo, en el momento del cambio de moneda ganar\u00e1\n600 marcos. Esta gente ya no podr\u00e1 construir una vida\u201d.<\/p>\n\n\n\n<p class=\"wp-block-paragraph\">La mujer de m\u00e1s de un 1.70 metros de estatura, se dobla ante\nla realidad: \u201cSe va fundar un solo ministerio: Educaci\u00f3n Ciencia, Mujer,\nFamilia y Asuntos Sociales, lo va a dirigir T. Evelyn, el pastor evangelista\nm\u00e1s reaccionario que se conozca en la RDA y eso nos conduc\u00eda a lo\nimprevisible\u201d.<\/p>\n\n\n\n<p class=\"wp-block-paragraph\">Trata de explicarse: \u201cHay una posibilidad. El nuevo rector\nen la Humboltd, J. Fuik, es un te\u00f3logo reconocido, no pertenece a ning\u00fan\npartido pol\u00edtico y ha sido el primero en desechar la idea de reunificar a las\nuniversidades de Humboldt y Libre de Berl\u00edn, porque ello llevar\u00eda al caos. El\nhombre, es cierto, tiene valores cristianos, pero no ideol\u00f3gicos, sin embargo,\nluchar\u00e1 por desarrollar la autonom\u00eda y un nuevo perfil para nuestras\nuniversidades y sus 12 mil estudiantes\u201d.<\/p>\n\n\n\n<p class=\"wp-block-paragraph\">En la oficina universitaria todo queda igual, c\u00f3mo si la\nse\u00f1ora Falk fuera a regresar al d\u00eda siguiente. Sonr\u00ede nerviosa mientras se hace\nla traducci\u00f3n de sus reflexiones: \u201cHasta hoy y desde 1945 la Universidad de\nHumboldt y todo el sistema educativo respondieron a la planificaci\u00f3n central de\nla econom\u00eda. Los estudiantes ahora quieren otra cosa, autonom\u00eda y nuevos\nconocimientos relacionados con el establecimiento del sistema capitalista que\nse empez\u00f3 a implantar ya. La entrada a esta universidad fue muy restringida,\ntodo depender\u00e1 ahora de decisiones pol\u00edticas\u201d.<\/p>\n\n\n\n<p class=\"wp-block-paragraph\">Empezaron a desaparecer las becas. Antes cada estudiante era\nbecado y recib\u00eda materiales de trabajo, libros y disciplina. Hab\u00eda una relaci\u00f3n\nestrecha maestro-alumno. Ahora los te\u00f3logos dir\u00e1n c\u00f3mo ser\u00e1 la ense\u00f1anza.\nMuchos maestros ya han huido a Occidente, y eso tambi\u00e9n es un problema a\nresolver\u201d.<\/p>\n\n\n\n<p class=\"wp-block-paragraph\">\u201cEl atraso en la econom\u00eda del pa\u00eds \u2013contin\u00faa- empez\u00f3 a\nmediados de los a\u00f1os 70, tras un repunte muy importante y despu\u00e9s del impulso\nque hubo en 1968 por cambiar algunas cosas. En 1980 se propusieron reformas que\nno se escucharon, la c\u00fapula del partido consider\u00f3 que no era el memento; la\ncrisis \u2013s\u00f3lo la econ\u00f3mica- apareci\u00f3 descarnada en 1985; el gobierno abri\u00f3 las\npuertas al turismo, pero continu\u00f3 protegiendo totalmente la econom\u00eda interna.\nEn la RDA se produce hasta lo m\u00e1s elemental, con el pretexto de no afectar a\nlos pa\u00edses del Tercer Mundo. Muchas industrias no tendr\u00e1n capacidad de\nsobrevivencia. Si el acuerdo monetario es de 2 por uno, toda la econom\u00eda de la\nRDA se vendr\u00e1 abajo\u201d.<\/p>\n\n\n\n<p class=\"wp-block-paragraph\">La cuesti\u00f3n pol\u00edtica e ideol\u00f3gica es mucho peor, explica. El\nsistema socialista en la RDA fue impuesto por las fuerzas de ocupaci\u00f3n\nsovi\u00e9ticas al t\u00e9rmino de la Segunda Guerra, \u201cmucha gente sinti\u00f3 que el sistema\nera falso\u201d, desconociendo la lucha hist\u00f3rica de los comunistas alemanes y este\nsentimiento fue lo que accion\u00f3 durante las elecciones de marzo pasado y las\nfalsas promesas del oeste.<\/p>\n\n\n\n<p class=\"wp-block-paragraph\">Lo cierto es que el control pol\u00edtico, primero de los nazis y\ndespu\u00e9s de nuestro sistema, \u201cimpidi\u00f3 a nuestra generaci\u00f3n saber algo sobre\ndemocracia. A pesar de que muchos, a\u00fan todav\u00eda, mantenemos firmes nuestras\nideas y principios socialistas, por largos a\u00f1os no reflexionamos sobre lo que\nestaba pasando. Tras la guerra la lucha era por sobrevivir, la gente crey\u00f3 en\nalgo, construy\u00f3 algo, cre\u00edmos en el socialismo. Ahora luchamos por elecciones\nlibres, es triste pensar que no volveremos a votar, si como todo parece, la\nanexi\u00f3n es irrefrenable\u201d.<\/p>\n\n\n\n<p class=\"wp-block-paragraph\">Ahora es diferente, dice mirando hacia sus interlocutoras.\n\u201cYa no puedo recordar cuando empec\u00e9 a aceptar mis errores. Entr\u00e9 al partido en\n1946, dos a\u00f1os despu\u00e9s mi padre, acusado de socialdem\u00f3crata, fue apresado por\nlos sovi\u00e9ticos y recluido un a\u00f1o. Yo segu\u00ed en el partido. En 1964 mi esposo fue\nreprimido y sacado de la universidad por haber invitado a Havelman \u2013el ide\u00f3logo\nde oposici\u00f3n en los a\u00f1os 60- y se fue a la Academia de Ciencias. Ambos, sin\nembargo, continuamos en el partido\u201d.<\/p>\n\n\n\n<p class=\"wp-block-paragraph\">Del mismo modo ocultamos, borramos de la memoria lo que\nhicieron con nuestros familiares y amigos que disent\u00edan. Olvidamos lo que hicieron\ncon ellos los rusos, en los mismos campos donde antes hicieron lo mismo los\nfascistas. En mi pueblo conoc\u00edamos el campo Sachsenhausen, fascista primero,\nruso despu\u00e9s. Pero nadie hablaba de \u00e9l. El campo existe, es de la Stasi (la\npolic\u00eda secreta del r\u00e9gimen en extinci\u00f3n) nadie hab\u00eda querido saber o decir\nnada sobre \u00e9l. Mucho tiempo fuimos cobardes, no escuchamos a Brecht, no\nescuchamos a la historia. Esto nos llev\u00f3 al cambio\u201d.<\/p>\n\n\n\n<p class=\"wp-block-paragraph\">&nbsp;\u201cAhora \u2013prosigue- que\naprendimos a gritar ya no nos callaremos\u201d, asegura la profesora al reconocer\nque la anexi\u00f3n y el ingreso acelerado de la RDA al mundo capitalista traer\u00e1\nnuevas derrotas \u201cpero tambi\u00e9n nuevas luchas. Hemos empezado apenas a darnos\ncuenta que iniciamos con retraso. Atr\u00e1s de la RFA, como un pa\u00eds peque\u00f1o y pobre\nfrente a ello, como una comarca, otra vez ocupada. Perderemos los logros, a\npesar de todo, los logros del socialismo: la seguridad, el empleo, la\nprotecci\u00f3n a la ni\u00f1ez, pero ahora lo sabemos\u201d.<\/p>\n\n\n\n<p class=\"wp-block-paragraph\">Para la se\u00f1ora Falk la responsabilidad la tiene hoy la iglesia\nprotestante, porque bajo su techo se hizo toda la movilizaci\u00f3n social y\npol\u00edtica que acab\u00f3 con el r\u00e9gimen. Sus representantes, dijo, est\u00e1n asustados,\nahora ellos est\u00e1n diciendo, frente al caos, que el Estado no debe perder su\ncara\u201d. Pero, se pregunta \u00bfqui\u00e9n los detendr\u00e1\u2019, refiri\u00e9ndose a la nueva alianza\ngubernamental. <\/p>\n","protected":false},"excerpt":{"rendered":"<p>Los te\u00f3logos elegir\u00e1n el rumbo de la universidad en la RDA <\/p>\n","protected":false},"author":3,"featured_media":13879,"comment_status":"open","ping_status":"open","sticky":false,"template":"","format":"standard","meta":{"_monsterinsights_skip_tracking":false,"footnotes":""},"categories":[690,128],"tags":[],"class_list":["post-13878","post","type-post","status-publish","format-standard","has-post-thumbnail","category-690","category-30-anos-de-la-caida-del-muro-de-berlin"],"_links":{"self":[{"href":"https:\/\/redsemlac.com\/semmexico\/wp-json\/wp\/v2\/posts\/13878","targetHints":{"allow":["GET"]}}],"collection":[{"href":"https:\/\/redsemlac.com\/semmexico\/wp-json\/wp\/v2\/posts"}],"about":[{"href":"https:\/\/redsemlac.com\/semmexico\/wp-json\/wp\/v2\/types\/post"}],"author":[{"embeddable":true,"href":"https:\/\/redsemlac.com\/semmexico\/wp-json\/wp\/v2\/users\/3"}],"replies":[{"embeddable":true,"href":"https:\/\/redsemlac.com\/semmexico\/wp-json\/wp\/v2\/comments?post=13878"}],"version-history":[{"count":0,"href":"https:\/\/redsemlac.com\/semmexico\/wp-json\/wp\/v2\/posts\/13878\/revisions"}],"wp:featuredmedia":[{"embeddable":true,"href":"https:\/\/redsemlac.com\/semmexico\/wp-json\/wp\/v2\/media\/13879"}],"wp:attachment":[{"href":"https:\/\/redsemlac.com\/semmexico\/wp-json\/wp\/v2\/media?parent=13878"}],"wp:term":[{"taxonomy":"category","embeddable":true,"href":"https:\/\/redsemlac.com\/semmexico\/wp-json\/wp\/v2\/categories?post=13878"},{"taxonomy":"post_tag","embeddable":true,"href":"https:\/\/redsemlac.com\/semmexico\/wp-json\/wp\/v2\/tags?post=13878"}],"curies":[{"name":"wp","href":"https:\/\/api.w.org\/{rel}","templated":true}]}}