{"id":13838,"date":"2019-11-12T19:24:54","date_gmt":"2019-11-12T19:24:54","guid":{"rendered":"https:\/\/redsemlac.com\/semmexico\/?p=13838"},"modified":"2023-07-21T15:13:42","modified_gmt":"2023-07-21T20:13:42","slug":"rosario-piedra-ibarra-no-rinde-protesta-como-presidenta-de-la-cndh-se-repondra-procedimiento","status":"publish","type":"post","link":"https:\/\/redsemlac.com\/semmexico\/rosario-piedra-ibarra-no-rinde-protesta-como-presidenta-de-la-cndh-se-repondra-procedimiento\/","title":{"rendered":"Rosario Piedra Ibarra no rinde protesta como presidenta de la CNDH, se repondr\u00e1 procedimiento"},"content":{"rendered":"\n<p class=\"wp-block-paragraph\"><strong>Redacci\u00f3n<\/strong><\/p>\n\n\n\n<p class=\"wp-block-paragraph\">SemM\u00e9xico. Cd. de M\u00e9xico. 12 de noviembre de 2019.- El coordinador de los Senadores de Morena, Ricardo Monreal anunci\u00f3 que habr\u00e1 un nuevo proceso de selecci\u00f3n para elegir al titular de la Comisi\u00f3n Nacional de los Derechos Humanos (CNDH).<\/p>\n\n\n\n<p class=\"wp-block-paragraph\">Esta ma\u00f1ana, en el Senado donde Rosario Piedra rendir\u00eda protesta como titular del organismo aut\u00f3nomo, panistas clausuraron los accesos al Sal\u00f3n de Sesiones y afuera, en los alrededores del recinto legislativo, manifestantes de padres de familia de ni\u00f1os con c\u00e1ncer, ind\u00edgenas y de personas que exigen la aparici\u00f3n con vida de familiares, tienen cerrado los accesos principales.<\/p>\n\n\n\n<p class=\"wp-block-paragraph\">Adem\u00e1s,&nbsp;el grupo parlamentario del PAN en el Senado impugn\u00f3 formalmente el proceso para nombrar al titular de la Comisi\u00f3n y solicit\u00f3 dejar sin efectos la determinaci\u00f3n sobre el resultado de la votaci\u00f3n en la que result\u00f3 ganadora Rosario Piedra Ibarra, adem\u00e1s de reponer todo el procedimiento legislativo.<\/p>\n\n\n\n<p class=\"wp-block-paragraph\">En un documento, panistas se\u00f1alaron que la elecci\u00f3n se apart\u00f3 de la normatividad aplicable al haber determinado que la activista obtuvo los votos suficientes, cuando pruebas fehacientes demuestran que en el proceso participaron 116 senadores, de modo que no se reuni\u00f3 el qu\u00f3rum m\u00ednimo de votaci\u00f3n.\u00a0<\/p>\n\n\n\n<p class=\"wp-block-paragraph\">Al respecto Monreal se\u00f1al\u00f3 que est\u00e1 de vicios responde a que \u201cno queremos que haya dudas, porque nosotros somos hombres limpios y Morena, como Grupo Parlamentario, no puede estar sometido a la duda o a la desconfianza.<\/p>\n\n\n\n<p class=\"wp-block-paragraph\">No tiene precedente hist\u00f3rico, no hay, incluso, ning\u00fan fundamento jur\u00eddico para hacerlo. Sin embargo, es de voluntad pol\u00edtica, con el riesgo de que no se logre la mayor\u00eda.&nbsp;Es una nueva elecci\u00f3n.\u201d&nbsp;<\/p>\n\n\n\n<p class=\"wp-block-paragraph\">En este sentido puntualiz\u00f3 que ser\u00e1n las mismas personas candidatas las que participan en esta nueva elecci\u00f3n.<\/p>\n\n\n\n<p class=\"wp-block-paragraph\">\u201dLo que estamos aceptando es que es conveniente no dejar dudas, que no haya suspicacias, que no haya desconfianza, no lo merece ni el Senado ni la Comisi\u00f3n Nacional de Derechos Humanos\u201d dijo Monreal.&nbsp;<\/p>\n\n\n\n<p class=\"wp-block-paragraph\">Finalmente se\u00f1al\u00f3 que la votaci\u00f3n tendr\u00eda que hacerse hoy mismo.&nbsp;<\/p>\n\n\n\n<p class=\"wp-block-paragraph\">SEM\/GR<\/p>\n","protected":false},"excerpt":{"rendered":"<p>Esta ma\u00f1ana, en el Senado donde Rosario Piedra rendir\u00eda protesta como titular del organismo aut\u00f3nomo, panistas clausuraron los accesos al Sal\u00f3n de Sesiones y afuera<\/p>\n","protected":false},"author":3,"featured_media":13839,"comment_status":"open","ping_status":"open","sticky":false,"template":"","format":"standard","meta":{"_monsterinsights_skip_tracking":false,"footnotes":""},"categories":[690,50],"tags":[],"class_list":["post-13838","post","type-post","status-publish","format-standard","has-post-thumbnail","category-690","category-congreso"],"_links":{"self":[{"href":"https:\/\/redsemlac.com\/semmexico\/wp-json\/wp\/v2\/posts\/13838","targetHints":{"allow":["GET"]}}],"collection":[{"href":"https:\/\/redsemlac.com\/semmexico\/wp-json\/wp\/v2\/posts"}],"about":[{"href":"https:\/\/redsemlac.com\/semmexico\/wp-json\/wp\/v2\/types\/post"}],"author":[{"embeddable":true,"href":"https:\/\/redsemlac.com\/semmexico\/wp-json\/wp\/v2\/users\/3"}],"replies":[{"embeddable":true,"href":"https:\/\/redsemlac.com\/semmexico\/wp-json\/wp\/v2\/comments?post=13838"}],"version-history":[{"count":0,"href":"https:\/\/redsemlac.com\/semmexico\/wp-json\/wp\/v2\/posts\/13838\/revisions"}],"wp:featuredmedia":[{"embeddable":true,"href":"https:\/\/redsemlac.com\/semmexico\/wp-json\/wp\/v2\/media\/13839"}],"wp:attachment":[{"href":"https:\/\/redsemlac.com\/semmexico\/wp-json\/wp\/v2\/media?parent=13838"}],"wp:term":[{"taxonomy":"category","embeddable":true,"href":"https:\/\/redsemlac.com\/semmexico\/wp-json\/wp\/v2\/categories?post=13838"},{"taxonomy":"post_tag","embeddable":true,"href":"https:\/\/redsemlac.com\/semmexico\/wp-json\/wp\/v2\/tags?post=13838"}],"curies":[{"name":"wp","href":"https:\/\/api.w.org\/{rel}","templated":true}]}}