{"id":13818,"date":"2019-11-11T22:41:33","date_gmt":"2019-11-11T22:41:33","guid":{"rendered":"https:\/\/redsemlac.com\/semmexico\/?p=13818"},"modified":"2023-07-21T15:13:42","modified_gmt":"2023-07-21T20:13:42","slug":"cuba-27","status":"publish","type":"post","link":"https:\/\/redsemlac.com\/semmexico\/cuba-27\/","title":{"rendered":"Cuba: Machismo impacta en la salud sexual de los hombres"},"content":{"rendered":"\n<ul class=\"wp-block-list\"><li><strong>Necesario cuestionar los\u00a0<a rel=\"noreferrer noopener\" href=\"http:\/\/redsemlac-cuba.net\/salud\/modelos-patriarcales-impactan-en-la-salud-de-los-hombres.html?fbclid=IwAR3WDa9u6fj3mdEKR7QUtyf5XjRQJZzqu3ENwW-hSyeB4YNnOXLCqHTA1D8\" target=\"_blank\">modelos de masculinidad tradicional y los comportamientos de riesgo<\/a><\/strong><\/li><li><strong>Pr\u00e1cticas nocivas por la creencia de que son resistentes<\/strong><\/li><\/ul>\n\n\n\n<p class=\"wp-block-paragraph\"><strong>Redacci\u00f3n<\/strong><\/p>\n\n\n\n<p class=\"wp-block-paragraph\">SemM\u00e9xico\/SEMlac, La Habana, 11 noviembre 2019.- Las\u00a0distintas maneras de ser hombre\u00a0influyen en la salud sexual de los varones, concluyeron especialistas de diferentes \u00e1reas del conocimiento en el primer Consenso de masculinidades y salud sexual.<\/p>\n\n\n\n<p class=\"wp-block-paragraph\"><br>\nSe trata de trascender el enfoque de prevenci\u00f3n de salud y contribuir a\ndesmontar la concepci\u00f3n machista y patriarcal de lo que es ser var\u00f3n,\ncoincidieron el pasado primero de noviembre durante el encuentro Masculinidades:\nsignificaciones y pr\u00e1cticas hegem\u00f3nicas y su impacto en la salud sexual de los\nhombres.<\/p>\n\n\n\n<p class=\"wp-block-paragraph\"><br> Las masculinidades tienen que ver con un proceso de construcci\u00f3n social, cultural, hist\u00f3rico y pol\u00edtico acerca de lo que significa ser var\u00f3n, aspectos que son aprendidos y por ende modificables, explic\u00f3\u00a0Mar\u00eda Teresa D\u00edaz, del\u00a0Centro Oscar Arnulfo Romero\u00a0(OAR).<\/p>\n\n\n\n<p class=\"wp-block-paragraph\"><br>\nEspecialistas insistieron en la relevancia de cuestionar los&nbsp;<a href=\"http:\/\/redsemlac-cuba.net\/salud\/modelos-patriarcales-impactan-en-la-salud-de-los-hombres.html?fbclid=IwAR3WDa9u6fj3mdEKR7QUtyf5XjRQJZzqu3ENwW-hSyeB4YNnOXLCqHTA1D8\" target=\"_blank\" rel=\"noreferrer noopener\">modelos de masculinidad tradicional y los comportamientos de\nriesgo<\/a>&nbsp;que tienden a asociarse a estereotipos, en aras de evitar\nconsecuencias negativas para la salud de los hombres.<\/p>\n\n\n\n<p class=\"wp-block-paragraph\"><br>\nPr\u00e1cticas como el retraso de la visita al m\u00e9dico, soportar el dolor, ignorar\nlos primeros s\u00edntomas o pretender que desaparecer\u00e1n, bajo la creencia de que\nson resistentes fueron algunas de las identificadas como nocivas, por su\nimpacto en la salud de los hombres.<\/p>\n\n\n\n<p class=\"wp-block-paragraph\"><br>\nIgualmente, la atribuci\u00f3n de cualidades y actitudes asociadas con la fuerza, la\nviolencia y la agresividad, que redundan en da\u00f1os f\u00edsicos y emocionales, con\npeligro incluso para la vida.<\/p>\n\n\n\n<p class=\"wp-block-paragraph\"><br> De ello se desprende que se debe apostar por pol\u00edticas y programas de salud concretos para ellos, consider\u00f3 la m\u00e9dica\u00a0Zoe D\u00edaz Bernal.<\/p>\n\n\n\n<p class=\"wp-block-paragraph\"><br>\nLas concepciones de la masculinidad hoy est\u00e1n apegadas a la percepci\u00f3n y al\nreconocimiento de la superioridad masculina, con bases patriarcales, acotaron\nlas y los participantes.<\/p>\n\n\n\n<p class=\"wp-block-paragraph\"><br>\nSe trata de una visi\u00f3n en la cual el hombre tiene la responsabilidad de\nproveer, ser exitoso en el espacio p\u00fablico, tener la sexualidad presente en\ntodo momento y con rendimientos impecables, a la vez que se le expropia de\nemociones que impliquen dolor, temor, inseguridad, desconocimiento y\nvulnerabilidad.<\/p>\n\n\n\n<p class=\"wp-block-paragraph\"><br>\nEsta es un \u00e1rea donde existen vac\u00edos investigativos, al decir de la psiquiatra\nYamira Puentes, pues son escasos los estudios sobre la vinculaci\u00f3n afectiva en\nlas experiencias de la sexualidad masculina.<\/p>\n\n\n\n<p class=\"wp-block-paragraph\"><br>\nEspecialistas se\u00f1alaron tambi\u00e9n la necesidad de mejorar la interacci\u00f3n\ndisciplinar en investigaciones sobre los hombres entre las ciencias de la\nsalud, la medicina y actores que participan en las definiciones de pol\u00edticas, a\nfin de garantizar una visi\u00f3n m\u00e1s integral del fen\u00f3meno.<\/p>\n\n\n\n<p class=\"wp-block-paragraph\"><br>\nOtra de las propuestas reitera un llamado a que las investigaciones partan del\nan\u00e1lisis del contexto social y de las condiciones y circunstancias particulares\nen que se producen las pr\u00e1cticas. Adem\u00e1s, se resalt\u00f3 que hoy m\u00e1s mujeres que\nhombres se dedican al estudio de las masculinidades.<\/p>\n\n\n\n<p class=\"wp-block-paragraph\"><br>\nParticipantes llamaron a atender, igualmente, las \u00abdesigualdades intrag\u00e9nero\u00bb,\nun elemento que en opini\u00f3n de la psic\u00f3loga Mar\u00eda Teresa D\u00edaz demanda de\nestudios sobre las relaciones entre los hombres, al interior de sus grupos,\npues se ha observado que existen censura y desaprobaci\u00f3n cuando no se cumple\ncon los patrones establecidos por el grupo, en su mayor\u00eda determinados por el\nmachismo patriarcal.<\/p>\n\n\n\n<p class=\"wp-block-paragraph\"><br> En este camino se insertaron propuestas como las de m\u00e9dico y activista por los derechos LGBTI\u00a0Alberto Roque, quien exhort\u00f3 a volver la mirada hacia los hombres trans y la construcci\u00f3n de la masculinidad desde ese grupo; y de la m\u00e1ster Raida Semanat Truti, del Centro de Estudios de la Juventud, quien llam\u00f3 la atenci\u00f3n sobre ese proceso, pero en j\u00f3venes y adolescentes.<\/p>\n\n\n\n<p class=\"wp-block-paragraph\"><br>\nRoque insisti\u00f3 en que es imprescindible que el Consenso refleje los derechos\nreproductivos de las masculinidades, algo que suele soslayarse y es vital,\nparticularmente en edades como la adolescencia. Una de las brechas de g\u00e9nero en\nla fecundidad en estas edades pasa, en muchos casos, por el entramado de una\nd\u00e9bil e insuficiente educaci\u00f3n sexual, donde la ausencia del var\u00f3n es\nexpl\u00edcita, se\u00f1al\u00f3.<\/p>\n\n\n\n<p class=\"wp-block-paragraph\"><br>\nEn tanto, el economista Juan Carlos Albizu sugiri\u00f3 ampliar la multidimensionalidad\nen el abordaje del Consenso, donde predominan actualmente las especialidades de\nla salud, la psicolog\u00eda y la sociolog\u00eda. La demograf\u00eda, la econom\u00eda o la\nfilosof\u00eda tambi\u00e9n pueden aportar saberes, precis\u00f3.<\/p>\n\n\n\n<p class=\"wp-block-paragraph\"><br>\nAl iniciar la sesi\u00f3n de trabajo, Rafael Cuestas, coordinador del Fondo de\nPoblaci\u00f3n de las Naciones Unidas (UNFPA) en Cuba, hab\u00eda llamado justamente a\nenriquecer la discusi\u00f3n desde diversas perspectivas.<\/p>\n\n\n\n<p class=\"wp-block-paragraph\"><br>\nSergio Morl\u00e1n, de la Plataforma de Hombres contra la Violencia de OAR, se\nrefiri\u00f3 a las nuevas variantes que se producen en las relaciones, a partir de\nlas v\u00edas que la modernidad ha abierto para la comunicaci\u00f3n, como un campo que\nrequiere de estudios.<\/p>\n\n\n\n<p class=\"wp-block-paragraph\"><br>\nPropuso, adem\u00e1s, la creaci\u00f3n de espacios de integraci\u00f3n, reflexi\u00f3n y di\u00e1logo\npara articular estrategias en el trabajo con hombres, donde se socialicen los\nresultados y el avance de las investigaciones acerca del tema, tanto a nivel\nnacional como internacional.<\/p>\n\n\n\n<p class=\"wp-block-paragraph\"><br> Tres reuniones previas y la participaci\u00f3n de instituciones como la\u00a0Universidad de La Habana\u00a0(UH), OAR y la C\u00e1tedra del Adulto Mayor de la UH, entre otros, labraron el camino para llegar al consenso, precis\u00f3 la doctora\u00a0Beatriz Torres, presidenta de la Sociedad Cubana Multidisciplinaria para el Estudio de la Sexualidad (Socumes), organizaci\u00f3n profesional que convoc\u00f3 al encuentro.<\/p>\n\n\n\n<p class=\"wp-block-paragraph\"><br> Conceptos relevantes para el abordaje del tema, investigaciones sobre la construcci\u00f3n hegem\u00f3nica masculina y sus expresiones en diferentes patolog\u00edas cl\u00ednicas, as\u00ed como la validez de la prevenci\u00f3n y el trabajo comunitario para el mejoramiento de la\u00a0salud de los hombres\u00a0fueron algunos de los ejes del debate.<\/p>\n\n\n\n<p class=\"wp-block-paragraph\">SEM-SEMlac<\/p>\n","protected":false},"excerpt":{"rendered":"<p>Pr\u00e1cticas nocivas por la creencia de que son resistentes<\/p>\n","protected":false},"author":3,"featured_media":13819,"comment_status":"open","ping_status":"open","sticky":false,"template":"","format":"standard","meta":{"_monsterinsights_skip_tracking":false,"footnotes":""},"categories":[690,53],"tags":[],"class_list":["post-13818","post","type-post","status-publish","format-standard","has-post-thumbnail","category-690","category-internacional"],"_links":{"self":[{"href":"https:\/\/redsemlac.com\/semmexico\/wp-json\/wp\/v2\/posts\/13818","targetHints":{"allow":["GET"]}}],"collection":[{"href":"https:\/\/redsemlac.com\/semmexico\/wp-json\/wp\/v2\/posts"}],"about":[{"href":"https:\/\/redsemlac.com\/semmexico\/wp-json\/wp\/v2\/types\/post"}],"author":[{"embeddable":true,"href":"https:\/\/redsemlac.com\/semmexico\/wp-json\/wp\/v2\/users\/3"}],"replies":[{"embeddable":true,"href":"https:\/\/redsemlac.com\/semmexico\/wp-json\/wp\/v2\/comments?post=13818"}],"version-history":[{"count":0,"href":"https:\/\/redsemlac.com\/semmexico\/wp-json\/wp\/v2\/posts\/13818\/revisions"}],"wp:featuredmedia":[{"embeddable":true,"href":"https:\/\/redsemlac.com\/semmexico\/wp-json\/wp\/v2\/media\/13819"}],"wp:attachment":[{"href":"https:\/\/redsemlac.com\/semmexico\/wp-json\/wp\/v2\/media?parent=13818"}],"wp:term":[{"taxonomy":"category","embeddable":true,"href":"https:\/\/redsemlac.com\/semmexico\/wp-json\/wp\/v2\/categories?post=13818"},{"taxonomy":"post_tag","embeddable":true,"href":"https:\/\/redsemlac.com\/semmexico\/wp-json\/wp\/v2\/tags?post=13818"}],"curies":[{"name":"wp","href":"https:\/\/api.w.org\/{rel}","templated":true}]}}