{"id":13815,"date":"2019-11-11T22:31:06","date_gmt":"2019-11-11T22:31:06","guid":{"rendered":"https:\/\/redsemlac.com\/semmexico\/?p=13815"},"modified":"2023-07-21T15:13:42","modified_gmt":"2023-07-21T20:13:42","slug":"sin-consentimiento-opera-en-mexico-la-esterilizacion-forzada","status":"publish","type":"post","link":"https:\/\/redsemlac.com\/semmexico\/sin-consentimiento-opera-en-mexico-la-esterilizacion-forzada\/","title":{"rendered":"Sin consentimiento, opera en M\u00e9xico la esterilizaci\u00f3n forzada"},"content":{"rendered":"\n<ul class=\"wp-block-list\"><li><strong>Senador Monreal dice que entre 2006-2016 cada d\u00eda 3 mujeres fueron\nsometidas a esa operaci\u00f3n<\/strong><\/li><li><strong>Presentar\u00e1 una iniciativa para prohibir esa pr\u00e1ctica<\/strong><\/li><\/ul>\n\n\n\n<p class=\"wp-block-paragraph\"><strong>Elda Montiel<\/strong><\/p>\n\n\n\n<p class=\"wp-block-paragraph\">SemM\u00e9xico, Cd. de M\u00e9xico, 11 noviembre 2019.- Entre 2006 y 2016, todos\nlos d\u00edas fueron esterilizadas tres mujeres en M\u00e9xico, entre ellas, ni\u00f1as y\nadolescentes con discapacidad, quienes fueron sometidas a una intervenci\u00f3n\nquir\u00fargica sin su consentimiento y con la excusa de evitar embarazos ante\nviolaciones sexuales.<\/p>\n\n\n\n<p class=\"wp-block-paragraph\">Las cifras de la\nSecretar\u00eda de Salud, son planteadas por el senador Ricardo Monreal \u00c1vila, quien\npesentar\u00e1 una iniciativa para el reconocimiento de los derechos\nde las personas con discapacidad, a trav\u00e9s de la erradicaci\u00f3n de la\nesterilizaci\u00f3n forzada.<\/p>\n\n\n\n<p class=\"wp-block-paragraph\">La propuesta legislativa busca modificar la Ley General para la Inclusi\u00f3n de Personas con\nDiscapacidad, para prohibir la pr\u00e1ctica de cualquier tipo de procedimientos\nqu\u00edmicos o quir\u00fargicos que pretendan, de manera forzada, provocar la\nesterilizaci\u00f3n de ese sector vulnerable.<\/p>\n\n\n\n<p class=\"wp-block-paragraph\">El coordinador de los senadores de Morena propondr\u00e1 incorporar al\nC\u00f3digo Penal Federal un agravante cuando se suscite esa pr\u00e1ctica.<\/p>\n\n\n\n<p class=\"wp-block-paragraph\">Por otra parte,&nbsp; tambi\u00e9n anunci\u00f3 que presentar\u00e1 otra\niniciativa para la promoci\u00f3n del acceso de este sector a\nbienes, productos y servicios, modificando la Ley Federal del Consumidor, para\ngarantizar que las transacciones de bienes y servicios sean accesibles a todas\nlas personas, incluyendo a quienes tienen alguna discapacidad.<\/p>\n\n\n\n<p class=\"wp-block-paragraph\">Argumenta que las y los consumidores con discapacidad enfrentan severas dificultades\ndebido al acceso nulo o restringido a ciertos bienes, productos y servicios, a\npesar de las legislaciones que, en los \u00faltimos a\u00f1os, se han dise\u00f1ado para\nrevertir esta situaci\u00f3n. <\/p>\n\n\n\n<p class=\"wp-block-paragraph\">Uno de los principales impedimentos identificados es la negaci\u00f3n del\nreconocimiento de la capacidad jur\u00eddica de las personas con discapacidad,\nsostiene Monreal.<\/p>\n\n\n\n<p class=\"wp-block-paragraph\">El legislador lamenta que persisten \u00e1reas que a\u00fan requieren de\ngarant\u00edas reforzadas para echar abajo todas las barreras que redundan en la\nmarginaci\u00f3n, exclusi\u00f3n o discriminaci\u00f3n.<\/p>\n\n\n\n<p class=\"wp-block-paragraph\">Reconoce que la legislaci\u00f3n y la pol\u00edtica p\u00fablica mexicanas han\navanzado significativamente en el cumplimiento de los compromisos\ninternacionales formalizados en la Convenci\u00f3n de Personas con Discapacidad.<\/p>\n\n\n\n<p class=\"wp-block-paragraph\">SEM\/em\/sj<\/p>\n","protected":false},"excerpt":{"rendered":"<p>Senador Monreal dice que entre 2006-2016 cada d\u00eda 3 mujeres fueron sometidas a esa operaci\u00f3n<\/p>\n","protected":false},"author":3,"featured_media":13816,"comment_status":"open","ping_status":"open","sticky":false,"template":"","format":"standard","meta":{"_monsterinsights_skip_tracking":false,"footnotes":""},"categories":[690,50],"tags":[],"class_list":["post-13815","post","type-post","status-publish","format-standard","has-post-thumbnail","category-690","category-congreso"],"_links":{"self":[{"href":"https:\/\/redsemlac.com\/semmexico\/wp-json\/wp\/v2\/posts\/13815","targetHints":{"allow":["GET"]}}],"collection":[{"href":"https:\/\/redsemlac.com\/semmexico\/wp-json\/wp\/v2\/posts"}],"about":[{"href":"https:\/\/redsemlac.com\/semmexico\/wp-json\/wp\/v2\/types\/post"}],"author":[{"embeddable":true,"href":"https:\/\/redsemlac.com\/semmexico\/wp-json\/wp\/v2\/users\/3"}],"replies":[{"embeddable":true,"href":"https:\/\/redsemlac.com\/semmexico\/wp-json\/wp\/v2\/comments?post=13815"}],"version-history":[{"count":0,"href":"https:\/\/redsemlac.com\/semmexico\/wp-json\/wp\/v2\/posts\/13815\/revisions"}],"wp:featuredmedia":[{"embeddable":true,"href":"https:\/\/redsemlac.com\/semmexico\/wp-json\/wp\/v2\/media\/13816"}],"wp:attachment":[{"href":"https:\/\/redsemlac.com\/semmexico\/wp-json\/wp\/v2\/media?parent=13815"}],"wp:term":[{"taxonomy":"category","embeddable":true,"href":"https:\/\/redsemlac.com\/semmexico\/wp-json\/wp\/v2\/categories?post=13815"},{"taxonomy":"post_tag","embeddable":true,"href":"https:\/\/redsemlac.com\/semmexico\/wp-json\/wp\/v2\/tags?post=13815"}],"curies":[{"name":"wp","href":"https:\/\/api.w.org\/{rel}","templated":true}]}}