{"id":13812,"date":"2019-11-11T22:24:56","date_gmt":"2019-11-11T22:24:56","guid":{"rendered":"https:\/\/redsemlac.com\/semmexico\/?p=13812"},"modified":"2023-07-21T15:13:43","modified_gmt":"2023-07-21T20:13:43","slug":"oaxaca-81","status":"publish","type":"post","link":"https:\/\/redsemlac.com\/semmexico\/oaxaca-81\/","title":{"rendered":"Muerte materna, segunda causa de muerte en adolescentes"},"content":{"rendered":"\n<ul class=\"wp-block-list\"><li><strong>GESMujer convoca a foro sobre derechos sexuales y\nreproductivos<\/strong><strong><\/strong><\/li><li><strong>Casamientos tempranos se agudiza entre mujeres de\npoblaciones ind\u00edgenas<\/strong><strong><\/strong><\/li><\/ul>\n\n\n\n<p class=\"wp-block-paragraph\"><strong>&nbsp;Redacci\u00f3n\n<\/strong><strong><\/strong><\/p>\n\n\n\n<p class=\"wp-block-paragraph\">SemM\u00e9xico, Oaxaca, 11 noviembre 2019.- En el mundo la\nmuerte materna es la segunda causa de muerte entre las adolescentes de 15 a 19\na\u00f1os de edad y Oaxaca es uno de los estados del pa\u00eds que reporta las tasas m\u00e1s\nelevadas de embarazos en adolescentes y j\u00f3venes.<\/p>\n\n\n\n<p class=\"wp-block-paragraph\">Adem\u00e1s, de acuerdo a la Encuesta Nacional de Salud\ny Derechos de las Mujeres Ind\u00edgenas, el 68.5 por ciento de las j\u00f3venes\nind\u00edgenas de Oaxaca se casan entre los 9 y los 19 a\u00f1os, en tanto que el 26 por\nciento se casan a los 15 a\u00f1os o menos; cuando la edad promedio para el\nmatrimonio en la poblaci\u00f3n mexicana es de 21.8 a\u00f1os, seg\u00fan cifras de 2013.<\/p>\n\n\n\n<p class=\"wp-block-paragraph\">Con la finalidad de incidir en esta problem\u00e1tica y\ncon recursos del programa Proequidad, este jueves 14 de Noviembre se llevar\u00e1 a\ncabo el Foro Promoviendo los derechos sexuales y reproductivos de ni\u00f1as, ni\u00f1os\ny adolescentes, el cual forma parte del proyecto Fortalecimiento del Desarrollo\nHumano, Proyecto de Vida y Prevenci\u00f3n del embarazo entre personas de 10 a 19\na\u00f1os, &nbsp;dirigido a funcionarias y funcionarios de la administraci\u00f3n p\u00fablica\nlocal que brindan atenci\u00f3n a ni\u00f1as, ni\u00f1os y adolescentes.<\/p>\n\n\n\n<p class=\"wp-block-paragraph\">Este&nbsp; foro al que convoca el Grupo de estudios\nsobre la mujer Rosario Castellanos, ser\u00e1 un espacio de di\u00e1logo e intercambio de\nconocimientos y experiencias, donde especialistas de diferentes disciplinas\nabordar\u00e1n aspectos relacionados con los factores de riesgo como predisponentes\nal embarazo adolescente, con el objetivo de generar un an\u00e1lisis que motive a\nlas y los participantes a sumar esfuerzos a favor de los derechos de ni\u00f1as,\nni\u00f1os, adolescentes, con \u00e9nfasis en los derechos sexuales y reproductivos.<\/p>\n\n\n\n<p class=\"wp-block-paragraph\">Las costumbres sociales y culturales de comunidades\nque promueven una edad m\u00e1s joven para casarse y para la maternidad, as\u00ed como la\nprevalencia del machismo, las inequidades de g\u00e9nero y la presencia de la\nviolencia en la vida de las mujeres, ser\u00e1n temas a abordar en el foro desde una\nperspectiva de g\u00e9nero, un enfoque intercultural y una visi\u00f3n de inclusi\u00f3n de\nlos hombres desde las nuevas masculinidades, lo que permitir\u00e1 visibilizar la\nproblem\u00e1tica y las alternativas de intervenci\u00f3n de una manera integral.<\/p>\n\n\n\n<p class=\"wp-block-paragraph\">Se contar\u00e1 tambi\u00e9n con la participaci\u00f3n de un\nrepresentante de los Servicios de Salud de Oaxaca, quien brindar\u00e1 un panorama\nsobre la situaci\u00f3n de la salud sexual y reproductiva de las y los adolescentes,\nya que de acuerdo al Fondo de las Naciones Unidas para la\nInfancia&nbsp;(UNICEF), s\u00f3lo el 28.3 por ciento de las y los adolescentes\nsexualmente activos respondieron que estaban usando alg\u00fan tipo de m\u00e9todo\nanticonceptivo, y el 44 por ciento informaron que no usaban ning\u00fan m\u00e9todo. 55 por\nciento de los adolescentes de Oaxaca informaron que no usaron cond\u00f3n durante su\nprimer encuentro sexual.<\/p>\n\n\n\n<p class=\"wp-block-paragraph\">Identificar las barreras de acceso culturales,\necon\u00f3micas, geogr\u00e1ficas e institucionales que obstaculizan el ejercicio pleno\nde los derechos de ni\u00f1as, ni\u00f1os y adolescentes, con \u00e9nfasis en sus derechos\nsexuales y reproductivos, ser\u00e1n abordados en mesas de trabajo, donde las y los\nparticipantes tendr\u00e1n la oportunidad de generar propuestas de estrategias\ncoordinadas que favorezcan el Desarrollo Humano, el dise\u00f1o de un Proyecto de\nVida y la Prevenci\u00f3n del embarazo entre personas de 10 a 19 a\u00f1os.<\/p>\n\n\n\n<p class=\"wp-block-paragraph\">El Foro que coordina el Grupo de estudios sobre la\nmujer Rosario Castellanos se llevar\u00e1 a cabo en el Hotel Oaxaca Real, en el\nCentro Hist\u00f3rico de la ciudad de Oaxaca a partir de las 10:00 horas de este\njueves 14 de noviembre y concluir\u00e1 a las 14:00 horas.<\/p>\n\n\n\n<p class=\"wp-block-paragraph\">SEM\/sj<\/p>\n","protected":false},"excerpt":{"rendered":"<p>GESMujer convoca a foro sobre derechos sexuales y reproductivos<\/p>\n","protected":false},"author":3,"featured_media":13813,"comment_status":"open","ping_status":"open","sticky":false,"template":"","format":"standard","meta":{"_monsterinsights_skip_tracking":false,"footnotes":""},"categories":[690,54],"tags":[],"class_list":["post-13812","post","type-post","status-publish","format-standard","has-post-thumbnail","category-690","category-mujeres"],"_links":{"self":[{"href":"https:\/\/redsemlac.com\/semmexico\/wp-json\/wp\/v2\/posts\/13812","targetHints":{"allow":["GET"]}}],"collection":[{"href":"https:\/\/redsemlac.com\/semmexico\/wp-json\/wp\/v2\/posts"}],"about":[{"href":"https:\/\/redsemlac.com\/semmexico\/wp-json\/wp\/v2\/types\/post"}],"author":[{"embeddable":true,"href":"https:\/\/redsemlac.com\/semmexico\/wp-json\/wp\/v2\/users\/3"}],"replies":[{"embeddable":true,"href":"https:\/\/redsemlac.com\/semmexico\/wp-json\/wp\/v2\/comments?post=13812"}],"version-history":[{"count":0,"href":"https:\/\/redsemlac.com\/semmexico\/wp-json\/wp\/v2\/posts\/13812\/revisions"}],"wp:featuredmedia":[{"embeddable":true,"href":"https:\/\/redsemlac.com\/semmexico\/wp-json\/wp\/v2\/media\/13813"}],"wp:attachment":[{"href":"https:\/\/redsemlac.com\/semmexico\/wp-json\/wp\/v2\/media?parent=13812"}],"wp:term":[{"taxonomy":"category","embeddable":true,"href":"https:\/\/redsemlac.com\/semmexico\/wp-json\/wp\/v2\/categories?post=13812"},{"taxonomy":"post_tag","embeddable":true,"href":"https:\/\/redsemlac.com\/semmexico\/wp-json\/wp\/v2\/tags?post=13812"}],"curies":[{"name":"wp","href":"https:\/\/api.w.org\/{rel}","templated":true}]}}