{"id":13809,"date":"2019-11-11T22:16:57","date_gmt":"2019-11-11T22:16:57","guid":{"rendered":"https:\/\/redsemlac.com\/semmexico\/?p=13809"},"modified":"2023-07-21T15:13:43","modified_gmt":"2023-07-21T20:13:43","slug":"mujeres-deben-ejercer-acciones-de-gobierno-de-manera-digna","status":"publish","type":"post","link":"https:\/\/redsemlac.com\/semmexico\/mujeres-deben-ejercer-acciones-de-gobierno-de-manera-digna\/","title":{"rendered":"Mujeres deben ejercer acciones de gobierno de manera digna"},"content":{"rendered":"\n<ul class=\"wp-block-list\"><li><strong>Forman Red\nNacional de Alcaldesas <\/strong><\/li><li><strong>Buscan disminuir\nbrecha de desigualdad en los municipios<\/strong><\/li><\/ul>\n\n\n\n<p class=\"wp-block-paragraph\"><strong>Elda\nMontiel<\/strong><\/p>\n\n\n\n<p class=\"wp-block-paragraph\">SemM\u00e9xico,\nCd. de M\u00e9xico, 11 noviembre 2019.- Se instal\u00f3 la Red Nacional de Mujeres Alcaldesas\ncon senadoras y presidentas municipales de 17 entidades del pa\u00eds con el\nobjetivo de visibilizarlas cada vez m\u00e1s, en la toma de decisiones, as\u00ed como fortalecer\nlas regiones territoriales que cada una de ellas representa en la coordinaci\u00f3n\nde acciones en temas de seguridad, servicios p\u00fablicos, recaudaci\u00f3n fiscal y\npromoci\u00f3n tur\u00edstica.<\/p>\n\n\n\n<p class=\"wp-block-paragraph\">La\npresidenta de la Red Nacional de Mujeres Alcaldesas, Mariela Guti\u00e9rrez\nEscalante, presidenta municipal de Tec\u00e1mac, se\u00f1al\u00f3 durante la reuni\u00f3n que no se\ntrata de pedir m\u00e1s recursos sino de mayores capacidades mediante la\ncoordinaci\u00f3n y vinculaci\u00f3n, ya que son indispensables la implementaci\u00f3n de\nprogramas sociales en los diferentes niveles de gobierno en beneficio de la\npoblaci\u00f3n.<\/p>\n\n\n\n<p class=\"wp-block-paragraph\">La\nsenadora Citlalli Hern\u00e1ndez Mora, de Morena, dijo que el pa\u00eds vive un momento\nde transformaci\u00f3n, m\u00e1s all\u00e1 de las diferencias partidistas, donde las mujeres\ndeben ejercer la toma de decisi\u00f3n y de gobierno de manera digna, eficiente,\nresponsable y honesta.<\/p>\n\n\n\n<p class=\"wp-block-paragraph\">Tenemos,\ndijo, una gran responsabilidad, frente a escenarios pol\u00edticos donde a las\nmujeres nos invisibilizan o se nos hace creer que tenemos menos capacidad de\nasumir los espacios de toma de decisi\u00f3n.<\/p>\n\n\n\n<p class=\"wp-block-paragraph\">Manifest\u00f3\nque la Red en el Senado tienen muchas aliadas y aliados para \u201ctejer\u201d los\npuentes que permitan transformar la vida de la ciudadan\u00eda y disminuir la brecha\nde desigualdad en sus municipios.<\/p>\n\n\n\n<p class=\"wp-block-paragraph\">Por su\nparte, la senadora Bertha X\u00f3chitl G\u00e1lvez Ruiz, del PAN, expuso que es\nfundamental construir una agenda para fortalecer el trabajo que realizan las\nalcaldesas del pa\u00eds. Precis\u00f3 que a trav\u00e9s del desarrollo de mejores pol\u00edticas\np\u00fablicas se debe generar mayor confianza y bienestar para la gente. <\/p>\n\n\n\n<p class=\"wp-block-paragraph\">Asimismo,\nla legisladora panista respald\u00f3 el trabajo que hacen las presidentas\nmunicipales y brind\u00f3 su apoyo desde el Senado para fortalecerlo.<\/p>\n\n\n\n<p class=\"wp-block-paragraph\">La\nalcaldesa de Iztapalapa, Clara Brugada Molina, hizo un llamado a las y los\nlegisladores de la C\u00e1mara de Diputados y Senadores, y al gobierno Federal para\nfortalecer a los municipios econ\u00f3mica, pol\u00edtica y socialmente. Es necesario,\ndijo, que pongan sus ojos en los gobiernos locales y en las mujeres que tenemos\nesta gran responsabilidad. &nbsp;<\/p>\n\n\n\n<p class=\"wp-block-paragraph\">SEM\/em\/sj<\/p>\n","protected":false},"excerpt":{"rendered":"<p>Forman Red Nacional de Alcaldesas <\/p>\n","protected":false},"author":3,"featured_media":13810,"comment_status":"open","ping_status":"open","sticky":false,"template":"","format":"standard","meta":{"_monsterinsights_skip_tracking":false,"footnotes":""},"categories":[690,51],"tags":[],"class_list":["post-13809","post","type-post","status-publish","format-standard","has-post-thumbnail","category-690","category-ejecutivo"],"_links":{"self":[{"href":"https:\/\/redsemlac.com\/semmexico\/wp-json\/wp\/v2\/posts\/13809","targetHints":{"allow":["GET"]}}],"collection":[{"href":"https:\/\/redsemlac.com\/semmexico\/wp-json\/wp\/v2\/posts"}],"about":[{"href":"https:\/\/redsemlac.com\/semmexico\/wp-json\/wp\/v2\/types\/post"}],"author":[{"embeddable":true,"href":"https:\/\/redsemlac.com\/semmexico\/wp-json\/wp\/v2\/users\/3"}],"replies":[{"embeddable":true,"href":"https:\/\/redsemlac.com\/semmexico\/wp-json\/wp\/v2\/comments?post=13809"}],"version-history":[{"count":0,"href":"https:\/\/redsemlac.com\/semmexico\/wp-json\/wp\/v2\/posts\/13809\/revisions"}],"wp:featuredmedia":[{"embeddable":true,"href":"https:\/\/redsemlac.com\/semmexico\/wp-json\/wp\/v2\/media\/13810"}],"wp:attachment":[{"href":"https:\/\/redsemlac.com\/semmexico\/wp-json\/wp\/v2\/media?parent=13809"}],"wp:term":[{"taxonomy":"category","embeddable":true,"href":"https:\/\/redsemlac.com\/semmexico\/wp-json\/wp\/v2\/categories?post=13809"},{"taxonomy":"post_tag","embeddable":true,"href":"https:\/\/redsemlac.com\/semmexico\/wp-json\/wp\/v2\/tags?post=13809"}],"curies":[{"name":"wp","href":"https:\/\/api.w.org\/{rel}","templated":true}]}}