{"id":13805,"date":"2019-11-11T22:05:18","date_gmt":"2019-11-11T22:05:18","guid":{"rendered":"https:\/\/redsemlac.com\/semmexico\/?p=13805"},"modified":"2023-07-21T15:13:43","modified_gmt":"2023-07-21T20:13:43","slug":"castracion-quimica-a-violadores-propone-senadora","status":"publish","type":"post","link":"https:\/\/redsemlac.com\/semmexico\/castracion-quimica-a-violadores-propone-senadora\/","title":{"rendered":"Castraci\u00f3n qu\u00edmica a violadores, propone senadora"},"content":{"rendered":"\n<ul class=\"wp-block-list\"><li><strong>Hay otra propuesta para crear un registro nacional de ofensores sexuales<\/strong><\/li><li><strong>Busca prevenir este delito<\/strong><\/li><\/ul>\n\n\n\n<p class=\"wp-block-paragraph\"><strong>Lorena Vaniezcot<\/strong><\/p>\n\n\n\n<p class=\"wp-block-paragraph\">SemM\u00e9xico,\nCd. de M\u00e9xico, 11 noviembre 2019.- Castraci\u00f3n qu\u00edmica a violadores reincidentes\no seriales, propuso la senadora de Morena ante el pleno del Senado, Soledad\nLu\u00e9vano.<\/p>\n\n\n\n<p class=\"wp-block-paragraph\">Consider\u00f3\nque es una forma de proteger \u201ca la sociedad\u201d y ,en caso de salir de prisi\u00f3n, no\ntengan posibilidades de cometer una agresi\u00f3n sexual m\u00e1s.<\/p>\n\n\n\n<p class=\"wp-block-paragraph\">En otra iniciativa,\nse &nbsp;propuso modificar la Ley Nacional de\nDetenciones para crear el Registro Nacional de Ofensores Sexuales, con cuatro\ncategor\u00edas, donde se incluir\u00e1 a quienes sean detenidos por faltas menores\nrelacionadas con el acoso sexual, por delitos sexuales menores, delitos\nsexuales graves y delitos sexuales reiterados.\u200b<\/p>\n\n\n\n<p class=\"wp-block-paragraph\">Cabe se\u00f1alar que de los casi tres mil\n500 delitos contra la\nlibertad y la seguridad sexual cometidos solo en enero de 2019, de acuerdo con\ndatos del Secretariado Ejecutivo del Sistema Nacional de Seguridad P\u00fablica,\npoco m\u00e1s de la tercera parte son actos de violaci\u00f3n y violaci\u00f3n equiparada.<\/p>\n\n\n\n<p class=\"wp-block-paragraph\">Con ello,\nlas autoridades tendr\u00e1n acceso a la informaci\u00f3n de todos los detenidos,\nmientras que la ciudadan\u00eda, instituciones educativas, centros de convivencia\nsocial, iglesias y encargados de espacios p\u00fablicos tendr\u00e1n acceso a los datos\nde violadores seriales y pederastas.\u200b<\/p>\n\n\n\n<p class=\"wp-block-paragraph\">Se trata\nde proteger a las personas, brindar mayores datos a las autoridades sobre\nposibles sospechosos y prevenir agresiones de car\u00e1cter sexual.\u200b<\/p>\n\n\n\n<p class=\"wp-block-paragraph\">Es\nimportante destacar que en ambos casos, se otorga prioridad al derecho de la\nsociedad y de las v\u00edctimas por encima de los derechos que tienen los\ndelincuentes, pues se considera que frente a una disyuntiva de derechos, es m\u00e1s\nimportante proteger la seguridad y la integridad sexual de las personas, que el\nderecho de los delincuentes a decidir sobre su cuerpo o a la protecci\u00f3n de sus\ndatos personales.\u200b<\/p>\n\n\n\n<p class=\"wp-block-paragraph\">Asimismo,\nla Senadora Soledad Lu\u00e9vano inici\u00f3 un \u201cforo virtual\u201c, a trav\u00e9s de sus redes\nsociales, convocando a &nbsp;agentes del ministerio p\u00fablico, a abogados,\nfamiliares y v\u00edctimas de este delito, para enriquecer sus iniciativas y buscar\nformas m\u00e1s eficientes de combatirlo.\u200b<\/p>\n\n\n\n<p class=\"wp-block-paragraph\">Las\niniciativas fueron turnadas a comisiones y en caso de ser aprobada por el\nSenado, ser\u00e1 enviada a la C\u00e1mara de Diputados para su an\u00e1lisis y aprobaci\u00f3n.\u200b<\/p>\n\n\n\n<p class=\"wp-block-paragraph\">SEM\/sj<\/p>\n\n\n\n<figure class=\"wp-block-video\"><video height=\"480\" style=\"aspect-ratio: 480 \/ 480;\" width=\"480\" controls src=\"https:\/\/redsemlac.com\/semmexico\/wp-content\/uploads\/2019\/11\/WhatsApp-Video-2019-11-10-at-10.32.32-PM.mp4\"><\/video><\/figure>\n","protected":false},"excerpt":{"rendered":"<p>Hay otra propuesta para crear un registro nacional de ofensores sexuales<\/p>\n","protected":false},"author":3,"featured_media":13807,"comment_status":"open","ping_status":"open","sticky":false,"template":"","format":"standard","meta":{"_monsterinsights_skip_tracking":false,"footnotes":""},"categories":[690,50],"tags":[],"class_list":["post-13805","post","type-post","status-publish","format-standard","has-post-thumbnail","category-690","category-congreso"],"_links":{"self":[{"href":"https:\/\/redsemlac.com\/semmexico\/wp-json\/wp\/v2\/posts\/13805","targetHints":{"allow":["GET"]}}],"collection":[{"href":"https:\/\/redsemlac.com\/semmexico\/wp-json\/wp\/v2\/posts"}],"about":[{"href":"https:\/\/redsemlac.com\/semmexico\/wp-json\/wp\/v2\/types\/post"}],"author":[{"embeddable":true,"href":"https:\/\/redsemlac.com\/semmexico\/wp-json\/wp\/v2\/users\/3"}],"replies":[{"embeddable":true,"href":"https:\/\/redsemlac.com\/semmexico\/wp-json\/wp\/v2\/comments?post=13805"}],"version-history":[{"count":0,"href":"https:\/\/redsemlac.com\/semmexico\/wp-json\/wp\/v2\/posts\/13805\/revisions"}],"wp:featuredmedia":[{"embeddable":true,"href":"https:\/\/redsemlac.com\/semmexico\/wp-json\/wp\/v2\/media\/13807"}],"wp:attachment":[{"href":"https:\/\/redsemlac.com\/semmexico\/wp-json\/wp\/v2\/media?parent=13805"}],"wp:term":[{"taxonomy":"category","embeddable":true,"href":"https:\/\/redsemlac.com\/semmexico\/wp-json\/wp\/v2\/categories?post=13805"},{"taxonomy":"post_tag","embeddable":true,"href":"https:\/\/redsemlac.com\/semmexico\/wp-json\/wp\/v2\/tags?post=13805"}],"curies":[{"name":"wp","href":"https:\/\/api.w.org\/{rel}","templated":true}]}}