{"id":13802,"date":"2019-11-11T21:55:18","date_gmt":"2019-11-11T21:55:18","guid":{"rendered":"https:\/\/redsemlac.com\/semmexico\/?p=13802"},"modified":"2023-07-21T15:13:43","modified_gmt":"2023-07-21T20:13:43","slug":"recomendacion-a-la-fgr-por-violencia-sexual-y-tortura-contra-una-ciudadana","status":"publish","type":"post","link":"https:\/\/redsemlac.com\/semmexico\/recomendacion-a-la-fgr-por-violencia-sexual-y-tortura-contra-una-ciudadana\/","title":{"rendered":"Recomendaci\u00f3n a la FGR por violencia sexual y tortura contra una ciudadana"},"content":{"rendered":"\n<ul class=\"wp-block-list\"><li><strong>Tambi\u00e9n se hace recomendaci\u00f3n al\nsecretario de Seguridad y Protecci\u00f3n Cuidadanana<\/strong><\/li><li><strong>13 polic\u00edas sometieron a tortura f\u00edsica\ny piscol\u00f3gica contra otras dos personas<\/strong><\/li><\/ul>\n\n\n\n<p class=\"wp-block-paragraph\"><strong>Lorena Vaniezcot<\/strong><\/p>\n\n\n\n<p class=\"wp-block-paragraph\">SemM\u00e9xico, Cd. de M\u00e9xico, 11\nnoviembre 2019.- La Comisi\u00f3n Nacional de los Derechos Humanos dirigi\u00f3 al Fiscal\nGeneral de la Rep\u00fablica (FGR), Alejandro Gertz Manero, la Recomendaci\u00f3n\n28VG\/2019 por violaciones graves a los derechos humanos consistentes en tortura\ny violencia sexual contra una mujer.<\/p>\n\n\n\n<p class=\"wp-block-paragraph\">DE acuerdo con un comunicado, la\nrecomendaci\u00f3n tambi\u00e9n fue dada por inadecuada procuraci\u00f3n de justicia,\natribuibles a personal de la entonces Procuradur\u00eda General de la Rep\u00fablica\n(PGR) y al Secretario de Seguridad y Protecci\u00f3n Ciudadana (SSPC), Alfonso\nDurazo Monta\u00f1o, por violaci\u00f3n a los derechos a la seguridad jur\u00eddica, legalidad\ny libertad personal por detenci\u00f3n arbitraria de la agraviada. <\/p>\n\n\n\n<p class=\"wp-block-paragraph\">Adem\u00e1s, emiti\u00f3 la Recomendaci\u00f3n\n95\/2019, dirigida igualmente al secretario Durazo Monta\u00f1o por tortura f\u00edsica y\npsicol\u00f3gica que 13 elementos de la Polic\u00eda Federal aplicaron a dos personas en\nel Estado de M\u00e9xico, con lo que se vulneraron los derechos\nhumanos a la integridad personal y dignidad humana de los agraviados. En ambos casos, con motivo de hechos acontecidos en\nla administraci\u00f3n pasada.<\/p>\n\n\n\n<p class=\"wp-block-paragraph\">En el primer caso, tras su\ninvestigaci\u00f3n, este Organismo Constitucional Aut\u00f3nomo calific\u00f3 como violaciones\ngraves a los derechos humanos de la v\u00edctima las acciones de personal de la\nentonces PGR, al acreditar que durante el tiempo que permaneci\u00f3 puesta a\ndisposici\u00f3n de la autoridad ministerial fue amenazada para aceptar la\nimputaci\u00f3n que se le atribu\u00eda y deb\u00eda inculpar a terceras personas de los hechos\nque se investigaban, a lo cual se neg\u00f3. Por ello, fue golpeada y agredida\nsexualmente por elementos de la Polic\u00eda Federal Ministerial en las\ninstalaciones de la entonces SIEDO.<\/p>\n\n\n\n<p class=\"wp-block-paragraph\">La CNDH concluy\u00f3 que la agraviada\npresent\u00f3 trastorno de estr\u00e9s postraum\u00e1tico y depresivo debido a la afectaci\u00f3n\npsicol\u00f3gica por la violencia sexual que padeci\u00f3 y determin\u00f3 que dichos actos\ntrascienden a tortura; tambi\u00e9n observ\u00f3 la inadecuada procuraci\u00f3n de justicia\ndel personal ministerial, al no actuar con la debida diligencia y no investigar\nla agresi\u00f3n sexual, lo que deriv\u00f3 en dilaci\u00f3n injustificada, y acredit\u00f3 que los\npolic\u00edas federales que llevaron a cabo la detenci\u00f3n de la v\u00edctima no se\napegaron a los lineamientos constitucionales y legales.<\/p>\n\n\n\n<p class=\"wp-block-paragraph\">En el segundo caso, Recomendaci\u00f3n 95\/2019, esta Comisi\u00f3n Nacional\nacredit\u00f3 que las v\u00edctimas sufrieron tortura durante su detenci\u00f3n, al\nprovocarles sufrimientos f\u00edsicos y psicol\u00f3gicos para que aceptaran su\nparticipaci\u00f3n en un grupo delictivo y otros il\u00edcitos.<\/p>\n\n\n\n<p class=\"wp-block-paragraph\">Para la CNDH, la investigaci\u00f3n de los delitos es totalmente\ncompatible con el respeto de los derechos humanos, por lo cual los elementos de\nla Polic\u00eda Federal en el combate a la delincuencia deben actuar con\nprofesionalismo y conforme a las normas que los regulan, bajo par\u00e1metros de\nracionalidad, objetividad y proporcionalidad.<\/p>\n\n\n\n<p class=\"wp-block-paragraph\">Por todo ello, la CNDH recomienda\nal Fiscal General de la Rep\u00fablica y al Secretario de Seguridad y Protecci\u00f3n\nCiudadana reparar integralmente el da\u00f1o a las v\u00edctimas de ambos casos, que\nincluya compensaci\u00f3n, atenci\u00f3n psicol\u00f3gica y, en el caso de la v\u00edctima de\ntortura sexual de la Recomendaci\u00f3n 28VG\/2019 se solicit\u00f3 para ella atenci\u00f3n\npsiqui\u00e1trica, y a sus familiares se les proporcione atenci\u00f3n psicol\u00f3gica, y a\ntodas se les inscriba en el Registro Nacional de V\u00edctimas.<\/p>\n\n\n\n<p class=\"wp-block-paragraph\">As\u00ed como colaborar en las quejas\nque se presenten en el \u00d3rgano Interno de Control en la FGR y en la SSPC en\ncontra el personal se\u00f1alado como responsables en los dos casos, y tambi\u00e9n\ndeber\u00e1n colaborar, en su caso, en la respectiva denuncia que se presente ante\nla Fiscal\u00eda General de la Rep\u00fablica contra el personal policial y ministerial\nresponsable.<\/p>\n\n\n\n<p class=\"wp-block-paragraph\">De igual manera, se pide a las\nautoridades destinatarias capacitar al personal policial, ministerial y\npolicial en materia de derechos humanos con \u00e9nfasis en el \u201cProtocolo de\nActuaci\u00f3n de la Polic\u00eda Federal sobre el Uso de la Fuerza\u201d, y al titular de la\nSSPC se le solicita adicionalmente capacitar al personal policial sobre el\nAcuerdo 05\/2012 de \u201cLineamientos generales para poner a disposici\u00f3n de las autoridades\ncompetentes a personas u objetos\u201d y proporcionar a los agentes federales\nequipos de videograbaci\u00f3n y audio que permitan evidenciar que las acciones\nllevadas a cabo durante los operativos sean apegadas a los principios de\nlegalidad, objetividad, eficiencia y respeto a los derechos humanos.<\/p>\n\n\n\n<p class=\"wp-block-paragraph\">Ambas instancias deber\u00e1n asignar\na personas servidoras p\u00fablicas para dar seguimiento al cumplimiento de estas\nRecomendaciones que ya fueron debidamente notificadas a sus destinatarios y\npueden consultarse en la p\u00e1gina <a href=\"http:\/\/www.cndh.org.mx\/\" target=\"_blank\" rel=\"noreferrer noopener\">www.cndh.org.mx<\/a><\/p>\n\n\n\n<p class=\"wp-block-paragraph\">SEM\/lv\/sj<\/p>\n","protected":false},"excerpt":{"rendered":"<p>Tambi\u00e9n se hace recomendaci\u00f3n al secretario de Seguridad y Protecci\u00f3n Cuidadanana<\/p>\n","protected":false},"author":3,"featured_media":13803,"comment_status":"open","ping_status":"open","sticky":false,"template":"","format":"standard","meta":{"_monsterinsights_skip_tracking":false,"footnotes":""},"categories":[690,51],"tags":[],"class_list":["post-13802","post","type-post","status-publish","format-standard","has-post-thumbnail","category-690","category-ejecutivo"],"_links":{"self":[{"href":"https:\/\/redsemlac.com\/semmexico\/wp-json\/wp\/v2\/posts\/13802","targetHints":{"allow":["GET"]}}],"collection":[{"href":"https:\/\/redsemlac.com\/semmexico\/wp-json\/wp\/v2\/posts"}],"about":[{"href":"https:\/\/redsemlac.com\/semmexico\/wp-json\/wp\/v2\/types\/post"}],"author":[{"embeddable":true,"href":"https:\/\/redsemlac.com\/semmexico\/wp-json\/wp\/v2\/users\/3"}],"replies":[{"embeddable":true,"href":"https:\/\/redsemlac.com\/semmexico\/wp-json\/wp\/v2\/comments?post=13802"}],"version-history":[{"count":0,"href":"https:\/\/redsemlac.com\/semmexico\/wp-json\/wp\/v2\/posts\/13802\/revisions"}],"wp:featuredmedia":[{"embeddable":true,"href":"https:\/\/redsemlac.com\/semmexico\/wp-json\/wp\/v2\/media\/13803"}],"wp:attachment":[{"href":"https:\/\/redsemlac.com\/semmexico\/wp-json\/wp\/v2\/media?parent=13802"}],"wp:term":[{"taxonomy":"category","embeddable":true,"href":"https:\/\/redsemlac.com\/semmexico\/wp-json\/wp\/v2\/categories?post=13802"},{"taxonomy":"post_tag","embeddable":true,"href":"https:\/\/redsemlac.com\/semmexico\/wp-json\/wp\/v2\/tags?post=13802"}],"curies":[{"name":"wp","href":"https:\/\/api.w.org\/{rel}","templated":true}]}}