{"id":13800,"date":"2019-11-11T21:52:17","date_gmt":"2019-11-11T21:52:17","guid":{"rendered":"https:\/\/redsemlac.com\/semmexico\/?p=13800"},"modified":"2023-07-21T15:13:43","modified_gmt":"2023-07-21T20:13:43","slug":"opinion-210","status":"publish","type":"post","link":"https:\/\/redsemlac.com\/semmexico\/opinion-210\/","title":{"rendered":"Botella al Mar"},"content":{"rendered":"\n<h2 class=\"wp-block-heading\">Fascismo parte I<\/h2>\n\n\n\n<ul class=\"wp-block-list\"><li><strong>Provida un ejemplo <\/strong><\/li><\/ul>\n\n\n\n<p class=\"wp-block-paragraph\"><strong>Martha Canseco Gonz\u00e1lez<\/strong><\/p>\n\n\n\n<p class=\"wp-block-paragraph\">SemM\u00e9xico, 11 noviembre 2019.- Se puede leer en\nWikipedia la descripci\u00f3n de lo que es Fascismo: Es una ideolog\u00eda, un movimiento\npol\u00edtico y un tipo de estado de car\u00e1cter totalitario y sobre todo\nantidemocr\u00e1tico. Entre los rasgos del fascismo se encuentra la exaltaci\u00f3n de\nvalores como la patria o la raza. En el fascismo actual yo a\u00f1adir\u00eda a esos\nvalores la glorificaci\u00f3n del g\u00e9nero y el sexo masculinos.<\/p>\n\n\n\n<p class=\"wp-block-paragraph\">El Fascismo se caracteriza por eliminar el disenso,\nes decir no permite que se le contradiga y para imponerse la violencia es una\nde sus herramientas preferidas. Como humanidad ya tuvimos la experiencia de lo\nque significa que el fascismo se imponga en el mundo, nos cost\u00f3 millones de\nvidas humanas y una conflagraci\u00f3n global.<\/p>\n\n\n\n<p class=\"wp-block-paragraph\">El fascismo est\u00e1 regresando por sus antiguos fueros\ny en Hidalgo tenemos ya algunas de esas expresiones. Los llamados grupos provida\nson un claro ejemplo de ello.<\/p>\n\n\n\n<p class=\"wp-block-paragraph\">Estos grupos han amenazado de muerte a Diputadas y\nDiputados que est\u00e1n por la despenalizaci\u00f3n del aborto, han tomado violentamente\nla tribuna del Congreso y en la semana que termin\u00f3 bloquearon la autopista\nM\u00e9xico-Pachuca provocando un accidente que termin\u00f3 con la vida de un hombre y\nest\u00e1n completamente dispuestos a sembrar el odio en tierra hidalguense.<\/p>\n\n\n\n<p class=\"wp-block-paragraph\">Estos y estas que se dicen a favor de la vida, s\u00f3lo\ncausan muerte. No es casualidad que est\u00e9n encabezados por hombres, uno de\nellos, Asael Hern\u00e1ndez, qui\u00e9n se ha tratado de distanciar, pero la ingenuidad\nno es una de mis caracter\u00edsticas. Asael es sin lugar a dudas, una de las manos\nque mecen la cuna. Claro mandan al frente a las mujeres, esas porristas del\npatriarcado que lamen la cadena que las ata y pretenden que todas las mujeres\nactuemos de la misma manera.<\/p>\n\n\n\n<p class=\"wp-block-paragraph\">Eso es ser antidemocr\u00e1tico, anti-derechos humanos,\nanti-progreso, anti-paz, anti-equidad, anti-igualdad, en suma, son lo opuesto a\nlo que aspiramos como humanidad.<\/p>\n\n\n\n<p class=\"wp-block-paragraph\">Los fascistas no quieren la despenalizaci\u00f3n del\naborto, no porque est\u00e9n a favor de la vida, est\u00e1n a favor del estatus quo, del\nsistema patriarcal, \u00e9se que favorece y da tantos privilegios a los hombres, que\nhan utilizado la maternidad como una forma m\u00e1s de controlar y dominar a las\nmujeres. Claro nos la han edulcorado y nos han hecho creer que eso queremos\ntodas, pero en m\u00e1s de un caso, han hecho de nuestra posibilidad biol\u00f3gica de\ndar vida, una esclavitud m\u00e1s a su servicio.<\/p>\n\n\n\n<p class=\"wp-block-paragraph\">En lo opuesto las feministas que encabezamos un\nmovimiento civilizatorio y eminentemente pacifista queremos que la maternidad\nsea deseada y no impuesta, que la maternidad sea gozosa y no una carga y que\nsean las mujeres las que decidan sobre su cuerpo y su circunstancia, porque eso\nes democracia, eso es paz, eso son derechos humanos, eso es equidad e igualdad.<\/p>\n\n\n\n<p class=\"wp-block-paragraph\">El di\u00e1logo y la argumentaci\u00f3n han sido nuestras\nherramientas. En la llamada Ola Verde de Hidalgo que inici\u00f3 Bertha Miranda y\ndonde nos hemos montado sus amigas y compa\u00f1eras feministas, seguiremos\ninsistiendo en la despenalizaci\u00f3n del aborto, para favorecer a las mujeres\nmarginadas y pauperizadas por este sistema. El aborto es legal en Hidalgo bajo\nciertas circunstancias, pero s\u00f3lo acceden a \u00e9l quienes tienen posibilidades\necon\u00f3micas de hacerlo. Se trata de que sea libre, legal, seguro y gratuito.<\/p>\n\n\n\n<p class=\"wp-block-paragraph\">Es una l\u00e1stima que haya sido a trav\u00e9s de la\nviolencia c\u00f3mo las y los Diputados del Congreso se dan cuenta al fin de la\nenorme diferencia entre la Ola Verde y los grupos pro vida, como lo he dicho en\nlas redes sociales y lo reafirmo aqu\u00ed en este espacio, mi sororidad total con\nlas y los Diputados que buscan que los derechos humanos alcancen a la mayor\u00eda\nde la poblaci\u00f3n hidalguense, la sociedad entera se los reconocer\u00e1.<\/p>\n\n\n\n<p class=\"wp-block-paragraph\">Lo que no entiendo es el silencio de las autoridades\ngubernamentales de Hidalgo ante los hechos provocados por los fascistas de pro\nvida. Estos grupos est\u00e1n haciendo lo que tienen que hacer para imponerse, si no\nhay una clara reacci\u00f3n y oposici\u00f3n de la administraci\u00f3n de Omar Fayad, podr\u00eda\nparecer que los favorece. La fallida pol\u00edtica murillista de \u201cdejar hacer, dejar\npasar\u201d no nos ha hecho ning\u00fan bien, ah\u00ed est\u00e1 el enorme fracaso de la \u201cverdad\nhist\u00f3rica\u201d.<\/p>\n\n\n\n<p class=\"wp-block-paragraph\">Es necesario que Omar Fayad se pronuncie en contra\nde la violencia de los fascistas y por la paz en el estado. Debe garantizar\ntambi\u00e9n la integridad de los legisladores y de quienes defendemos los derechos\nhumanos de las mujeres y en consecuencia abogamos por la despenalizaci\u00f3n del\naborto.<\/p>\n\n\n\n<p class=\"wp-block-paragraph\">La pr\u00f3xima semana la segunda parte, saludos a todas\ny todos.<\/p>\n\n\n\n<p class=\"wp-block-paragraph\">botellalmar2017@yahoo.com<\/p>\n","protected":false},"excerpt":{"rendered":"<p>Fascismo parte I<\/p>\n","protected":false},"author":3,"featured_media":9095,"comment_status":"open","ping_status":"open","sticky":false,"template":"","format":"standard","meta":{"_monsterinsights_skip_tracking":false,"footnotes":""},"categories":[690,98,84],"tags":[],"class_list":["post-13800","post","type-post","status-publish","format-standard","has-post-thumbnail","category-690","category-botella-al-mar","category-martha-canseco"],"_links":{"self":[{"href":"https:\/\/redsemlac.com\/semmexico\/wp-json\/wp\/v2\/posts\/13800","targetHints":{"allow":["GET"]}}],"collection":[{"href":"https:\/\/redsemlac.com\/semmexico\/wp-json\/wp\/v2\/posts"}],"about":[{"href":"https:\/\/redsemlac.com\/semmexico\/wp-json\/wp\/v2\/types\/post"}],"author":[{"embeddable":true,"href":"https:\/\/redsemlac.com\/semmexico\/wp-json\/wp\/v2\/users\/3"}],"replies":[{"embeddable":true,"href":"https:\/\/redsemlac.com\/semmexico\/wp-json\/wp\/v2\/comments?post=13800"}],"version-history":[{"count":0,"href":"https:\/\/redsemlac.com\/semmexico\/wp-json\/wp\/v2\/posts\/13800\/revisions"}],"wp:featuredmedia":[{"embeddable":true,"href":"https:\/\/redsemlac.com\/semmexico\/wp-json\/wp\/v2\/media\/9095"}],"wp:attachment":[{"href":"https:\/\/redsemlac.com\/semmexico\/wp-json\/wp\/v2\/media?parent=13800"}],"wp:term":[{"taxonomy":"category","embeddable":true,"href":"https:\/\/redsemlac.com\/semmexico\/wp-json\/wp\/v2\/categories?post=13800"},{"taxonomy":"post_tag","embeddable":true,"href":"https:\/\/redsemlac.com\/semmexico\/wp-json\/wp\/v2\/tags?post=13800"}],"curies":[{"name":"wp","href":"https:\/\/api.w.org\/{rel}","templated":true}]}}