{"id":13790,"date":"2019-11-11T18:11:01","date_gmt":"2019-11-11T18:11:01","guid":{"rendered":"https:\/\/redsemlac.com\/semmexico\/?p=13790"},"modified":"2023-07-21T15:13:43","modified_gmt":"2023-07-21T20:13:43","slug":"opinion-208","status":"publish","type":"post","link":"https:\/\/redsemlac.com\/semmexico\/opinion-208\/","title":{"rendered":"Alfa Omega"},"content":{"rendered":"\n<h2 class=\"wp-block-heading\">Perdimos a la respetada y reconocida Ministra en retiro<\/h2>\n\n\n\n<ul class=\"wp-block-list\"><li><strong>Por supuesto que es una reforma inconstitucional<\/strong><\/li><\/ul>\n\n\n\n<p class=\"wp-block-paragraph\"><strong>Jorge Herrera Valenzuela<\/strong><\/p>\n\n\n\n<pre style=\"text-align:right\" class=\"wp-block-verse\"><em>Un cordial saludo a los sufridos Carteros de M\u00e9xico, el martes pr\u00f3ximo es su D\u00eda<\/em><\/pre>\n\n\n\n<p class=\"wp-block-paragraph\">SemM\u00e9xico,\n11 noviembre 2019.- \u201c<strong>La imagen que yo\nten\u00eda de do\u00f1a Olga, se me vino abajo<\/strong>\u201d, con un dejo de tristeza <strong>Armando Rojas Ar\u00e9valo <\/strong>escribi\u00f3 en su\ncolumna \u201cEpistolario\u201d, al enterarse que do\u00f1a <strong>Mar\u00eda del Carmen Olga S\u00e1nchez Cordero D\u00e1vila <\/strong>avalaba la \u201cLey Bonilla\u201d.Jam\u00e1s cre\u00ed que la respetada y\nrespetable jurista, que durante veinte a\u00f1os ocup\u00f3 un sitial en la Suprema Corte\nde Justicia de la Naci\u00f3n, aceptase que impunemente se violentara el marco\njur\u00eddico vigente, m\u00e1xime que la ministra en retiro es la titular de la\nSecretar\u00eda de Gobernaci\u00f3n y responsable de la pol\u00edtica interior.<\/p>\n\n\n\n<p class=\"wp-block-paragraph\">En sus\nestancia en Baja California, a donde acudi\u00f3 con la representaci\u00f3n presidencial\na la toma de posesi\u00f3n del empresario mexicano-norteamericano <strong>Jaime Bonilla Valdez<\/strong>, la tambi\u00e9n\nprimera Notaria P\u00fablica de la Ciudad de M\u00e9xico, produjo unas confusas opiniones\nen torno a la maniobra de diputados locales para que el nuevo mandatario funja\ncomo tal durante cinco a\u00f1os y no los dos para que fue electo el pasado 2 de\njunio, respaldado por el Movimiento de Regeneraci\u00f3n Nacional, inscrito en el\nInstituto Nacional Electoral como partido pol\u00edtico <strong>Morena.<\/strong><\/p>\n\n\n\n<p class=\"wp-block-paragraph\">Recordaremos\notros traspi\u00e9s de la marginada secretar\u00eda de Gobernaci\u00f3n, pero antes comentar\nque desde el principio de este asunto, la inconstitucional <strong>Ley Bonilla<\/strong>, el presidente <strong>Andr\u00e9s\nManuel L\u00f3pez Obrador<\/strong> ha demostrado subliminal apoyo a ese suceso y lo hace\ncon miras a una reforma \u201cmayor\u201d para que \u00e9l puede seguir en el poder, aunque lo\nhaya negado, firmado y reiterado. En su oportunidad declar\u00f3: \u201cLo \u00fanico que\nquisiera aclarar (sic) es que no me involucraran en este asunto, porque buscan\necharme la culpa de todo. No tuve nada que ver, ya no es el tiempo de antes en\nque estas cosas decisiones se tomaban desde arriba\u201d. <strong>A aclaraci\u00f3n no pedida, culpabilidad manifiesta<\/strong>.<\/p>\n\n\n\n<p class=\"wp-block-paragraph\">Bueno,\npues retomo el tema central. Sucede que do\u00f1a Olga olvida que d\u00edas despu\u00e9s del\n24 de julio, aprobada la mencionada reforma constitucional, estatal, declar\u00f3\nque dicha modificaci\u00f3n \u201c\u2026<strong>por supuesto\nque es una reforma inconstitucional<\/strong>\u201d, pero adelant\u00f3 \u201csoy respetuosa del\nCongreso Local\u201d o sea que a pesar de ser una responsabilidad suya el evitar\nhechos de esa naturaleza, facultad constitucionalmente se\u00f1alada, se\nautomargin\u00f3. El otorgar tres a\u00f1os m\u00e1s al gobierno de Bonilla se aprob\u00f3 en una\nsesi\u00f3n nocturna, a puerta cerrada, en una sede improvisada en el municipio de\nRosarito.<\/p>\n\n\n\n<p class=\"wp-block-paragraph\">El 26\nde septiembre en el Senado de la Rep\u00fablica y a pregunta de la tlaxcalteca <strong>Beatriz Elena Paredes Rangel<\/strong>, la\njurista S\u00e1nchez Cordero D\u00e1vila de Garc\u00eda Villegas contest\u00f3: \u201cExpres\u00e9 hace meses\no semanas <strong>mi opini\u00f3n personal<\/strong>: la\nreforma es inconstitucional. No he cambiado, punto y la sostengo\u201d. Y en Baja\nCalifornia asever\u00f3: \u201c<strong>Una cosa es legal y\notra constitucional<\/strong>\u201d, a\u00f1adiendo que \u201cEntonces es legal, porque la norma es\nvigente, es inconstitucional o no, eso lo tiene que determinar el Tribunal\nConstitucional del Estado mexicano\u201d. Adem\u00e1s de este \u201cgalimat\u00edas jur\u00eddico\u201d, do\u00f1a\nOlga debe saber que en la actualidad sus opiniones no son de car\u00e1cter personal,\npues es la cabeza de un gabinete presidencial.<\/p>\n\n\n\n<p class=\"wp-block-paragraph\">Para\nconcluir, por esta ocasi\u00f3n, es lamentable que una distinguida mexicana, una\njurista de talla internacional, en un a\u00f1o metida a los terrenos de la pol\u00edtica,\ndonde ella jam\u00e1s hab\u00eda estado, desgaste su personalidad y deje que los asuntos\nmigratorios est\u00e9n en manos del secretario de Relaciones Exteriores y los\nasuntos pol\u00edticos los maneje un subsecretario de su propia dependencia. Esposa\ny madre de notarios p\u00fablicos, funci\u00f3n que desde 1984 realiza ella, como primera\nNotaria P\u00fablica de la Ciudad de M\u00e9xico, con un brillante desempe\u00f1o acad\u00e9mico.\nLa interrogante es, \u00bfQu\u00e9 la obliga a estar en un sitio al que fue llevada para\n\u201cvestir\u201d a un gabinete presidencial que est\u00e1 sojuzgado por el propio presidente\nde la Rep\u00fablica?<\/p>\n\n\n\n<p class=\"wp-block-paragraph\"><strong>Pregunta para meditar:<\/strong><\/p>\n\n\n\n<p class=\"wp-block-paragraph\">\u00bfSer\u00e1\nla \u201cLey Bonilla\u201d el antecedente m\u00e1s firme para una \u201cLey L\u00f3pez Obrador\u201d?<\/p>\n\n\n\n<p class=\"wp-block-paragraph\"><strong>El fantasma de la confusi\u00f3n<\/strong><\/p>\n\n\n\n<p class=\"wp-block-paragraph\">Aquel\n23 de mayo de 1993 en las puertas del Aeropuerto Internacional de Guadalajara estaba\ndetenido el autom\u00f3vil donde se encontraba el <strong>Cardenal Jos\u00e9 Juan Posadas Ocampo<\/strong>, cuando fue acribillado a tiros\njunto con su chofer. Los sicarios tambi\u00e9n dieron muerte a unas personas en el\nestacionamiento y por ello se habl\u00f3 de una acci\u00f3n de \u201cfuego cruzado\u201d y m\u00e1s\ntarde el entonces Procurador General de la Rep\u00fablica, <strong>Jorge Carpizo McGregor,<\/strong> hizo circular la versi\u00f3n de que se trat\u00f3 de\nun homicidio \u201cpor confusi\u00f3n\u201d derivado de un encuentro de gente de los <strong>Arellano F\u00e9lix<\/strong> y de \u201c<strong>El Chapo<\/strong>\u201d <strong>Guzm\u00e1n<\/strong>. Jam\u00e1s se comprob\u00f3 que hubo confusi\u00f3n.<\/p>\n\n\n\n<p class=\"wp-block-paragraph\">Pues\nbien, el fantasma de la confusi\u00f3n ha retornado. Es muy triste que el gobierno\nlopezobradorista reiteradamente nos diga que en el m\u00faltiple asesinato de la\nfamilia <strong>Le Bar\u00f3n<\/strong>, las tres mujeres y\nlos nueve ni\u00f1os fueron v\u00edctimas del enfrentamiento entre narcotraficantes,\nquienes confundieron a los ocupantes de las camionetas. Los antecedentes de un\nhomicidio, de un secuestro y de las amenazas constantes a la familia de\nmormones mexicanos-norteamericanos, son clar\u00edsimos elementos junto con los\ntestimonios que se han hecho p\u00fablicos. \u00bfCu\u00e1l confusi\u00f3n?<\/p>\n\n\n\n<p class=\"wp-block-paragraph\"><strong>Apapachos y bombones, no tiros<\/strong><\/p>\n\n\n\n<p class=\"wp-block-paragraph\">Si algo\nme queda claro, es que los narcotraficantes, los de la delincuencia organizada\ny los de la no organizada, pueden actuar \u201climpiamente\u201d, cometer sus atracos sin\nobst\u00e1culo alguno, dormir tranquilos y gozar de la vida. Estamos en la etapa de\npedirle a los narcos que piensen en sus mamacitas y no sean tan\nsanguinarios,&nbsp; los v\u00e1ndalos ser\u00e1n\nacusados con sus abuelitos y los raterillos casi nunca son identificados y\nmenos capturados.<\/p>\n\n\n\n<p class=\"wp-block-paragraph\">El\nSe\u00f1or Presidente ha dicho que la violencia y la inseguridad en que vivimos \u201c<strong>es herencia de una pol\u00edtica fracasada que\nnunca m\u00e1s se volver\u00e1 a aplicar en el pa\u00eds\u201d <\/strong>y \u201c<strong>no<\/strong> <strong>vamos a seguir el mismo\ncamino trillado de siempre<\/strong>\u201d. En su permanente posici\u00f3n de pie frente a un\nmicr\u00f3fono en el Sal\u00f3n Tesorer\u00eda, en Palacio Nacional, al referirse a los\nsucesos registrados en Culiac\u00e1n y en Sonora, dijo que eso \u201c<strong>alent\u00f3 a los afanes autoritarios del uso de la fuerza\u201d<\/strong>. Su pol\u00edtica\nes de no violencia para acabar con la violencia, pero ese lenguaje solo lo\nentiende \u00e9l y la inseguridad reina en todo el pa\u00eds, \u201cabrazos, no balazos\u201d,\nbombones, dulces y apapachos para los que delinquen y punto.<\/p>\n\n\n\n<p class=\"wp-block-paragraph\"><strong>P.D.<\/strong> El cantante de los a\u00f1os sesenta <strong>Enrique Guzm\u00e1n <\/strong>al enterarse por los\nmedios period\u00edsticos de que el gobierno le congel\u00f3 sus cuentas bancarias, se\nmostr\u00f3 sorprendido porque no recibi\u00f3 ning\u00fan oficio y asegura no tener nada\npendiente con el fisco. Sin embargo el Servicio de Administraci\u00f3n Tributaria, a\nlas \u00f3rdenes de <strong>Margarita R\u00edos Farjat<\/strong>\nen las redes sociales inform\u00f3 que el ex de <strong>Silvia\nPinal<\/strong> si tiene adeudos. Lo cierto es que en este sexenio de austeridad\nrepublicana, est\u00e1 en pr\u00e1ctica \u201cel congelamiento\u201d sin apoyo jur\u00eddico y se dice\nque es la f\u00f3rmula lopezobradorista para recaudar dinero y atender los programas\nsociales y cubrir los cinco mil millones de pesos que se autorizaron para\npromover el b\u00e9isbol. Los contribuyentes llaman a esta innovadora etapa: <strong>Terrorismo Fiscal<\/strong>\u2026En la pr\u00f3xima entrega\ncomentaremos la imposici\u00f3n de <strong>Rosario\nPiedra<\/strong> en la presidencia de la CNDH y la reelecci\u00f3n del rector de la UNAM, <strong>Enrique Luis Graue Wiechers<\/strong>.<\/p>\n\n\n\n<p class=\"wp-block-paragraph\"><strong>jherrerav@live.com.mx<\/strong>&nbsp; <em>&nbsp;<\/em><\/p>\n","protected":false},"excerpt":{"rendered":"<p>Perdimos a la respetada y reconocida Ministra en retiro<\/p>\n","protected":false},"author":3,"featured_media":13791,"comment_status":"open","ping_status":"open","sticky":false,"template":"","format":"standard","meta":{"_monsterinsights_skip_tracking":false,"footnotes":""},"categories":[690,94,107],"tags":[],"class_list":["post-13790","post","type-post","status-publish","format-standard","has-post-thumbnail","category-690","category-jorge-herrera-valenzuela","category-rafaga"],"_links":{"self":[{"href":"https:\/\/redsemlac.com\/semmexico\/wp-json\/wp\/v2\/posts\/13790","targetHints":{"allow":["GET"]}}],"collection":[{"href":"https:\/\/redsemlac.com\/semmexico\/wp-json\/wp\/v2\/posts"}],"about":[{"href":"https:\/\/redsemlac.com\/semmexico\/wp-json\/wp\/v2\/types\/post"}],"author":[{"embeddable":true,"href":"https:\/\/redsemlac.com\/semmexico\/wp-json\/wp\/v2\/users\/3"}],"replies":[{"embeddable":true,"href":"https:\/\/redsemlac.com\/semmexico\/wp-json\/wp\/v2\/comments?post=13790"}],"version-history":[{"count":0,"href":"https:\/\/redsemlac.com\/semmexico\/wp-json\/wp\/v2\/posts\/13790\/revisions"}],"wp:featuredmedia":[{"embeddable":true,"href":"https:\/\/redsemlac.com\/semmexico\/wp-json\/wp\/v2\/media\/13791"}],"wp:attachment":[{"href":"https:\/\/redsemlac.com\/semmexico\/wp-json\/wp\/v2\/media?parent=13790"}],"wp:term":[{"taxonomy":"category","embeddable":true,"href":"https:\/\/redsemlac.com\/semmexico\/wp-json\/wp\/v2\/categories?post=13790"},{"taxonomy":"post_tag","embeddable":true,"href":"https:\/\/redsemlac.com\/semmexico\/wp-json\/wp\/v2\/tags?post=13790"}],"curies":[{"name":"wp","href":"https:\/\/api.w.org\/{rel}","templated":true}]}}