{"id":13787,"date":"2019-11-10T18:37:51","date_gmt":"2019-11-10T18:37:51","guid":{"rendered":"https:\/\/redsemlac.com\/semmexico\/?p=13787"},"modified":"2023-07-21T15:13:43","modified_gmt":"2023-07-21T20:13:43","slug":"desde-la-mano-izquierda-violencia-sexual","status":"publish","type":"post","link":"https:\/\/redsemlac.com\/semmexico\/desde-la-mano-izquierda-violencia-sexual\/","title":{"rendered":"Desde la mano izquierda: Violencia sexual"},"content":{"rendered":"\n<p class=\"wp-block-paragraph\"><strong>Por:  Claudia Almaguer <\/strong><\/p>\n\n\n\n<p class=\"wp-block-paragraph\">SemM\u00e9xico. 10 de noviembre 2019.- Hay un aprendizaje que ninguna mujer deber\u00eda de dar s\u00ed el M\u00e9xico en el que vivimos fuese verdaderamente igualitario, se produce estrictamente entre nosotras, es intergeneracional y se provee como una forma leg\u00edtima de procuraci\u00f3n, de afecto. Quisiera explicar con mucha m\u00e1s claridad esto, los cuidados que todos los d\u00edas hacemos las mujeres con nuestras hijas, o con otras j\u00f3venes conocidas y cercanas para que no les pase nada.<\/p>\n\n\n\n<p class=\"wp-block-paragraph\">Porque ninguna mujer nace con el miedo en el cuerpo, ni provienen del instinto todas las decisiones que debemos tomar durante el d\u00eda para evitar ser agredidas, as\u00ed que entrenar en eso, a observar el entorno en el espacio p\u00fablico, medir la distancia en el camino entre nosotras y los hombres que pasan al lado, ubicar los sitios sin luz, las construcciones, bajarse de la banqueta, saber con quienes salimos y a qu\u00e9 horas, que ropa usamos o en qu\u00e9 nos movemos es ense\u00f1ar a vivir constantemente alerta y es completamente injusto.<\/p>\n\n\n\n<p class=\"wp-block-paragraph\">Sin embargo, no son imaginaciones los peligros de los que queremos proteger a las m\u00e1s j\u00f3venes, ya lo hemos escrito antes, en San Luis Potos\u00ed de acuerdo a la Encuesta Nacional sobre la Din\u00e1mica de las Relaciones en los Hogares 2016 del INEGI, en San Luis Potos\u00ed cerca de 195 mil mujeres fueron sometidas a alg\u00fan tipo de intimidaci\u00f3n, hostigamiento, acoso o abuso sexual, que van desde se\u00f1alamientos obscenos; que las hayan seguido en la calle para intimidarlas sexualmente; que les hayan hecho propuestas de tipo sexual; o bien que directamente las hayan manoseado sin su consentimiento o hasta que las hayan violado.<\/p>\n\n\n\n<p class=\"wp-block-paragraph\">No sucede s\u00f3lo aqu\u00ed, a nivel nacional de las agresiones ocurridas en la calle el 68.8 % fueron de tipo sexual como piropos groseros y ofensivos, intimidaci\u00f3n, acecho, abuso sexual, violaci\u00f3n e intento de violaci\u00f3n, de hecho en M\u00e9xico 1 de cada 3 mujeres hemos experimentado alg\u00fan tipo de violencia sexual en los espacios p\u00fablicos.<\/p>\n\n\n\n<p class=\"wp-block-paragraph\">Al respecto la publicaci\u00f3n denominada \u201cCiudades y espacios p\u00fablicos seguros para mujeres y ni\u00f1as\u201d de ONU Mujeres se\u00f1ala: \u201cEl acoso y la violencia sexual es un problema universal que ocurre en las calles, en el transporte p\u00fablico y en las escuelas, universidades y lugares de trabajo, en parques, en ba\u00f1os p\u00fablicos y en puntos de distribuci\u00f3n de agua y alimentos, en los mercados y en los propios hogares. Esta realidad limita la libertad de movimiento de mujeres y ni\u00f1as. Reduce su capacidad de estudiar, trabajar y participar plenamente en la vida p\u00fablica, acceder a servicios esenciales y a disfrutar de oportunidades culturales y de ocio.\u201d<\/p>\n\n\n\n<p class=\"wp-block-paragraph\">Por lo tanto nosotras tenemos el mismo derecho a caminar por la calle, a salir y hacer uso de todos los espacios que conforman nuestra cotidianidad sin tomar tantas malditas precauciones y a pesar de que ninguna joven tendr\u00eda que restringirse de salir porque es demasiado tarde o demasiado temprano, las violencias que suceden en su contra constituyen un grave riesgo pero tambi\u00e9n son una violaci\u00f3n a los derechos humanos ampliamente tolerada por la sociedad.<\/p>\n\n\n\n<p class=\"wp-block-paragraph\">Debido a ello, recientemente la ONU y otras instituciones dieron a conocer una campa\u00f1a dirigida a los hombres para que reconozcan los tipos de acoso sexual que llevan a cabo y paren, es interesante que en los grupos focales realizados para construir esta acci\u00f3n hayan encontrado que los hombres se deslindan y rechazan cualquier iniciativa que tenga que ver con la igualdad de g\u00e9nero o para eliminar la violencia contra las mujeres, que los j\u00f3venes en este tipo de mensajes se sientan aleccionados y que la \u00fanica manera en que escuchan sea cuando hablan otros hombres; y lo es porque ya son sendos indicativos de lo machista que es la masculinidad mexicana.<\/p>\n\n\n\n<p class=\"wp-block-paragraph\">Y aunque la campa\u00f1a \u201cDejemos de hacerlo\u201d http:\/\/dejemosdehacerlo.com\/ es sumamente amigable dado que en ella no se menciona que algunas de las formas que exhibe de acoso sexual tambi\u00e9n constituyen delitos, ojal\u00e1 que de verdad funcione \u00bfno lo cree? Porque ya es justo que quienes violentan a las mujeres aprendan a ser civilizados en lugar de que nosotras tengamos que ense\u00f1ar a tener miedo. A m\u00e1s ver.<\/p>\n","protected":false},"excerpt":{"rendered":"<p>que ninguna mujer nace con el miedo en el cuerpo, ni provienen del instinto todas las decisiones que debemos tomar durante el d\u00eda para evitar ser agredidas<\/p>\n","protected":false},"author":3,"featured_media":13788,"comment_status":"open","ping_status":"open","sticky":false,"template":"","format":"standard","meta":{"_monsterinsights_skip_tracking":false,"footnotes":""},"categories":[690,82,110],"tags":[],"class_list":["post-13787","post","type-post","status-publish","format-standard","has-post-thumbnail","category-690","category-la-opinion","category-la-opinion-columnas"],"_links":{"self":[{"href":"https:\/\/redsemlac.com\/semmexico\/wp-json\/wp\/v2\/posts\/13787","targetHints":{"allow":["GET"]}}],"collection":[{"href":"https:\/\/redsemlac.com\/semmexico\/wp-json\/wp\/v2\/posts"}],"about":[{"href":"https:\/\/redsemlac.com\/semmexico\/wp-json\/wp\/v2\/types\/post"}],"author":[{"embeddable":true,"href":"https:\/\/redsemlac.com\/semmexico\/wp-json\/wp\/v2\/users\/3"}],"replies":[{"embeddable":true,"href":"https:\/\/redsemlac.com\/semmexico\/wp-json\/wp\/v2\/comments?post=13787"}],"version-history":[{"count":0,"href":"https:\/\/redsemlac.com\/semmexico\/wp-json\/wp\/v2\/posts\/13787\/revisions"}],"wp:featuredmedia":[{"embeddable":true,"href":"https:\/\/redsemlac.com\/semmexico\/wp-json\/wp\/v2\/media\/13788"}],"wp:attachment":[{"href":"https:\/\/redsemlac.com\/semmexico\/wp-json\/wp\/v2\/media?parent=13787"}],"wp:term":[{"taxonomy":"category","embeddable":true,"href":"https:\/\/redsemlac.com\/semmexico\/wp-json\/wp\/v2\/categories?post=13787"},{"taxonomy":"post_tag","embeddable":true,"href":"https:\/\/redsemlac.com\/semmexico\/wp-json\/wp\/v2\/tags?post=13787"}],"curies":[{"name":"wp","href":"https:\/\/api.w.org\/{rel}","templated":true}]}}