{"id":13785,"date":"2019-11-10T18:29:08","date_gmt":"2019-11-10T18:29:08","guid":{"rendered":"https:\/\/redsemlac.com\/semmexico\/?p=13785"},"modified":"2023-07-21T15:13:44","modified_gmt":"2023-07-21T20:13:44","slug":"especial-caida-del-muro-de-berlin-a-30-anos-de-distancia","status":"publish","type":"post","link":"https:\/\/redsemlac.com\/semmexico\/especial-caida-del-muro-de-berlin-a-30-anos-de-distancia\/","title":{"rendered":"Especial: ca\u00edda del Muro de Berl\u00edn, a 30 a\u00f1os de distancia"},"content":{"rendered":"\n<h2 class=\"wp-block-heading\"><strong>Enfrentan desempleo, marginaci\u00f3n y pobreza<\/strong><\/h2>\n\n\n\n<p class=\"has-small-font-size wp-block-paragraph\"><em>Esta indagaci\u00f3n period\u00edstica no habr\u00eda sido posible sin el apoyo de la Fundaci\u00f3n Friedrich Ebert y la cooperaci\u00f3n decisiva de Isabel Basterra, Elizabeth Klose, Mariane Braig y Peter Sthorandt por sus orientaciones y traducci\u00f3n de charlas, entrevistas y sondeos en ambas Alemanias.<\/em><\/p>\n\n\n\n<ul class=\"wp-block-list\"><li><strong>En la transici\u00f3n de la RDA perder\u00e1n m\u00e1s\nlas mujeres<\/strong><\/li><\/ul>\n\n\n\n<p class=\"wp-block-paragraph\"><strong>Tercera parte.<\/strong><\/p>\n\n\n\n<p class=\"wp-block-paragraph\"><strong>Sara Lovera, enviada\/III,&nbsp;Berl\u00edn,\n28 de abril, 1990.-<\/strong>&nbsp;Con\nla transici\u00f3n de un pa\u00eds socialista a un pa\u00eds de econom\u00eda de mercado, en la RDA\nlas que m\u00e1s tienen que perder son las mujeres.<\/p>\n\n\n\n<p class=\"wp-block-paragraph\">Unabhanginger- Frauen o Liga\nAut\u00f3noma de Mujeres advierte este peligro en carteles distribuidos en todo el\npa\u00eds y llama a la resistencia. En aulas universitarias, centros de trabajo,\nagrupaciones populares, entre los padres de familia y en las iglesias hacen la\nresistencia.<\/p>\n\n\n\n<p class=\"wp-block-paragraph\">Peligra el empleo para 4 millones\nde ellas; el derecho al aborto se est\u00e1 discutiendo, desaparecen las guarder\u00edas\ninfantiles, las mujeres no est\u00e1n representadas en la Asamblea Legislativa, la\nhuida de los hombres al occidente ha dejado solas a millares en todo el pa\u00eds y\nm\u00e1s de 800 mil viudas de la guerra ver\u00e1n reducidas sus pensiones al 30 por\nciento, cuando se materialice, finalmente, la unificaci\u00f3n monetaria.&nbsp;<\/p>\n\n\n\n<p class=\"wp-block-paragraph\">En el cuarto piso de la Casa de\nla Democracia, abierta hace 4 meses en uno de los edificios del antiguo partido\nde Estado, Petra Wunderlid, encargada de las relaciones internacionales de la\nLiga, atiende todos los d\u00edas a mujeres de la RFA, de B\u00e9lgica, Holanda, Francia\no Inglaterra; organiza visitas a las f\u00e1bricas, a los centros infantiles, a los\ncampos y a las escuelas. \u201cEstamos preparando la plataforma de una Asociaci\u00f3n\nPol\u00edtica que nos permita participar en todas las elecciones, en todas las\nactividades pol\u00edticas y econ\u00f3micas\u201d afirma mientras un grupo de visitantes\nquiere conocer todos los detalles.<\/p>\n\n\n\n<p class=\"wp-block-paragraph\">Martina Krause, del departamento\nde demograf\u00eda de la Universidad Humboldt inform\u00f3 que durante la primera semana\nde abril naci\u00f3 la Organizaci\u00f3n de Padres y Madres Solos porque han empezado a\ncerrar guarder\u00edas y medio mill\u00f3n de ni\u00f1os quedar\u00e1n sin servicio antes de julio\npr\u00f3ximo. Se organizan en los barrios de todas las ciudades del pa\u00eds.<\/p>\n\n\n\n<p class=\"wp-block-paragraph\">En Erfurt, en el sur de la RDA\ncerraron una f\u00e1brica de focos, por lo que mujeres y ni\u00f1os perdieron empleo y\nprotecci\u00f3n, dice Martina al hacer notar que una noticia como \u00e9sta \u2013de cierre de\nempresas- se conoce todos los d\u00edas.<\/p>\n\n\n\n<p class=\"wp-block-paragraph\">Las mujeres en la RDA, antes de\nlos cambios ten\u00edan muchas garant\u00edas,&nbsp;aun&nbsp;cuando no hab\u00edan logrado\nsuperar diversos grados de discriminaci\u00f3n. En la estructura productiva\nrepresentaban el 40 por ciento de los trabajadores; del total de trabajadoras\ns\u00f3lo el&nbsp;37.1 por&nbsp;ciento lo hac\u00eda en la industria; el 49.1 por ciento\nen los servicios y el 8.3 por ciento restantes en la agricultura. Su\nsegregaci\u00f3n es muy semejante a la de la estructura mundial. La masa salarial\npor tanto significaba para las mujeres el 75 por ciento del salario de los\nhombres. No obstante, el 100 por ciento de los ni\u00f1os asist\u00edan a\nguarder\u00edas&nbsp;o escuelas de tiempo ampliado para que las mujeres pudieran\ndesarrollar sus actividades. Eso ya empez\u00f3 a cambiar.<\/p>\n\n\n\n<p class=\"wp-block-paragraph\">Petra asegura que los empresarios\nque iniciaron negociaciones para comprar empresas productivas o de servicios\nhan puesto como condici\u00f3n que&nbsp;se reduzca la participaci\u00f3n femenina.<\/p>\n\n\n\n<p class=\"wp-block-paragraph\">La actitud de los inversionistas\n\u2013japoneses, alemanes occidentales principalmente- es muy semejante a lo que\nsucede en la RFA, donde la fuerza productiva femenina es apenas del 15 por\nciento, muy inferior a los promedios de pa\u00edses como Estados Unidos, Espa\u00f1a,\nFrancia o M\u00e9xico. En la RFA s\u00f3lo el 3 por ciento de los ni\u00f1os tiene acceso a\nuna guarder\u00eda y desde que los socialcristianos dominan la escena pol\u00edtica\nexiste una campa\u00f1a permanente para que las mujeres se regresen&nbsp;a casa.\nAparentemente esto es as\u00ed porque el crecimiento poblacional est\u00e1 estancado.<\/p>\n\n\n\n<p class=\"wp-block-paragraph\">En la RDA, las mujeres empezaron\na organizarse cuando sintieron que deb\u00edan lograr nuevas reivindicaciones. Se\nopusieron a la educaci\u00f3n sexista y durante alg\u00fan tiempo consiguieron logros.\nUna mujer pod\u00eda estar en casa con un ni\u00f1o reci\u00e9n nacido hasta 3 a\u00f1os sin\n\u00b4perder su lugar de trabajo. Las cosas se agudizaron cuando empez\u00f3 a crecer el\nn\u00famero de divorcios. Se considera que la ruptura de las parejas en la RDA fue\nla m\u00e1s cuantiosa de todo el mundo socialista. Actualmente una de cada 3 mujeres\nest\u00e1 sola con sus hijos y entre los padres el 5 por ciento son solteros.<\/p>\n\n\n\n<p class=\"wp-block-paragraph\">Tras la movilizaci\u00f3n de los\ngrupos inconformes naci\u00f3 en septiembre la Liga de Mujeres Aut\u00f3nomas, en cr\u00edtica\npermanente a la Liga de Mujeres Democr\u00e1ticas,&nbsp;ap\u00e9ndice&nbsp;del partido de\nEstado, que no hab\u00eda logrado la lucha por la verdadera emancipaci\u00f3n, inform\u00f3\nPetra.<\/p>\n\n\n\n<p class=\"wp-block-paragraph\">El movimiento feminista en la RDA durante una\nprimera etapa, se dedic\u00f3 mucho tiempo al puro an\u00e1lisis y a establecer contacto\ncon los grupos que en la RFA durante los a\u00f1os 70 lograron captar a millones de\nmilitantes. En el este alem\u00e1n los primeros encuentros fueron reprimidos por\nla&nbsp;Stasi,&nbsp;se prohibieron&nbsp;sus reuniones que s\u00f3lo\nbuscaban darle al cuidado de los ni\u00f1os un signo m\u00e1s independiente y menos\nestatal. M\u00e1s libre, subraya la dirigente y menos&nbsp;estalinista.<\/p>\n\n\n\n<p class=\"wp-block-paragraph\">Frente a la represi\u00f3n oficial el\n\u00fanico espacio que lograron fue el de la Iglesia protestante, ese \u201cfue nuestro\ntecho\u201d mucho tiempo como lo fue para otros muchos grupos de oposici\u00f3n: para\nintelectuales, pobladores, j\u00f3venes y trabajadores.<\/p>\n\n\n\n<p class=\"wp-block-paragraph\">En la Liga se recuerda que mucho\ntiempo las mujeres no se plantearon una labor pol\u00edtica. Pero en el sur, en\nEufurt la cosa prendi\u00f3 y ah\u00ed se empezaron a desarrollar\nactividades&nbsp;expl\u00edcitamente pol\u00edticas. Cuando surgi\u00f3 la mesa redonda, dice\na su vez Tatjana Bohnn, \u201cya est\u00e1bamos preparadas\u201d.<\/p>\n\n\n\n<p class=\"wp-block-paragraph\">Las manifestaciones en contra del\nr\u00e9gimen estuvieron, en los meses de mayor agitaci\u00f3n, protagonizadas por miles y\nmiles de mujeres. Se empezaron a fundar grupos en todo el pa\u00eds; se descubri\u00f3\nque hab\u00eda mujeres maltratadas; que el abandono de los hombres crec\u00eda y que\nhab\u00eda graves problemas por la doble jornada de trabajo que las mujeres\ndesarrollaban.<\/p>\n\n\n\n<p class=\"wp-block-paragraph\">La organizaci\u00f3n pol\u00edtica se fund\u00f3\nen febrero, hicieron una alianza con el Partido Verde del Este para participar\nen la lista electoral para la Asamblea y la organizaci\u00f3n oficial de mujeres\nqued\u00f3 marginada. Sin&nbsp;embargo,&nbsp;un error de esa alianza, las oblig\u00f3 a\nromperla, porque, dijo Petra, \u201cning\u00fan partido&nbsp;est\u00e1 realmente interesado en\nnuestra problem\u00e1tica\u201d.&nbsp;<\/p>\n\n\n\n<p class=\"wp-block-paragraph\">Los r\u00e1pidos acontecimientos, han\nmostrado \u201cnuestra fuerza reducida\u201d. Sin&nbsp;embargo,&nbsp;ahora, en todas las\nciudades, donde hay reuniones semanales, congresos, asambleas que se\nmultiplican, las mujeres hacen la resistencia. El derecho al aborto tiene 30\na\u00f1os y se quiere limitar como en la RFA, donde la llamada \u201cindicaci\u00f3n social\u201d\npara hacer un aborto limita sus posibilidades.<\/p>\n\n\n\n<p class=\"wp-block-paragraph\">S\u00ed las mujeres participaron por\nmiles en las marchas por los cambios, \u00bfpor qu\u00e9&nbsp;gan\u00f3 la&nbsp;derecha?<\/p>\n\n\n\n<p class=\"wp-block-paragraph\">Las respuestas, dijo Petra, son\nesquizofr\u00e9nicas. La campa\u00f1a de los socialcristianos incluy\u00f3&nbsp;el\nreparto&nbsp;de pl\u00e1tanos y otras frutas que durante a\u00f1os no se consumieron en\nla RDA. Las mujeres, los trabajadores, los j\u00f3venes cuando votaron no se dieron\ncuenta&nbsp;de que sus derechos se iban a limitar en un futuro cercano. Aunque\ntambi\u00e9n hay que saber que los partidos de derecha, la alianza que gan\u00f3 en las\nelecciones, tuvo 20 millones de marcos como regalo del gobierno de la RFA para\nsus campa\u00f1as y \u201cnosotros no&nbsp;ten\u00edamos casi nada\u201d<\/p>\n\n\n\n<p class=\"wp-block-paragraph\">Hoy los carteles se distribuyen;\ncrece la resistencia. Las mujeres se forman en grandes colas para protestar por\nsu despido de f\u00e1bricas y comercios.<\/p>\n\n\n\n<p class=\"wp-block-paragraph\">Para las mujeres de la RFA ha\nsido todo un descubrimiento las ventajas que&nbsp;exist\u00edan&nbsp;que todav\u00eda\ntienen bases jur\u00eddicas-, y ahora quieren lo mismo. Por eso, como no se calcul\u00f3\nnunca el tema del trabajo de las mujeres y el de las guarder\u00edas se debate en\nlos medios de comunicaci\u00f3n cotidianamente. Los dirigentes sindicales de la DGB,\nen charlas y entrevistas manifestaron su gran preocupaci\u00f3n porque nunca hab\u00edan\nconsiderado la especificidad laboral de las mujeres. Los empresarios claman por\nla desaparici\u00f3n del ejemplo y crece, en la RDA, la campa\u00f1a por la vuelta al\nhogar.<\/p>\n","protected":false},"excerpt":{"rendered":"<p>Enfrentan desempleo, marginaci\u00f3n y pobreza<\/p>\n","protected":false},"author":3,"featured_media":13746,"comment_status":"open","ping_status":"open","sticky":false,"template":"","format":"standard","meta":{"_monsterinsights_skip_tracking":false,"footnotes":""},"categories":[690,128],"tags":[],"class_list":["post-13785","post","type-post","status-publish","format-standard","has-post-thumbnail","category-690","category-30-anos-de-la-caida-del-muro-de-berlin"],"_links":{"self":[{"href":"https:\/\/redsemlac.com\/semmexico\/wp-json\/wp\/v2\/posts\/13785","targetHints":{"allow":["GET"]}}],"collection":[{"href":"https:\/\/redsemlac.com\/semmexico\/wp-json\/wp\/v2\/posts"}],"about":[{"href":"https:\/\/redsemlac.com\/semmexico\/wp-json\/wp\/v2\/types\/post"}],"author":[{"embeddable":true,"href":"https:\/\/redsemlac.com\/semmexico\/wp-json\/wp\/v2\/users\/3"}],"replies":[{"embeddable":true,"href":"https:\/\/redsemlac.com\/semmexico\/wp-json\/wp\/v2\/comments?post=13785"}],"version-history":[{"count":0,"href":"https:\/\/redsemlac.com\/semmexico\/wp-json\/wp\/v2\/posts\/13785\/revisions"}],"wp:featuredmedia":[{"embeddable":true,"href":"https:\/\/redsemlac.com\/semmexico\/wp-json\/wp\/v2\/media\/13746"}],"wp:attachment":[{"href":"https:\/\/redsemlac.com\/semmexico\/wp-json\/wp\/v2\/media?parent=13785"}],"wp:term":[{"taxonomy":"category","embeddable":true,"href":"https:\/\/redsemlac.com\/semmexico\/wp-json\/wp\/v2\/categories?post=13785"},{"taxonomy":"post_tag","embeddable":true,"href":"https:\/\/redsemlac.com\/semmexico\/wp-json\/wp\/v2\/tags?post=13785"}],"curies":[{"name":"wp","href":"https:\/\/api.w.org\/{rel}","templated":true}]}}