{"id":13783,"date":"2019-11-09T19:31:20","date_gmt":"2019-11-09T19:31:20","guid":{"rendered":"https:\/\/redsemlac.com\/semmexico\/?p=13783"},"modified":"2023-07-21T15:13:44","modified_gmt":"2023-07-21T20:13:44","slug":"la-caida-del-muro-de-berlin-a-30-anos-de-distancia","status":"publish","type":"post","link":"https:\/\/redsemlac.com\/semmexico\/la-caida-del-muro-de-berlin-a-30-anos-de-distancia\/","title":{"rendered":"La ca\u00edda del Muro de Berl\u00edn, a 30 a\u00f1os de distancia"},"content":{"rendered":"\n<p class=\"wp-block-paragraph\"><em><strong>Esta indagaci\u00f3n\nperiod\u00edstica no habr\u00eda sido posible sin el apoyo de la Fundaci\u00f3n Friedrich\nEbert y la cooperaci\u00f3n decisiva de Isabel Basterra, Elizabeth Klose, Mariane\nBraig y Peter Sthorandt por sus orientaciones y traducci\u00f3n de charlas,\nentrevistas y sondeos en ambas Alemanias.<\/strong><\/em><strong><\/strong><\/p>\n\n\n\n<ul class=\"wp-block-list\"><li><strong>Prev\u00e9n sindicalistas la peor crisis obrero-patronal<\/strong><\/li><li><strong>Pagar\u00e1n trabajadores alemanes los costos de la reunificaci\u00f3n<\/strong><\/li><li><strong>\u00a0Temen universitarios que Helmut Kohl aumente los impuestos<\/strong><\/li><\/ul>\n\n\n\n<p class=\"has-medium-font-size wp-block-paragraph\"><strong>2da Parte. <\/strong><\/p>\n\n\n\n<p class=\"wp-block-paragraph\"><strong><em>Sara Lovera, enviada\/ Berl\u00edn, 27 de abril, 1990.<\/em><\/strong>\u00a0 La demanda de una jornada semanal de 35 horas, encabezada por el Sindicato (DGB), con sede en Frankfurt-, podr\u00eda conducir en las pr\u00f3ximas semanas a huelgas en cadena y al primer gran enfrentamiento de los trabajadores con el gobierno germano federal y los empresarios, desde que termin\u00f3 la guerra. <\/p>\n\n\n\n<p class=\"wp-block-paragraph\">El gobierno y los empresarios est\u00e1n ahora m\u00e1s ocupados en\ninvertir hasta 20 mil millones de marcos en el proyecto de la anexi\u00f3n de la\nRep\u00fablica Democr\u00e1tica de Alemania; \u00e9sta se hace sobre la marcha cuando se\nnecesitar\u00edan por lo menos cinco a\u00f1os \u201cpara no lesionar a nadie\u201d. Pero pol\u00edticos\ny capitalistas parecen no escuchar los reclamos obreros. <\/p>\n\n\n\n<p class=\"wp-block-paragraph\">La DGB, seg\u00fan una docena de sus dirigentes, incluido uno de\nlos secretarios adjuntos de la organizaci\u00f3n, considera que se atropell\u00f3 a los\ntrabajadores de ambas Alemanias; no existi\u00f3 discusi\u00f3n alguna y el acuerdo de\nlos partidos pol\u00edticos gobernantes, incluidos la socialdemocracia y el nuevo\ngobierno de la RDA, ha llevado los acontecimientos tan r\u00e1pidamente que no ha\nsido posible reflexionar. Apenas en mayo, la DGB realizar\u00e1 un congreso para\ndefinir su posici\u00f3n.<\/p>\n\n\n\n<p class=\"wp-block-paragraph\">Helmut Schauer, encargado de la pol\u00edtica salarial del\nSindicato del Metal, y Rudi Welzmuller, del Departamento de Econom\u00eda de la\nmisma organizaci\u00f3n, explicaron las dificultades de una unificaci\u00f3n que, desde\nsu punto de vista, pagar\u00e1n los trabajadores de ambas Alemanias. <\/p>\n\n\n\n<p class=\"wp-block-paragraph\">Admiten que existen recursos para pagar la inversi\u00f3n que\nhar\u00e1 de los 16 millones de habitantes de la RDA, ciudadanos federales, con el\nmismo nivel de vida y prestaciones que hay en la RFA. Pero hay problemas.<\/p>\n\n\n\n<p class=\"wp-block-paragraph\">En Alemania Federal hay tres millones de desocupados y unos\nseis millones de pobres, hay una larga discusi\u00f3n respecto al abastecimiento de\nla energ\u00eda que se importa de las plantas nucleares de Francia, el Sindicato del\nMetal perdi\u00f3 25 mil afiliados despu\u00e9s de la crisis sider\u00fargica y hay escasez de\nmano de obra calificada para las empresas de las nuevas cadenas productivas.\nAdaptar la pol\u00edtica econ\u00f3mica a la nueva realidad generada por la ca\u00edda del\nr\u00e9gimen de partido de Estado en la RDA \u201cno es cosa que pueda ocurrir de la\nnoche a la ma\u00f1ana, pero el gobierno de Kohl no quiere discutirlo\u201d. Adem\u00e1s, \u201cles\nest\u00e1n haciendo un atropello a los orientales\u201d. Lo mejor ser\u00eda esperar o formar\nuna confederaci\u00f3n.<\/p>\n\n\n\n<p class=\"wp-block-paragraph\">Para Welzmuller, la propuesta acelerada de igualdad\nmonetaria \u201cno funcionar\u00e1\u201d, porque la uni\u00f3n tendr\u00eda que ir acompa\u00f1ada por\nmedidas de pol\u00edtica econ\u00f3mica para compensar las inversiones y garantizar una perspectiva\nconfiable. Hasta ahora \u201cno conocemos un programa de compensaci\u00f3n\u201d y, al mismo\ntiempo, podemos prever una nueva emigraci\u00f3n; la habida de agosto a marzo fue de\ncasi 300 mil ciudadanos de la RDA y, desde la apertura \u201ctur\u00edstica\u201d y la \u00e9poca\nde represi\u00f3n en la RDA \u2013hace dos a\u00f1os-, han llegado al pa\u00eds dos millones de\ngermanorientales, cien mil polacos y miles de h\u00fangaros buscando trabajo.<\/p>\n\n\n\n<p class=\"wp-block-paragraph\">Las cosas son mucho m\u00e1s complicadas, advierte, \u201cporqu\u00e9,\nparalelamente, nuestro gobierno trabaja aceleradamente en el proyecto de la\nunidad econ\u00f3mica europea, prevista para 1992\u201d y antes de dar prioridad a una u\notra cosa \u201cquiere, como se dice matar dos moscas con la misma raqueta\u201d; ello\nhace pensar en un peligro pol\u00edtico aparentemente no calculado.<\/p>\n\n\n\n<p class=\"wp-block-paragraph\">Lo peor es que la transici\u00f3n podr\u00eda enfrentarse con un\nsindicalismo fuerte en la RFA, \u201cque no existe\u201d; con solidaridad \u201cque no existe\u201d\ny con claridad y discusi\u00f3n, que \u201ctampoco existen\u201d, porque a lo largo de 40 a\u00f1os\nse cre\u00f3 una sociedad individualista y \u201ctampoco sobre esto se ha reflexionado\u201d.<\/p>\n\n\n\n<p class=\"wp-block-paragraph\">Los \u201cajustes\u201d podr\u00edan ser desastrosos, se\u00f1al\u00f3 Schauer,\nporque los conflictos laborales est\u00e1n al d\u00eda. S\u00f3lo en la empresa Nikslotf, una\nde las productoras de aparatos electrodom\u00e9sticos m\u00e1s fuerte y tradicional, sin\nopci\u00f3n tecnol\u00f3gica, cuatro mil 500 puestos est\u00e1n en peligro y la\n\u201creestructuraci\u00f3n liberal\u201d, como la privatizaci\u00f3n, contin\u00faa sin que la DGB haya\npodido dar una respuesta suficiente o haya elaborado para s\u00ed misma una\nalternativa viable.<\/p>\n\n\n\n<p class=\"wp-block-paragraph\">De la presidencia federal de la DGB, el m\u00e1s elocuente es\nDieter Hocke, quien reconoce que desde hace ocho a\u00f1os la afiliaci\u00f3n sindical\nest\u00e1 estancada, porque a los obreros tradicionales \u2013cuya fuerza manual fue\npreponderante- los est\u00e1 sustituyendo una nueva cadena productiva con empleados\nde servicios computarizados, a quienes no les interesa sindicalizarse por\ntransitar a la individualizaci\u00f3n en el trabajo; a las mujeres que trabajan\ntiempos parciales tampoco les interesa y menos a los t\u00e9cnicos matem\u00e1ticos, que\nbuscan nada m\u00e1s mejorar su \u201cstatus\u201d. <\/p>\n\n\n\n<p class=\"wp-block-paragraph\">Respecto a la RDA, \u201cnuestra confusi\u00f3n es total\u201d, no s\u00f3lo\nporque no los conocemos, sino porque se necesitar\u00edan diez a\u00f1os para sanear su\neconom\u00eda, adaptarla a un sistema de mercado y resolver los problemas que de ah\u00ed\nse derivan; aparentemente nada de ello se ha tomado en cuenta.<\/p>\n\n\n\n<p class=\"wp-block-paragraph\">El problema es el c\u00f3mo. \u201cAhora seremos un pa\u00eds fuerte\u201d, se\ndice y el gobierno de la RFA fue all\u00e1 a \u201csubsidiar\u201d la campa\u00f1a electoral que se\nbas\u00f3 en promesas \u201ct\u00e9cnicamente posibles, pero pr\u00e1cticamente imposibles\u201d. El\neconomista Kloss Voy dijo en Berl\u00edn que una d\u00e9cima de inflaci\u00f3n provocar\u00e1 una\nrevuelta. Para qu\u00e9 hablar de aumento en los impuestos.<\/p>\n\n\n\n<p class=\"wp-block-paragraph\">Ahora \u201ctodas las escenas est\u00e1n abiertas\u201d, existen problemas\necon\u00f3micos. Experimentos sociales, libros y teor\u00edas. Pero \u201clos sindicatos hoy\nnos preguntamos c\u00f3mo resolver problemas sociales bajo una \u00f3ptica pol\u00edtica, cuyo\nm\u00f3vil es solamente el poder. Nuestra primera tarea ser\u00eda editar un manual de\nnegociaci\u00f3n sindical, pero estamos discutiendo si nuestras formas hoy son\nviables\u201d.<\/p>\n\n\n\n<p class=\"wp-block-paragraph\"><strong>Las dudas de los\nrepresentantes sindicales son m\u00faltiples: \u00bfQu\u00e9 significa el experimento? \u00a1Qui\u00e9n\nlo pagar\u00e1?<\/strong><\/p>\n\n\n\n<p class=\"wp-block-paragraph\">H.U. Bunger, de la secci\u00f3n sindicatos de la Fundaci\u00f3n\nFriedrich Ebert, tambi\u00e9n interroga: \u00bfQu\u00e9 pasar\u00e1 en el largo plazo? Cuando ya\nhay un mill\u00f3n de desempleados adicionales, \u00bfc\u00f3mo resolver, y sobre qu\u00e9 bases,\nla pol\u00edtica salarial?<\/p>\n\n\n\n<p class=\"wp-block-paragraph\">En la agricultura de la RDA trabajan ocho mil personas; tal\nvez s\u00f3lo la mitad es productiva. Ha empezado la destrucci\u00f3n de sectores\nindustriales \u2013el del carb\u00f3n con el argumento de la contaminaci\u00f3n-. En la RDA no\nexiste un sindicalismo como el de los pa\u00edses capitalistas, \u00bfc\u00f3mo har\u00e1 la RFA\npara establecer pol\u00edticas vinculantes, \u00bfc\u00f3mo se equilibrar\u00e1n los salarios,\n\u00bfqui\u00e9n los determinar\u00e1?<\/p>\n\n\n\n<p class=\"wp-block-paragraph\">En los puntos a discusi\u00f3n de la DGB est\u00e1n estas cuestiones,\ninclusive la conveniencia o no de transferir el sistema de convenios laborales\nporque, ahora, en la RFA se discut\u00eda su validez; \u00bfc\u00f3mo y cu\u00e1ndo se igualar\u00e1 la\ncalidad de vida, hasta qu\u00e9 punto peligra la relaci\u00f3n sindicatos- \u00bfEstado,\nfrente a un pa\u00eds donde los sindicatos eran estatales?<\/p>\n\n\n\n<p class=\"wp-block-paragraph\">El debate y la anexi\u00f3n, seg\u00fan los presupuestos de discusi\u00f3n\nde la DGB, aparecen en un momento de crisis del sindicalismo alem\u00e1n, \u201ccuando\nestamos discutiendo la formaci\u00f3n de un sindicato para la modernidad, cuando se\ninici\u00f3 la batalla de la reducci\u00f3n de jornada para abrir nuevos puestos de\ntrabajo, cuando los sindicatos est\u00e1n fuera de lugar y no han discutido nuevas\nt\u00e1cticas de afiliaci\u00f3n\u201d, dijo Hocke y agreg\u00f3 que \u201cla gran preocupaci\u00f3n es la\nrapidez de los acontecimientos. Para nosotros s\u00f3lo queda esperar, porque ya no\nfunciona ninguna l\u00f3gica\u201d.<\/p>\n\n\n\n<p class=\"wp-block-paragraph\">Para Warner Foltin, representante del sindicato del Servicio\nP\u00fablico en D\u00fcsseldorf, las cosas son claras: \u201cMe temo que en la RDA los\ntrabajadores han sido atropellados, se han destruido en unos cuantos meses su\norganizaci\u00f3n y sus logros sociales y, con el proyecto de la transici\u00f3n, no\nest\u00e1n en condiciones de defender esos logros\u201d; para los trabajadores de la RFA\nla cuesti\u00f3n de la anexi\u00f3n produce tambi\u00e9n un debilitamiento sindical, \u201clo que\nnos pone alertas para impedir que se nos ponga entre la espada y la pared\u201d. Los\nuniversitarios en el occidente est\u00e1n haciendo preparativos para enfrentar una\nnueva pol\u00edtica fiscal, ya que temen que el gobierno de Kohl pretenda pagar los\ngastos de la anexi\u00f3n con nuevos impuestos.<\/p>\n","protected":false},"excerpt":{"rendered":"<p>Pagar\u00e1n trabajadores alemanes los costos de la reunificaci\u00f3n<\/p>\n","protected":false},"author":3,"featured_media":13747,"comment_status":"open","ping_status":"open","sticky":false,"template":"","format":"standard","meta":{"_monsterinsights_skip_tracking":false,"footnotes":""},"categories":[690,128],"tags":[],"class_list":["post-13783","post","type-post","status-publish","format-standard","has-post-thumbnail","category-690","category-30-anos-de-la-caida-del-muro-de-berlin"],"_links":{"self":[{"href":"https:\/\/redsemlac.com\/semmexico\/wp-json\/wp\/v2\/posts\/13783","targetHints":{"allow":["GET"]}}],"collection":[{"href":"https:\/\/redsemlac.com\/semmexico\/wp-json\/wp\/v2\/posts"}],"about":[{"href":"https:\/\/redsemlac.com\/semmexico\/wp-json\/wp\/v2\/types\/post"}],"author":[{"embeddable":true,"href":"https:\/\/redsemlac.com\/semmexico\/wp-json\/wp\/v2\/users\/3"}],"replies":[{"embeddable":true,"href":"https:\/\/redsemlac.com\/semmexico\/wp-json\/wp\/v2\/comments?post=13783"}],"version-history":[{"count":0,"href":"https:\/\/redsemlac.com\/semmexico\/wp-json\/wp\/v2\/posts\/13783\/revisions"}],"wp:featuredmedia":[{"embeddable":true,"href":"https:\/\/redsemlac.com\/semmexico\/wp-json\/wp\/v2\/media\/13747"}],"wp:attachment":[{"href":"https:\/\/redsemlac.com\/semmexico\/wp-json\/wp\/v2\/media?parent=13783"}],"wp:term":[{"taxonomy":"category","embeddable":true,"href":"https:\/\/redsemlac.com\/semmexico\/wp-json\/wp\/v2\/categories?post=13783"},{"taxonomy":"post_tag","embeddable":true,"href":"https:\/\/redsemlac.com\/semmexico\/wp-json\/wp\/v2\/tags?post=13783"}],"curies":[{"name":"wp","href":"https:\/\/api.w.org\/{rel}","templated":true}]}}