{"id":13663,"date":"2019-11-07T18:11:52","date_gmt":"2019-11-07T18:11:52","guid":{"rendered":"https:\/\/redsemlac.com\/semmexico\/?p=13663"},"modified":"2023-07-21T15:13:47","modified_gmt":"2023-07-21T20:13:47","slug":"guerrero-76","status":"publish","type":"post","link":"https:\/\/redsemlac.com\/semmexico\/guerrero-76\/","title":{"rendered":"En Guerrero podr\u00edan despenalizar el aborto antes de concluir este a\u00f1o"},"content":{"rendered":"\n<p class=\"wp-block-paragraph\"><strong>* Morena: seremos cuidadosos del riesgo pol\u00edtico, pero venceremos\nresistencias<\/strong><\/p>\n\n\n\n<p class=\"wp-block-paragraph\"><strong>* Buscan reformar la fracci\u00f3n I del art\u00edculo 159 del C\u00f3digo Penal del\nEstado de Guerrero<\/strong><\/p>\n\n\n\n<p class=\"wp-block-paragraph\"><strong>Josefina Aguilar Pastor<\/strong><\/p>\n\n\n\n<p class=\"wp-block-paragraph\">SemM\u00e9xico, Chilpancingo, Gro., 7 noviembre 2019.-\nEste jueves, la diputaci\u00f3n local de Morena presentar\u00eda la iniciativa de\ndespenalizaci\u00f3n del aborto que esperan sea aprobada antes del 20 de diciembre,\nanunci\u00f3 el coordinador de esa bancada Antonio Helguera Jim\u00e9nez.<\/p>\n\n\n\n<p class=\"wp-block-paragraph\">Sin embargo, el legislador asegur\u00f3 que cumplir\u00e1n a\nconciencia con todo el proceso, incluyendo van a valorar todos los puntos de\nvida, incluido el de quienes se oponen a la interrupci\u00f3n legal del aborto,\nadem\u00e1s, dijo de los \u201criesgos pol\u00edticos\u201d que implica. <\/p>\n\n\n\n<p class=\"wp-block-paragraph\">El tambi\u00e9n presidente de la Junta de Coordinaci\u00f3n\nPol\u00edtica (Jucopo) dijo que la definici\u00f3n ser\u00e1 antes del 20 de diciembre, fecha\nen la que se cumple el plazo para una segunda declaraci\u00f3n o no de Alerta de\nViolencia de G\u00e9nero contra las Mujeres por agravio comparado y adelant\u00f3 estar\ndispuestos a \u201cvencer cualquier resistencia que haya\u201d.<\/p>\n\n\n\n<p class=\"wp-block-paragraph\">A su vez, el diputado Arturo Mart\u00ednez N\u00fa\u00f1ez, inform\u00f3\nque Morena ha elaborado una iniciativa para reformar la fracci\u00f3n I del art\u00edculo\n159 del C\u00f3digo Penal del Estado de Guerrero, en respuesta a la recomendaci\u00f3n\nhecha por la Comisi\u00f3n Nacional para Prevenir y Erradicar la Violencia contra\nlas Mujeres, ante la solicitud de una segunda Alerta de Violencia de G\u00e9nero\ncontra las Mujeres, esta vez por agravio comparado.<\/p>\n\n\n\n<p class=\"wp-block-paragraph\">Durante la presentaci\u00f3n de la presentaci\u00f3n del estudio \u00abLa regulaci\u00f3n de\nlos Derechos Sexuales y Reproductivos en la Legislaci\u00f3n Mexicana: Criterios para la prevenci\u00f3n y atenci\u00f3n de la Violencia\ncontra las Mujeres en los Estados de Oaxaca, Guerrero y Chiapas\u00bb, elaborado\npor la Comisi\u00f3n Nacional de los Derechos Humanos (CNDH), la diputada Nilsan\nHilario Mendoza y los diputados Marco Antonio Cabada Arias, Mois\u00e9s Reyes\nSandoval, Arturo Mart\u00ednez N\u00fa\u00f1ez y Helguera Jim\u00e9nez, se pronunciaron a favor de\nla despenalizaci\u00f3n del aborto, solicitado por diversas organizaciones civiles.<\/p>\n\n\n\n<p class=\"wp-block-paragraph\">Ah\u00ed, el presidente de la Jucopo reconoci\u00f3 que la\ndespenalizaci\u00f3n del aborto encontrar\u00e1 voces conservadoras, pero asegur\u00f3 que\nestudios como el presentado por la CNDH ayudan a comprender, entender mejor y\nproporcionan argumentos para llegar a una posici\u00f3n af\u00edn a los derechos de hombres\ny mujeres; refiri\u00f3 que Morena se ha definido como un partido progresista en\nsinton\u00eda con el avance de los derechos humanos de las mujeres.<\/p>\n\n\n\n<p class=\"wp-block-paragraph\">A su vez, el diputado Arturo Mart\u00ednez N\u00fa\u00f1ez dijo que\nla legalizaci\u00f3n del aborto es preocupante y urgente, tiene que ver con el\nreconocimiento de los derechos humanos de las mujeres en un contexto de\nviolencia critico en el pa\u00eds y concretamente en Guerrero. <\/p>\n\n\n\n<p class=\"wp-block-paragraph\">Indic\u00f3 que la iniciativa de reforma a la fracci\u00f3n I\ndel art\u00edculo 159 del C\u00f3digo Penal del Estado de Guerrero no tiene nombre ni\napellido de ning\u00fan diputado, porque la intenci\u00f3n es que sea acogida por la\nmayor\u00eda, se espera conformar una gran coalici\u00f3n con el resto de las fuerzas\npol\u00edticas en el Congreso.<\/p>\n\n\n\n<p class=\"wp-block-paragraph\">Mart\u00ednez N\u00fa\u00f1ez afirm\u00f3 que buscan construir una\ncoalici\u00f3n y se comprometi\u00f3, a nombre de la diputaci\u00f3n de Morena, a platicar con\nel resto de las fracciones para subir la iniciativa a la brevedad,\nprobablemente este jueves o a m\u00e1s tardar el viernes, buscando con ello cumplir la\nrecomendaci\u00f3n de la CONAVIM y reconocer un derecho fundamental en Guerrero.<\/p>\n\n\n\n<p class=\"wp-block-paragraph\">El diputado Mois\u00e9s Reyes Sandoval coment\u00f3 que de\nmanera personal, desde el 14 de septiembre del 2018, pretend\u00eda presentar una\niniciativa similar para despenalizar el aborto, no lo hizo debido a que antes\npresent\u00f3 la del matrimonio igualitario, que lleva un a\u00f1o empantanada. <\/p>\n\n\n\n<p class=\"wp-block-paragraph\">Sostuvo que en la bancada de Morena no tienen ning\u00fan problema en aprobar esta reforma, el inconveniente son algunos diputados conservadores que no reconocen un problema de  salud p\u00fablica, sino moral.<\/p>\n\n\n\n<p class=\"wp-block-paragraph\">La diputada morenista Mariana Itallitzin Garc\u00eda\nGuill\u00e9n se pronunci\u00f3 en el mismo sentido, coment\u00f3 que en tanto se desarrollaba\ndicho encuentro, muchas mujeres estaban siendo violentadas sexualmente con\nconsecuencias graves para ellas, como lo es un embarazo no deseado.<\/p>\n\n\n\n<p class=\"wp-block-paragraph\">Asegur\u00f3 que como diputadas y diputados tienen un\ncompromiso con la gente que ha confiado en ellos, por lo que deben dejar de ser\nomisos y omisas, no hay justificaci\u00f3n \u201cno es un tema de moral, es una\nexigencia, que no puede echarse para atr\u00e1s ni esperar m\u00e1s\u201d.<\/p>\n\n\n\n<p class=\"wp-block-paragraph\">SEM\/jap\/sj<\/p>\n","protected":false},"excerpt":{"rendered":"<p> Morena: seremos cuidadosos del riesgo pol\u00edtico, pero venceremos resistencias<\/p>\n","protected":false},"author":3,"featured_media":13664,"comment_status":"open","ping_status":"open","sticky":false,"template":"","format":"standard","meta":{"_monsterinsights_skip_tracking":false,"footnotes":""},"categories":[690,50],"tags":[],"class_list":["post-13663","post","type-post","status-publish","format-standard","has-post-thumbnail","category-690","category-congreso"],"_links":{"self":[{"href":"https:\/\/redsemlac.com\/semmexico\/wp-json\/wp\/v2\/posts\/13663","targetHints":{"allow":["GET"]}}],"collection":[{"href":"https:\/\/redsemlac.com\/semmexico\/wp-json\/wp\/v2\/posts"}],"about":[{"href":"https:\/\/redsemlac.com\/semmexico\/wp-json\/wp\/v2\/types\/post"}],"author":[{"embeddable":true,"href":"https:\/\/redsemlac.com\/semmexico\/wp-json\/wp\/v2\/users\/3"}],"replies":[{"embeddable":true,"href":"https:\/\/redsemlac.com\/semmexico\/wp-json\/wp\/v2\/comments?post=13663"}],"version-history":[{"count":0,"href":"https:\/\/redsemlac.com\/semmexico\/wp-json\/wp\/v2\/posts\/13663\/revisions"}],"wp:featuredmedia":[{"embeddable":true,"href":"https:\/\/redsemlac.com\/semmexico\/wp-json\/wp\/v2\/media\/13664"}],"wp:attachment":[{"href":"https:\/\/redsemlac.com\/semmexico\/wp-json\/wp\/v2\/media?parent=13663"}],"wp:term":[{"taxonomy":"category","embeddable":true,"href":"https:\/\/redsemlac.com\/semmexico\/wp-json\/wp\/v2\/categories?post=13663"},{"taxonomy":"post_tag","embeddable":true,"href":"https:\/\/redsemlac.com\/semmexico\/wp-json\/wp\/v2\/tags?post=13663"}],"curies":[{"name":"wp","href":"https:\/\/api.w.org\/{rel}","templated":true}]}}