{"id":13644,"date":"2019-11-06T21:48:50","date_gmt":"2019-11-06T21:48:50","guid":{"rendered":"https:\/\/redsemlac.com\/semmexico\/?p=13644"},"modified":"2023-07-21T15:13:47","modified_gmt":"2023-07-21T20:13:47","slug":"llaman-a-presentar-propuesta-para-aspirante-a-la-medalla-hermila-galindo","status":"publish","type":"post","link":"https:\/\/redsemlac.com\/semmexico\/llaman-a-presentar-propuesta-para-aspirante-a-la-medalla-hermila-galindo\/","title":{"rendered":"Llaman a presentar propuesta para aspirante a la Medalla Hermila Galindo"},"content":{"rendered":"\n<p class=\"wp-block-paragraph\"><strong>* La convocatoria cierra el pr\u00f3ximo\n15 de noviembre<\/strong><\/p>\n\n\n\n<p class=\"wp-block-paragraph\"><strong>* Se reconocer\u00e1 a mujeres que se\nhan distinguido en la lucha por los derechos de las mujeres<\/strong><\/p>\n\n\n\n<p class=\"wp-block-paragraph\"><strong>Redacci\u00f3n<\/strong><\/p>\n\n\n\n<p class=\"wp-block-paragraph\">SemM\u00e9xico, Cd. de M\u00e9xico, 6 noviembre 2019.- El pr\u00f3ximo 15 de\nnoviembre se cierra la convocatoria para proponer a las aspirantes a la Medalla\nal M\u00e9rito Hermila Galindo 2019, reconocimiento que se otorga a las mujeres\ndestacadas de la Ciudad de M\u00e9xico, por lo que la diputaci\u00f3n llama a presentar\npropuestas.<\/p>\n\n\n\n<p class=\"wp-block-paragraph\">La convocatoria fue emitida por el Congreso de la Ciudad de M\u00e9xico, I\nLegislatura, a trav\u00e9s de la Comisi\u00f3n de Igualdad de G\u00e9nero, como reconocimiento\na las mujeres destacadas de la Ciudad que, de manera individual o colectiva, se\nhayan distinguido en la lucha por los derechos de las mujeres.<\/p>\n\n\n\n<p class=\"wp-block-paragraph\">Est\u00e1 dirigida a la poblaci\u00f3n en general, organismos, instituciones\nacad\u00e9micas, asociaciones y organizaciones de la sociedad civil, vinculadas con\nla igualdad de g\u00e9nero en la Ciudad de M\u00e9xico, para que presenten propuestas de\nmujeres, mujeres trans, grupos y colectivos de personas que consideren\nmerecedoras de recibir la&nbsp;Medalla\nal M\u00e9rito&nbsp;Hermila Galindo\n2019.<\/p>\n\n\n\n<p class=\"wp-block-paragraph\">Las bases: <\/p>\n\n\n\n<p class=\"wp-block-paragraph\">Primera.-&nbsp;Se podr\u00e1n postular candidaturas para obtener la Medalla al\nM\u00e9rito Hermila Galindo, de conformidad con lo establecido en el art\u00edculo 411\ndel Reglamento del Congreso de la Ciudad de M\u00e9xico, a aquellas mujeres\ndestacadas en los siguientes \u00e1mbitos:<\/p>\n\n\n\n<ol class=\"wp-block-list\"><li>Por su trabajo a favor de\n     las mujeres;<\/li><li>Por defender los derechos\n     humanos de otras mujeres;<\/li><li>Por el impulso a la\n     cultura y la pr\u00e1ctica del deporte en el sector femenino;<\/li><li>Por fomentar el acceso de\n     las mujeres a la planta laboral en igualdad de condiciones;<\/li><li>Por fomentar la educaci\u00f3n\n     entre mujeres mediante publicaciones enfocadas en temas de inter\u00e9s o\n     educando a otras mujeres, y<\/li><li>Por realizar\n     investigaciones cient\u00edficas a favor de las mujeres o por investigar alg\u00fan\n     producto, medicamento o elemento que les beneficie.<\/li><\/ol>\n\n\n\n<p class=\"wp-block-paragraph\">Por cada uno de los \u00e1mbitos anteriormente citados, se har\u00e1 entrega de\nuna sola medalla. Podr\u00e1n postularse para obtener el reconocimiento, en forma\np\u00f3stuma, a las personas que hayan fallecido en el a\u00f1o inmediato anterior a la\nentrega de la presea. No podr\u00e1n postularse ni ser postuladas, aquellas personas\nque con anterioridad, hayan sido galardonadas con la Medalla al M\u00e9rito Hermila\nGalindo.<\/p>\n\n\n\n<p class=\"wp-block-paragraph\">Segunda.-&nbsp;El otorgamiento de la medalla se sustentar\u00e1 en un an\u00e1lisis\nobjetivo de los m\u00e9ritos en el \u00e1mbito al que se postula, expuestos en el\ndocumento de postulaci\u00f3n, curr\u00edculum y dem\u00e1s elementos que la sustenten, en\nt\u00e9rminos de la presente convocatoria.<\/p>\n\n\n\n<p class=\"wp-block-paragraph\">Tercera.-&nbsp;Toda persona, grupo o colectivo, organismo, instituciones\nacad\u00e9micas, asociaciones, instituciones y organizaciones de la sociedad civil o\nsector cuyas actividades sean afines y est\u00e9n vinculadas con la disciplina o\nmateria correspondiente a la distinci\u00f3n, podr\u00e1n proponerse o proponer mediante\nescrito, a las candidatas a recibir la medalla. Dicha propuesta deber\u00e1 contener:<\/p>\n\n\n\n<p class=\"wp-block-paragraph\">Nombre completo de la persona o raz\u00f3n social del grupo, colectivo,\ninstituci\u00f3n u organizaci\u00f3n que se propone y\/o realiza la propuesta;<\/p>\n\n\n\n<p class=\"wp-block-paragraph\">Nombre completo de la candidata;<\/p>\n\n\n\n<p class=\"wp-block-paragraph\">Domicilio de la candidata y de quien o quienes la proponen, incluyendo\ncorreos electr\u00f3nicos y tel\u00e9fonos para su localizaci\u00f3n;<\/p>\n\n\n\n<p class=\"wp-block-paragraph\">Exposici\u00f3n de motivos en la que se deber\u00e1 especificar los m\u00e9ritos por\nvirtud de los cuales se le considera merecedora del reconocimiento\ncorrespondiente;<\/p>\n\n\n\n<p class=\"wp-block-paragraph\">Curr\u00edculum vitae de la candidata;<\/p>\n\n\n\n<p class=\"wp-block-paragraph\">La informaci\u00f3n documental adicional, de acuerdo con el \u00e1mbito en el\nque se postula y otros datos que aporten elementos de valoraci\u00f3n como im\u00e1genes\ny archivos multimedia, y<\/p>\n\n\n\n<p class=\"wp-block-paragraph\">Carta de aceptaci\u00f3n de la postulaci\u00f3n, suscrita por la candidata.<\/p>\n\n\n\n<p class=\"wp-block-paragraph\">Cuarta.-&nbsp;La documentaci\u00f3n de las candidaturas recibida por la Comisi\u00f3n de\nIgualdad de G\u00e9nero, se considerar\u00e1 confidencial, por lo que permanecer\u00e1 bajo\nresguardo de la misma, hasta la emisi\u00f3n del dictamen correspondiente. Una vez\nconcluido el proceso, la documentaci\u00f3n de las aspirantes que no resulten\nseleccionadas, ser\u00e1 destruida antes de 60 d\u00edas contados a partir de la entrega\nde la medalla, debi\u00e9ndose levantar el acta correspondiente con la intervenci\u00f3n\ndel \u00d3rgano de Interno Control del propio Congreso. El proceso de elecci\u00f3n tiene\nel car\u00e1cter de reservado conforme a lo que dispone la fracci\u00f3n IV del art\u00edculo\n183 de la Ley de Transparencia, Acceso a la Informaci\u00f3n P\u00fablica y Rendici\u00f3n de\nCuentas de la Ciudad de M\u00e9xico.<\/p>\n\n\n\n<p class=\"wp-block-paragraph\">Quinta.-&nbsp;Toda persona, grupo o colectivo, organismo, instituciones acad\u00e9micas,\nasociaciones, instituciones y organizaciones de la sociedad civil, que decida\npresentar propuestas, podr\u00e1 formular una sola candidatura; con informaci\u00f3n\namplia sobre la trayectoria de la candidata, detallando sus acciones seg\u00fan el\n\u00e1mbito al que se postule.<\/p>\n\n\n\n<p class=\"wp-block-paragraph\">Sexta.-&nbsp;El plazo para recibir las propuestas abarcar\u00e1 desde el 1 de\noctubre de 2019 y hasta las 24:00 del 15 de noviembre de 2019.<\/p>\n\n\n\n<p class=\"wp-block-paragraph\">S\u00e9ptima.-&nbsp;Solo se recibir\u00e1n propuestas que cubran la totalidad de los requisitos\nestablecidos en la Base Tercera de la presente convocatoria.<\/p>\n\n\n\n<p class=\"wp-block-paragraph\">Octava.-&nbsp;Las propuestas de las candidaturas ser\u00e1n recibidas mediante\nformulario de google a trav\u00e9s del siguiente enlace:&nbsp;<a href=\"https:\/\/forms.gle\/tn9svefLarx7kTao6\">https:\/\/forms.gle\/tn9svefLarx7kTao6<\/a><\/p>\n\n\n\n<p class=\"wp-block-paragraph\">Novena.-&nbsp;La Comisi\u00f3n de Igualdad de G\u00e9nero recibir\u00e1 las propuestas,\nevaluar\u00e1 la trayectoria individual de cada candidatura, as\u00ed como la exposici\u00f3n\nde m\u00e9ritos que se acompa\u00f1e a cada propuesta, para emitir el dictamen y\ndeterminar qui\u00e9nes ser\u00e1n las galardonadas.<\/p>\n\n\n\n<p class=\"wp-block-paragraph\">D\u00e9cima.-&nbsp;Emitido y aprobado el Dictamen por la Comisi\u00f3n de Igualdad de\nG\u00e9nero, ser\u00e1 sometido a la aprobaci\u00f3n del Pleno del Congreso de la Ciudad de\nM\u00e9xico; por lo que la resoluci\u00f3n que se tome tendr\u00e1 efectos definitivos y, por\ntanto, ser\u00e1 inapelable.<\/p>\n\n\n\n<p class=\"wp-block-paragraph\">D\u00e9cima primera.-&nbsp;En caso de reconocimiento p\u00f3stumo, la resoluci\u00f3n del Pleno ser\u00e1\nnotificada a los familiares de la galardonada.<\/p>\n\n\n\n<p class=\"wp-block-paragraph\">D\u00e9cima SEGUNDA.- El dictamen aprobado se publicar\u00e1 en la Gaceta Parlamentaria del\nCongreso de la Ciudad de M\u00e9xico.<\/p>\n\n\n\n<p class=\"wp-block-paragraph\">D\u00e9cima tercera.-&nbsp;El Congreso de la Ciudad de M\u00e9xico, I Legislatura, a trav\u00e9s de\nla Comisi\u00f3n de Igualdad de G\u00e9nero, en coordinaci\u00f3n con la Junta de Coordinaci\u00f3n\nPol\u00edtica del Congreso de la Ciudad de M\u00e9xico, fijar\u00e1n la fecha y hora para la\nSesi\u00f3n Solemne en la que se llevar\u00e1 a cabo la entrega de la Medalla al M\u00e9rito\nHermila Galindo 2019, de conformidad con lo establecido por el Reglamento del\nCongreso de la Ciudad de M\u00e9xico.<\/p>\n\n\n\n<p class=\"wp-block-paragraph\">D\u00e9cima cuarta.-&nbsp;El Congreso de la Ciudad de M\u00e9xico, I Legislatura, por conducto\nde la Comisi\u00f3n de Igualdad de G\u00e9nero, har\u00e1 del conocimiento de las candidatas\nelegidas para recibir la Medalla al M\u00e9rito Hermila Galindo 2019, la fecha y\nhora de la Sesi\u00f3n Solemne en que se llevar\u00e1 a cabo la entrega de la misma.<\/p>\n\n\n\n<p class=\"wp-block-paragraph\">D\u00e9cima quinta.-&nbsp;La participaci\u00f3n de toda persona, grupo o colectivo, organismo,\ninstituciones acad\u00e9micas, asociaciones y organizaciones de la sociedad civil,\nsupone la aceptaci\u00f3n de las presentes bases.<\/p>\n\n\n\n<p class=\"wp-block-paragraph\">D\u00e9cima sexta.-&nbsp;los aspectos no previstos en la presente convocatoria ser\u00e1n resueltos\npor la Comisi\u00f3n de Igualdad de G\u00e9nero del Congreso de la Ciudad de M\u00e9xico, I\nLegislatura, en t\u00e9rminos de lo establecido en el Reglamento del Congreso de la\nCiudad de M\u00e9xico.<\/p>\n\n\n\n<p class=\"wp-block-paragraph\">La convocatoria est\u00e1 firmada por las y los\ndiputados integrantes de la Comisi\u00f3n de Igualdad de G\u00e9nero del Congreso de la\nCiudad de M\u00e9xico.<\/p>\n\n\n\n<p class=\"wp-block-paragraph\">SEM\/sj<\/p>\n","protected":false},"excerpt":{"rendered":"<p>La convocatoria cierra el pr\u00f3ximo 15 de noviembre<\/p>\n","protected":false},"author":3,"featured_media":13645,"comment_status":"open","ping_status":"open","sticky":false,"template":"","format":"standard","meta":{"_monsterinsights_skip_tracking":false,"footnotes":""},"categories":[690,50],"tags":[],"class_list":["post-13644","post","type-post","status-publish","format-standard","has-post-thumbnail","category-690","category-congreso"],"_links":{"self":[{"href":"https:\/\/redsemlac.com\/semmexico\/wp-json\/wp\/v2\/posts\/13644","targetHints":{"allow":["GET"]}}],"collection":[{"href":"https:\/\/redsemlac.com\/semmexico\/wp-json\/wp\/v2\/posts"}],"about":[{"href":"https:\/\/redsemlac.com\/semmexico\/wp-json\/wp\/v2\/types\/post"}],"author":[{"embeddable":true,"href":"https:\/\/redsemlac.com\/semmexico\/wp-json\/wp\/v2\/users\/3"}],"replies":[{"embeddable":true,"href":"https:\/\/redsemlac.com\/semmexico\/wp-json\/wp\/v2\/comments?post=13644"}],"version-history":[{"count":0,"href":"https:\/\/redsemlac.com\/semmexico\/wp-json\/wp\/v2\/posts\/13644\/revisions"}],"wp:featuredmedia":[{"embeddable":true,"href":"https:\/\/redsemlac.com\/semmexico\/wp-json\/wp\/v2\/media\/13645"}],"wp:attachment":[{"href":"https:\/\/redsemlac.com\/semmexico\/wp-json\/wp\/v2\/media?parent=13644"}],"wp:term":[{"taxonomy":"category","embeddable":true,"href":"https:\/\/redsemlac.com\/semmexico\/wp-json\/wp\/v2\/categories?post=13644"},{"taxonomy":"post_tag","embeddable":true,"href":"https:\/\/redsemlac.com\/semmexico\/wp-json\/wp\/v2\/tags?post=13644"}],"curies":[{"name":"wp","href":"https:\/\/api.w.org\/{rel}","templated":true}]}}