{"id":13632,"date":"2019-11-06T21:01:54","date_gmt":"2019-11-06T21:01:54","guid":{"rendered":"https:\/\/redsemlac.com\/semmexico\/?p=13632"},"modified":"2023-07-21T15:13:47","modified_gmt":"2023-07-21T20:13:47","slug":"opinion-203","status":"publish","type":"post","link":"https:\/\/redsemlac.com\/semmexico\/opinion-203\/","title":{"rendered":"Mirada Violeta"},"content":{"rendered":"\n<h2 class=\"wp-block-heading\">Ser ni\u00f1a y ni\u00f1o en M\u00e9xico<\/h2>\n\n\n\n<p class=\"wp-block-paragraph\"><strong>Guadalupe Ramos Ponce<\/strong><\/p>\n\n\n\n<p class=\"wp-block-paragraph\">SemM\u00e9xico. 06 de noviembre 2019.- Nacer en M\u00e9xico se ha convertido en una tragedia, as\u00ed lo demuestran las estad\u00edsticas. Nacimiento es destino y nacer en M\u00e9xico les da la posibilidad a las ni\u00f1as y ni\u00f1os de ser violados, asesinados o desaparecidos. La Red por los Derechos de la infancia en M\u00e9xico, emiti\u00f3 un comunicado en el que llama a las autoridades a garantizar justicia y acceso a la verdad de los hechos e &nbsp;investigaciones inmediatas de los ataques armados en que han privado de la vida a ni\u00f1as y ni\u00f1os y se detenga y sancione a quienes resulten responsables. En su carta, urgen por el dise\u00f1o de una estrategia nacional para frenar los ataques armados en contra de ni\u00f1as, ni\u00f1os y adolescentes. Se\u00f1alan que los datos p\u00fablicos muestran que diariamente &nbsp;son asesinados tres ni\u00f1as y ni\u00f1os y desaparecen cuatro adolescentes en total impunidad.<br> <\/p>\n\n\n\n<p class=\"wp-block-paragraph\">Rese\u00f1an en su comunicado los casos siguientes:<br> El pasado 4 de noviembre fueron atacados, entre Chihuahua y Sonora, un grupo de 14 ni\u00f1as y ni\u00f1os, acompa\u00f1ados de sus madres; integrantes de la Familia LeBaron. Hasta el final del d\u00eda se inform\u00f3 qu\u00e9 6 ni\u00f1as y ni\u00f1os, as\u00ed como tres mujeres fueron asesinados y varios cuerpos calcinados. 6 ni\u00f1os m\u00e1s lograron escapar con heridas de consideraci\u00f3n. Y 2 m\u00e1s presentan lesiones leves. Las autoridades llegaron al lugar de los hechos despu\u00e9s de m\u00e1s de ocho horas, porque el lugar estaba bajo control de un grupo criminal. El 1o de noviembre dos ni\u00f1os de 12 y 9 a\u00f1os &nbsp;fueron lesionados por arma de fuego cuando celebraban el d\u00eda de muertos &nbsp;en Guadalajara, Jalisco. La noche del 30 de octubre sucedi\u00f3 otro ataque armado dirigido contra una fiesta infantil en la Alcald\u00eda de Iztapalapa, en la Ciudad de M\u00e9xico, en el que perdieron la vida tres personas, entre ellas un ni\u00f1o y siete personas m\u00e1s resultaron heridas, (una adolescente de 17 y una ni\u00f1a de 4 a\u00f1os de edad). Se\u00f1alan en el comunicado que estos acontecimientos muestran un patr\u00f3n de violencia del crimen organizado, que busca generar mayor control de los territorios en guerra, usando el terror y teniendo garant\u00eda de impunidad. Se\u00f1alan que de cada 100 carpetas de investigaci\u00f3n donde ni\u00f1as, ni\u00f1os y adolescentes son v\u00edctimas, s\u00f3lo tres alcanzan alg\u00fan tipo de justicia.&nbsp;<br> <\/p>\n\n\n\n<p class=\"wp-block-paragraph\">Recientemente, el SIPINNA Sistema Nacional de Protecci\u00f3n Integral de Ni\u00f1as, Ni\u00f1os y Adolescentes, mecanismo de articulaci\u00f3n de la pol\u00edtica p\u00fablica para garantizar los derechos humanos de cerca de 40 millones de ni\u00f1as, ni\u00f1os y adolescentes; inform\u00f3 que un promedio de 32 ni\u00f1as quedan embarazadas diariamente producto de una violaci\u00f3n sexual.<br> <\/p>\n\n\n\n<p class=\"wp-block-paragraph\">Por su parte, la Comisi\u00f3n Nacional de los Derechos Humanos (CNDH) present\u00f3 un informe en el que se\u00f1ala que las ni\u00f1as, ni\u00f1os y adolescentes en albergues, son v\u00edctimas de violaciones, maltrato y desapariciones.<br> El reporte, corresponde a datos recabados de enero de 2014 a febrero de 2016, con la actualizaci\u00f3n de alguna informaci\u00f3n al 31 de julio de 2019, en ese periodo, 27 mil 372 ni\u00f1as, ni\u00f1os y adolescentes estuvieron internados en centros de atenci\u00f3n social y albergues pero en 42.7 por ciento de los casos se desconoc\u00eda si se encontraban en un albergue p\u00fablico o privado. De ese universo total, se detect\u00f3 que s\u00f3lo mil 959 chicos tienen posibilidades de reintegraci\u00f3n familiar, 627 son candidatos a adopci\u00f3n, mil 858 presentan necesidad de regularizaci\u00f3n de su situaci\u00f3n jur\u00eddica y hab\u00eda cero candidatos de acogimiento familiar. En tanto que las autoridades carecen de informaci\u00f3n sobre la situaci\u00f3n jur\u00eddica del mayor n\u00famero, 19 mil 126. <\/p>\n\n\n\n<p class=\"wp-block-paragraph\">Las causas de internamiento de las ni\u00f1as, ni\u00f1os y adolescentes van desde la protecci\u00f3n o resguardo como la causa m\u00e1s frecuente, con 2 mil 451 casos; migraci\u00f3n, mil 837, v\u00edctima de violencia, abandon\u00f3, abuso sexual o violaci\u00f3n, mil 699; por omisi\u00f3n de cuidados, mil 673, ingreso voluntario, 792 personas. Es Urgente un llamado de atenci\u00f3n al Estado Mexicano para que se realicen medidas de prevenci\u00f3n y atenci\u00f3n a ni\u00f1as, ni\u00f1os y adolescentes en escenarios de crimen organizado donde la violencia extrema es cotidiana. <\/p>\n\n\n\n<p class=\"wp-block-paragraph\">Pero sobre todo, se hace urgente, revisar qu\u00e9 es lo que estamos ofreciendo como sociedad a quienes tienen el infortunio de nacer aqu\u00ed.<br> <em>lupitaramosponce@gmail.com<\/em><br> <em>@lupitaramosponce<\/em><br> &nbsp;<\/p>\n\n\n\n<h4 class=\"wp-block-heading\">ConLasNi\u00f1asNo<\/h4>\n\n\n\n<h4 class=\"wp-block-heading\">ConLosNi\u00f1osNo<\/h4>\n","protected":false},"excerpt":{"rendered":"<p>Ser ni\u00f1a y ni\u00f1o en M\u00e9xico<\/p>\n","protected":false},"author":3,"featured_media":8967,"comment_status":"open","ping_status":"open","sticky":false,"template":"","format":"standard","meta":{"_monsterinsights_skip_tracking":false,"footnotes":""},"categories":[690,110,91],"tags":[],"class_list":["post-13632","post","type-post","status-publish","format-standard","has-post-thumbnail","category-690","category-la-opinion-columnas","category-lupita-ramos-ponce"],"_links":{"self":[{"href":"https:\/\/redsemlac.com\/semmexico\/wp-json\/wp\/v2\/posts\/13632","targetHints":{"allow":["GET"]}}],"collection":[{"href":"https:\/\/redsemlac.com\/semmexico\/wp-json\/wp\/v2\/posts"}],"about":[{"href":"https:\/\/redsemlac.com\/semmexico\/wp-json\/wp\/v2\/types\/post"}],"author":[{"embeddable":true,"href":"https:\/\/redsemlac.com\/semmexico\/wp-json\/wp\/v2\/users\/3"}],"replies":[{"embeddable":true,"href":"https:\/\/redsemlac.com\/semmexico\/wp-json\/wp\/v2\/comments?post=13632"}],"version-history":[{"count":0,"href":"https:\/\/redsemlac.com\/semmexico\/wp-json\/wp\/v2\/posts\/13632\/revisions"}],"wp:featuredmedia":[{"embeddable":true,"href":"https:\/\/redsemlac.com\/semmexico\/wp-json\/wp\/v2\/media\/8967"}],"wp:attachment":[{"href":"https:\/\/redsemlac.com\/semmexico\/wp-json\/wp\/v2\/media?parent=13632"}],"wp:term":[{"taxonomy":"category","embeddable":true,"href":"https:\/\/redsemlac.com\/semmexico\/wp-json\/wp\/v2\/categories?post=13632"},{"taxonomy":"post_tag","embeddable":true,"href":"https:\/\/redsemlac.com\/semmexico\/wp-json\/wp\/v2\/tags?post=13632"}],"curies":[{"name":"wp","href":"https:\/\/api.w.org\/{rel}","templated":true}]}}