{"id":13621,"date":"2019-11-06T19:16:30","date_gmt":"2019-11-06T19:16:30","guid":{"rendered":"https:\/\/redsemlac.com\/semmexico\/?p=13621"},"modified":"2023-07-21T15:13:48","modified_gmt":"2023-07-21T20:13:48","slug":"sin-identidad-la-primera-violacion-de-los-derechos-humanos-de-las-mujeres-en-situacion-de-calle","status":"publish","type":"post","link":"https:\/\/redsemlac.com\/semmexico\/sin-identidad-la-primera-violacion-de-los-derechos-humanos-de-las-mujeres-en-situacion-de-calle\/","title":{"rendered":"Sin identidad, la primera violaci\u00f3n de los derechos humanos de las mujeres en situaci\u00f3n de calle"},"content":{"rendered":"\n<ul class=\"wp-block-list\"><li> <strong>La vulneraci\u00f3n de su derecho a la identidad legal, repercute en la posibilidad que tienen de acceder a servicios p\u00fablicos y a sus derechos<\/strong>.<\/li><\/ul>\n\n\n\n<p class=\"wp-block-paragraph\"><strong>Elda\nMontiel<\/strong><\/p>\n\n\n\n<p class=\"wp-block-paragraph\">SemM\u00e9xico.\nCiudad de M\u00e9xico. 06 de noviembre 2019.- Las poblaciones que viven en las\ncalles y en particular las mujeres son inexistentes para las pol\u00edticas p\u00fablicas\ny discriminadas e inc\u00f3modas para una sociedad conservadora como la mexicana,\nque las se\u00f1ala doblemente por ser mujeres y vivir en la calle. &nbsp;&nbsp;<\/p>\n\n\n\n<p class=\"wp-block-paragraph\">Se se\u00f1al\u00f3 en\nla presentaci\u00f3n del \u00abDiagn\u00f3stico sobre las condiciones de vida, el\nejercicio de los&nbsp;Derechos Humanos&nbsp;y las pol\u00edticas p\u00fablicas disponible\npara mujeres que constituyen la poblaci\u00f3n callejera\u00bb realizado por la Comisi\u00f3n\nNacional de los Derechos Humanos (CNDH).<\/p>\n\n\n\n<p class=\"wp-block-paragraph\">En la\ninvestigaci\u00f3n sobre las condiciones de vida de estas poblaciones en cinco\nciudades del pa\u00eds como son la Ciudad de M\u00e9xico, Puebla, Tijuana,\nGuadalajara y Acapulco, se destac\u00f3 tres aspectos.<\/p>\n\n\n\n<p class=\"wp-block-paragraph\">La violaci\u00f3n a los derechos\nhumanos que enfrentan las mujeres que viven en la calle; en segundo lugar, los\nobst\u00e1culos que enfrentan como el acceso a la identidad (acta de nacimiento,\ncurp), no tienen derecho a la salud, a la educaci\u00f3n, a programas sociales para\nsus hijas e hijos, y en tercer lugar se proponen recomendaciones para construir\npol\u00edticas p\u00fablicas para este sector de la poblaci\u00f3n.<\/p>\n\n\n\n<p class=\"wp-block-paragraph\">Las mujeres en situaci\u00f3n de calle se le discrimina enormemente, trabajan para vivir y tienen hijos e hijas, entonces tenemos familias, lo que habla de la gran violencia que debemos erradicar, estas condiciones adversas, se\u00f1al\u00f3 Er\u00e9ndira Cruzvillegas Fuentes, Cuarta Visitadora de la CNDH. <\/p>\n\n\n\n<p class=\"wp-block-paragraph\">Se refiri\u00f3\ntambi\u00e9n a que personas mayores que han sido expulsadas de sus hogares engrosan\nesta poblaci\u00f3n que no consignan las estad\u00edsticas\noficiales, por lo que es una poblaci\u00f3n creciente que no tiene voz,\nrepresentantes, ni techo. <\/p>\n\n\n\n<p class=\"wp-block-paragraph\">Al respecto destac\u00f3 que tambi\u00e9n se encuentran los procesos de limpieza social de las ciudades, la llamada \u00abgentrificaci\u00f3n\u00bb  (limpiar la calle) y se llevan a la poblaci\u00f3n callejera para \u201cchulear\u201d los entornos sociales y los desalojan sin que nadie los defienda.<\/p>\n\n\n\n<p class=\"wp-block-paragraph\">Tan solo en la Ciudad de M\u00e9xico en un estudio de poblaciones callejeras 2017-2018, elaborado por la Secretar\u00eda de Desarrollo Social, se estimaba en al menos 6 mil 754 personas que viven en las calles, de las cuales 670 son mujeres.<\/p>\n\n\n\n<p class=\"wp-block-paragraph\">Myrna Salazar \u00c1lvarez de la Asociaci\u00f3n civil \u00abEl Caracol\u00bb se refiri\u00f3 a los riesgos que se exponen las mujeres al dedicarse al comercio en la v\u00eda p\u00fablica por la corrupci\u00f3n por parte de las autoridades y a la violencia sexual de sus compa\u00f1eros, ya que se les maneja como si fueran una propiedad p\u00fablica y cuando denuncian se les revictimiza por estar en la calle. <\/p>\n\n\n\n<p class=\"wp-block-paragraph\">Agreg\u00f3 que no\nexisten pol\u00edticas p\u00fablicas para las mujeres que viven en la calle, y que de\nacuerdo a la investigaci\u00f3n la escolaridad es de primaria hasta antes de huir de\nsus hogares por lo que solo tienen acceso a trabajos precarizados sin garant\u00edas\nlegales, y no tienen acceso a informaci\u00f3n sobre planificaci\u00f3n sexual, cuando\ntienen derecho a que se les d\u00e9 informaci\u00f3n sobre salud reproductiva.&nbsp; <\/p>\n\n\n\n<p class=\"wp-block-paragraph\">Entre las recomendaciones destaca que las autoridades otorguen facilidades para la obtenci\u00f3n de documentos de identidad para esta poblaci\u00f3n sin cobro, y se sensibilice a los funcionarios p\u00fablicos para que no cometan actos de discriminaci\u00f3n con las poblaciones callejeras y elaboren los censos para obtener la informaci\u00f3n espec\u00edfica sobre las mujeres que viven en las calles. <\/p>\n\n\n\n<p class=\"wp-block-paragraph\">SEM\/em\/IL<\/p>\n","protected":false},"excerpt":{"rendered":"<p> La vulneraci\u00f3n de su derecho a la identidad legal, repercute en la posibilidad que tienen de acceder a servicios p\u00fablicos y a sus derechos.<\/p>\n","protected":false},"author":3,"featured_media":13622,"comment_status":"open","ping_status":"open","sticky":false,"template":"","format":"standard","meta":{"_monsterinsights_skip_tracking":false,"footnotes":""},"categories":[690,51],"tags":[],"class_list":["post-13621","post","type-post","status-publish","format-standard","has-post-thumbnail","category-690","category-ejecutivo"],"_links":{"self":[{"href":"https:\/\/redsemlac.com\/semmexico\/wp-json\/wp\/v2\/posts\/13621","targetHints":{"allow":["GET"]}}],"collection":[{"href":"https:\/\/redsemlac.com\/semmexico\/wp-json\/wp\/v2\/posts"}],"about":[{"href":"https:\/\/redsemlac.com\/semmexico\/wp-json\/wp\/v2\/types\/post"}],"author":[{"embeddable":true,"href":"https:\/\/redsemlac.com\/semmexico\/wp-json\/wp\/v2\/users\/3"}],"replies":[{"embeddable":true,"href":"https:\/\/redsemlac.com\/semmexico\/wp-json\/wp\/v2\/comments?post=13621"}],"version-history":[{"count":0,"href":"https:\/\/redsemlac.com\/semmexico\/wp-json\/wp\/v2\/posts\/13621\/revisions"}],"wp:featuredmedia":[{"embeddable":true,"href":"https:\/\/redsemlac.com\/semmexico\/wp-json\/wp\/v2\/media\/13622"}],"wp:attachment":[{"href":"https:\/\/redsemlac.com\/semmexico\/wp-json\/wp\/v2\/media?parent=13621"}],"wp:term":[{"taxonomy":"category","embeddable":true,"href":"https:\/\/redsemlac.com\/semmexico\/wp-json\/wp\/v2\/categories?post=13621"},{"taxonomy":"post_tag","embeddable":true,"href":"https:\/\/redsemlac.com\/semmexico\/wp-json\/wp\/v2\/tags?post=13621"}],"curies":[{"name":"wp","href":"https:\/\/api.w.org\/{rel}","templated":true}]}}