{"id":13618,"date":"2019-11-06T18:57:55","date_gmt":"2019-11-06T18:57:55","guid":{"rendered":"https:\/\/redsemlac.com\/semmexico\/?p=13618"},"modified":"2023-07-21T15:13:48","modified_gmt":"2023-07-21T20:13:48","slug":"guerrero-75","status":"publish","type":"post","link":"https:\/\/redsemlac.com\/semmexico\/guerrero-75\/","title":{"rendered":"En Guerrero levantar\u00e1n encuesta en ocho municipios con AVGM"},"content":{"rendered":"\n<ul class=\"wp-block-list\"><li><strong>Con la finalidad de conocer el avance de programas y acciones en  materia de violencia de g\u00e9nero.<\/strong><\/li><\/ul>\n\n\n\n<p class=\"wp-block-paragraph\"><strong>Josefina\nAguilar Pastor<\/strong><\/p>\n\n\n\n<p class=\"wp-block-paragraph\">SemM\u00e9xico. Chilpancingo,\nGuerrero, 06 de noviembre de 2019.- El gobierno del Estado de Guerrero, levantar\u00e1\nuna encuesta en los ocho municipios que cuentan con Alerta de Violencia de\nG\u00e9nero (AVG) con la finalidad de conocer el grado de penetraci\u00f3n y avance de los\nprogramas y acciones en materia de violencia de g\u00e9nero, inform\u00f3 el Secretario\nGeneral de Gobierno, Florencio Salazar Adame.<\/p>\n\n\n\n<p class=\"wp-block-paragraph\">Al presidir la tercera\nsesi\u00f3n ordinaria del Grupo Interinstitucional&nbsp;\ny Multidisciplinario de Alerta de Violencia de G\u00e9nero contra las\nMujeres, el encargado de la pol\u00edtica interna en el Estado de Guerrero, entreg\u00f3\na la Directora General Adjunta de la Comisi\u00f3n Nacional para Prevenir y\nErradicar la violencia contra las Mujeres (Conavim), Isela Alvarado Covarrubias\ny a Yadira Blanco Morfin, Directora de Atenci\u00f3n y seguimiento de la AVGM de\nINMUJERES, el segundo informe de acciones del Programa de Atenci\u00f3n a la\nDeclaratoria de Alerta de Violencia de Genero contra las mujeres en nueve\nmunicipios de la entidad.<\/p>\n\n\n\n<p class=\"wp-block-paragraph\">El funcionario asegur\u00f3 que\nel gobierno del Estado, ha hecho un esfuerzo realizando distintas acciones para\natender la AVGM; anunci\u00f3 que levantar\u00e1n una encuesta en los ocho municipios que\ncuentan con Alerta de G\u00e9nero, con la finalidad de conocer el grado de penetraci\u00f3n\ny avance de los programas y acciones en materia de violencia de g\u00e9nero\nimplementadas dentro de las estrategias en materia de violencia de g\u00e9nero.<\/p>\n\n\n\n<p class=\"wp-block-paragraph\">En esta misma sesi\u00f3n interinstitucional, dependencias que participan en el grupo, entre ellas, Secretar\u00eda de Desarrollo Urbano, Obras P\u00fablicas y Ordenamiento Territorial, Secretar\u00eda de Educaci\u00f3n, Secretar\u00eda de Asuntos Ind\u00edgenas y Afromexicanas, Secretar\u00eda de la Juventud y la ni\u00f1ez, la Secretar\u00eda de la Mujer, el Tribunal Superior de Justicia, la Fiscal\u00eda General de Estado, Secretaria de Seguridad Publica, Secretaria de la Salud, Secretar\u00eda de Finanzas y Administraci\u00f3n, Secretar\u00eda de Contralor\u00eda y Transparencia Gubernamental, la Direcci\u00f3n de Comunicaci\u00f3n Social, la Comisi\u00f3n Estatal de Atenci\u00f3n a V\u00edctimas, el Congreso del Estado de Guerrero y la Secretar\u00eda General de Gobierno, presentaron un informe de acciones desarrolladas durante el ejercicio 2018.<\/p>\n\n\n\n<p class=\"wp-block-paragraph\">SEM\/ja\/IL<\/p>\n","protected":false},"excerpt":{"rendered":"<p>Con la finalidad de conocer el avance de programas y acciones en      materia de violencia de g\u00e9nero.<\/p>\n","protected":false},"author":3,"featured_media":13619,"comment_status":"open","ping_status":"open","sticky":false,"template":"","format":"standard","meta":{"_monsterinsights_skip_tracking":false,"footnotes":""},"categories":[690,51],"tags":[],"class_list":["post-13618","post","type-post","status-publish","format-standard","has-post-thumbnail","category-690","category-ejecutivo"],"_links":{"self":[{"href":"https:\/\/redsemlac.com\/semmexico\/wp-json\/wp\/v2\/posts\/13618","targetHints":{"allow":["GET"]}}],"collection":[{"href":"https:\/\/redsemlac.com\/semmexico\/wp-json\/wp\/v2\/posts"}],"about":[{"href":"https:\/\/redsemlac.com\/semmexico\/wp-json\/wp\/v2\/types\/post"}],"author":[{"embeddable":true,"href":"https:\/\/redsemlac.com\/semmexico\/wp-json\/wp\/v2\/users\/3"}],"replies":[{"embeddable":true,"href":"https:\/\/redsemlac.com\/semmexico\/wp-json\/wp\/v2\/comments?post=13618"}],"version-history":[{"count":0,"href":"https:\/\/redsemlac.com\/semmexico\/wp-json\/wp\/v2\/posts\/13618\/revisions"}],"wp:featuredmedia":[{"embeddable":true,"href":"https:\/\/redsemlac.com\/semmexico\/wp-json\/wp\/v2\/media\/13619"}],"wp:attachment":[{"href":"https:\/\/redsemlac.com\/semmexico\/wp-json\/wp\/v2\/media?parent=13618"}],"wp:term":[{"taxonomy":"category","embeddable":true,"href":"https:\/\/redsemlac.com\/semmexico\/wp-json\/wp\/v2\/categories?post=13618"},{"taxonomy":"post_tag","embeddable":true,"href":"https:\/\/redsemlac.com\/semmexico\/wp-json\/wp\/v2\/tags?post=13618"}],"curies":[{"name":"wp","href":"https:\/\/api.w.org\/{rel}","templated":true}]}}