{"id":13615,"date":"2019-11-06T18:48:57","date_gmt":"2019-11-06T18:48:57","guid":{"rendered":"https:\/\/redsemlac.com\/semmexico\/?p=13615"},"modified":"2023-07-21T15:13:48","modified_gmt":"2023-07-21T20:13:48","slug":"guerrero-74","status":"publish","type":"post","link":"https:\/\/redsemlac.com\/semmexico\/guerrero-74\/","title":{"rendered":"Diputaci\u00f3n morenista en Guerrero, condena el ataque en contra de legisladora"},"content":{"rendered":"\n<ul class=\"wp-block-list\"><li><strong>Diputada  es v\u00edctima de violencia digital.<\/strong><\/li><li><strong>Piden al ejecutivo estatal que publique las reformas el c\u00f3digo penal. &nbsp;<\/strong><\/li><\/ul>\n\n\n\n<p class=\"wp-block-paragraph\"><strong>Josefina\nAguilar Pastor<\/strong><\/p>\n\n\n\n<p class=\"wp-block-paragraph\">SemM\u00e9xico. Chilpancingo, Guerrero, 06 de noviembre de 2019.-El grupo parlamentario de Morena en el Congreso del Estado,&nbsp; conden\u00f3 el ataque en contra de la diputada Mariana Itallitzin Garc\u00eda Guill\u00e9n, quien a poco m\u00e1s de un mes de la aprobar la tipificaci\u00f3n como delito la difusi\u00f3n de contenido \u00edntimo sin consentimiento, este martes, intentaron involucrar en un video sexual; los diputados morenistas exigen&nbsp; al ejecutivo estatal, publique dicha reforma contenida en la llamada \u201cLey Olimpia\u201d, y pueda entrar en vigor.<\/p>\n\n\n\n<p class=\"wp-block-paragraph\">El pasado 24 de septiembre, el pleno del Congreso Local,\naprob\u00f3 dos reformas al c\u00f3digo penal\ndel Estado de Guerrero, de las tres iniciativas que forman parte de la conocida\ncomo \u201cLey Olimpia\u201d, con las que se tipific\u00f3 como delito la difusi\u00f3n de\ncontenido \u00edntimo sin consentimiento y el ciber acoso.<\/p>\n\n\n\n<p class=\"wp-block-paragraph\">As\u00ed, qued\u00f3 establecido el delito de la\ndivulgaci\u00f3n no consentida de im\u00e1genes o videos \u00edntimos sexuales, quien por\ncualquier medio publique, transmita, copie, reproduzca, modifique, emplee ,\ndifunda o comparta fotograf\u00edas, im\u00e1genes, audios o videos con contenido sexual\nde otra persona sin su consentimiento por medio de aplicaciones tecnol\u00f3gicas de\nmensajer\u00eda y\/o plataformas digitales de mensajer\u00eda instant\u00e1nea y multimedia,\nas\u00ed como por redes sociales o digitales, y plantea sanciones de tres a seis\na\u00f1os de prisi\u00f3n en contra de quien cometa ese delito.&nbsp;<\/p>\n\n\n\n<p class=\"wp-block-paragraph\">A escaso un mes de esta aprobaci\u00f3n, este\nmartes, a trav\u00e9s de Whatsapp, se difundi\u00f3 un video de contenido \u00edntimo, en el\nque aseguran es la diputada local Mariana Itallitzin Garc\u00eda\nGuill\u00e9n, la protagonista.<\/p>\n\n\n\n<p class=\"wp-block-paragraph\">Ante esto, la bancada de Morena, emiti\u00f3 un comunicado en\nel que manifiesta su rechazo y condena en contra de los actos de agresi\u00f3n y\nhostigamiento, dirigido a las&nbsp; diputadas\nde dicho grupo parlamentario, quienes se\u00f1ala el documento, una vez m\u00e1s, est\u00e1n\nsiendo objeto de agresiones vinculadas con el ejercicio de su trabajo\nlegislativo y parlamentario. <\/p>\n\n\n\n<p class=\"wp-block-paragraph\">En esta ocasi\u00f3n, refieren, a trav\u00e9s de la difusi\u00f3n de\nim\u00e1genes ap\u00f3crifas en redes sociales que no tienen otra finalidad m\u00e1s que\ninfamar la imagen p\u00fablica de quienes se muestran comprometidas a contribuir con\nel cambio de r\u00e9gimen en el pa\u00eds, y particularmente en el Estado de Guerrero.\nRemarca que no es \u00e9sta la primera vez que sucede un episodio de este tipo; las\nagresiones y hostigamientos han sido reiterados, reflejo de quienes hoy se ven\nafectados por un movimiento de cambio que pone fin a la corrupci\u00f3n, los\nprivilegios y el abuso del poder.<\/p>\n\n\n\n<p class=\"wp-block-paragraph\">\u201cLa violencia emprendida en contra de nuestras compa\u00f1eras\nDiputadas, se inscribe en un contexto generalizado de discriminaci\u00f3n y\nexclusi\u00f3n hacia las mujeres en todos los \u00e1mbitos de la vida social, pol\u00edtica y\necon\u00f3mica. Esta campa\u00f1a de divulgaci\u00f3n de im\u00e1genes de contenido sexual mediante\nlas redes sociales de internet, es una invasi\u00f3n a la intimidad que marca\nprofundamente su desarrollo, al estar en un entorno de agresi\u00f3n y se\u00f1alamiento\npermanente\u201d, se\u00f1ala el pronunciamiento.<\/p>\n\n\n\n<p class=\"wp-block-paragraph\">Lamentan las y los diputados, no cuenten aun con un marco\njur\u00eddico para actuar en contra de estas acciones, debido a la falta, por parte\ndel ejecutivo estatal de la publicaci\u00f3n en el peri\u00f3dico oficial de dos de las\ntres reformas de la llamada \u201cLey Olimpia\u201d, a pesar de que desde el pasado mes\nde septiembre fueron aprobadas.<\/p>\n\n\n\n<p class=\"wp-block-paragraph\">En dicho pronunciamiento, los diputados de Morena, hacen\nun llamado a la sociedad y a los medios de comunicaci\u00f3n, para que asuman la\nresponsabilidad social que les otorga el ejercicio del derecho a la libertad de\nprensa y libre expresi\u00f3n de las ideas \u201cexigimos parar las campa\u00f1as de odio y\ndemostraci\u00f3n. Exigimos que ninguna mujer m\u00e1s sea v\u00edctima de ning\u00fan tipo de\nviolencia. Que pare la persecuci\u00f3n, la ofensa y la desinformaci\u00f3n en torno a la\nvida privada de todas y todos\u201d. <\/p>\n\n\n\n<p class=\"wp-block-paragraph\">Tambi\u00e9n se\u00f1ala su preocupaci\u00f3n por la supuesta irresponsabilidad y ausencia de profesionalismo con que se han conducido algunos medios de comunicaci\u00f3n, al divulgar y reproducir im\u00e1genes ap\u00f3crifas, persuadidos por la morbosidad y el amarillismo, mostrando el nulo compromiso que tienen de informar con la estricta objetividad y certeza que demanda el ejercicio de un periodismo a la altura de las nuevas circunstancias.<\/p>\n\n\n\n<p class=\"wp-block-paragraph\">SEM\/jap\/IL<\/p>\n","protected":false},"excerpt":{"rendered":"<p>Piden al ejecutivo estatal que publique las reformas el c\u00f3digo penal.  <\/p>\n","protected":false},"author":3,"featured_media":13616,"comment_status":"open","ping_status":"open","sticky":false,"template":"","format":"standard","meta":{"_monsterinsights_skip_tracking":false,"footnotes":""},"categories":[690,50],"tags":[],"class_list":["post-13615","post","type-post","status-publish","format-standard","has-post-thumbnail","category-690","category-congreso"],"_links":{"self":[{"href":"https:\/\/redsemlac.com\/semmexico\/wp-json\/wp\/v2\/posts\/13615","targetHints":{"allow":["GET"]}}],"collection":[{"href":"https:\/\/redsemlac.com\/semmexico\/wp-json\/wp\/v2\/posts"}],"about":[{"href":"https:\/\/redsemlac.com\/semmexico\/wp-json\/wp\/v2\/types\/post"}],"author":[{"embeddable":true,"href":"https:\/\/redsemlac.com\/semmexico\/wp-json\/wp\/v2\/users\/3"}],"replies":[{"embeddable":true,"href":"https:\/\/redsemlac.com\/semmexico\/wp-json\/wp\/v2\/comments?post=13615"}],"version-history":[{"count":0,"href":"https:\/\/redsemlac.com\/semmexico\/wp-json\/wp\/v2\/posts\/13615\/revisions"}],"wp:featuredmedia":[{"embeddable":true,"href":"https:\/\/redsemlac.com\/semmexico\/wp-json\/wp\/v2\/media\/13616"}],"wp:attachment":[{"href":"https:\/\/redsemlac.com\/semmexico\/wp-json\/wp\/v2\/media?parent=13615"}],"wp:term":[{"taxonomy":"category","embeddable":true,"href":"https:\/\/redsemlac.com\/semmexico\/wp-json\/wp\/v2\/categories?post=13615"},{"taxonomy":"post_tag","embeddable":true,"href":"https:\/\/redsemlac.com\/semmexico\/wp-json\/wp\/v2\/tags?post=13615"}],"curies":[{"name":"wp","href":"https:\/\/api.w.org\/{rel}","templated":true}]}}