{"id":13609,"date":"2019-11-06T00:04:49","date_gmt":"2019-11-06T00:04:49","guid":{"rendered":"https:\/\/redsemlac.com\/semmexico\/?p=13609"},"modified":"2023-07-21T15:13:48","modified_gmt":"2023-07-21T20:13:48","slug":"guerrero-72","status":"publish","type":"post","link":"https:\/\/redsemlac.com\/semmexico\/guerrero-72\/","title":{"rendered":"Difunden supuesto video con contenido \u00edntimo de diputada de Morena"},"content":{"rendered":"\n<p class=\"wp-block-paragraph\"><strong>Josefina Aguilar Pastor<\/strong><\/p>\n\n\n\n<p class=\"wp-block-paragraph\">SemM\u00e9xico. Chilpancingo, Guerrero, 5 de noviembre de 2019.- Ante la supuesta difusi\u00f3n de contenido \u00edntimo en el que la pretenden vincular, la diputada local de Morena, Mariana Itallitzin Garc\u00eda Guill\u00e9n, advirti\u00f3 que se trata de un intento con tintes pol\u00edticos de callarla e intimidarla, declar\u00f3 que interpondr\u00e1 una denuncia tanto penal como ante la polic\u00eda cibern\u00e9tica hasta llegar a las \u00faltimas consecuencias.<\/p>\n\n\n\n<p class=\"wp-block-paragraph\">Durante el transcurso de la ma\u00f1ana de este martes, a trav\u00e9s de whatsapp, fue difundido un video de contenido \u00edntimo, que supuestamente protagoniza la diputada de Morena; en la fotograf\u00eda del remitente, aparece la del tambi\u00e9n legislador local del PRI, H\u00e9ctor Apreza Patr\u00f3n.<\/p>\n\n\n\n<p class=\"wp-block-paragraph\">Garc\u00eda Guill\u00e9n dio a conocer que a trav\u00e9s de la bancada de Morena, emitir\u00e1n un posicionamiento al respecto, aunque de antemano, se\u00f1al\u00f3 que este hecho sin duda alguna, victimiza no a ella como Mariana, como diputada, sino a todas las mujeres, y a quien realmente aparece en el video \u2013al rechazar que sea ella-, luego de que no es el \u00fanico caso difundido, son muchos, muchas historias dijo, que se entrelazan alrededor de actos abusivos como este a trav\u00e9s de las redes sociales.<\/p>\n\n\n\n<p class=\"wp-block-paragraph\">Advirti\u00f3 que se trata de una intenci\u00f3n con tintes pol\u00edticos de callarla, luego de los planteamientos que ha venido haciendo en tribuna, al definirse como una diputada sin miedo al debate, \u201cy que no tengo pelos en la lengua\u201d, lo que genera incomodidad, y han recurrido a este tipo de argucia para lastimarla, sin embargo, sostuvo que no la callaran de esta manera, como una mujer valiente asent\u00f3, se mantendr\u00e1 en la misma postura, luego de que no es la primera vez que tratan de intimidarla para frenarla.<\/p>\n\n\n\n<p class=\"wp-block-paragraph\">&nbsp;\u201cNo puede ser que intenten ponernos bozales a trav\u00e9s de este tipo de difusi\u00f3n de contenidos \u00edntimos, que sigan, que lo sigan haciendo, que lo toleren y se vuelva com\u00fan y cotidiano, se les hace muy f\u00e1cil lacerarnos, lastimarnos, vulnerarnos a trav\u00e9s de la difusi\u00f3n de estos contenidos, pero las mujeres tenemos la responsabilidad de alzar la voz, denunciar y exigir que nos dejen de ver como un objeto\u201d, expuso Garc\u00eda Guillen.<\/p>\n\n\n\n<p class=\"wp-block-paragraph\">La morenista calific\u00f3 como cobarde y aberrante la difusi\u00f3n el mencionado video, es el reflejo dijo, de quien pretenden seguir generando m\u00e1s odio y desacreditarla a trav\u00e9s de un contenido que nada tiene que ver con su desempe\u00f1o como legisladora, como persona, con su vida privada, es lamentable a\u00f1adi\u00f3, que pretendan lastimarla o menospreciarla, callarla y hacerla a un lado, viralizando un contenido como este. Se\u00f1al\u00f3 que se trata de una estrategia bien orquestada en su contra, de alguien que se tom\u00f3 el tiempo para pagar a quien lo hizo y distribuy\u00f3 desde las sombras, ante la falta de valor para&nbsp;encararla de frente.<\/p>\n\n\n\n<p class=\"wp-block-paragraph\">La diputada descart\u00f3 que sea el diputado del PRI, H\u00e9ctor Apreza Patr\u00f3n el responsable de la difusi\u00f3n de este video, como pretendieron hacerlo creer, luego de que la foto que aparece en el remitente del whatsapp es la de \u00e9l \u201cnos quer\u00edan echar a pique, pero \u00e9l es un buen compa\u00f1ero\u201d. Coment\u00f3 que fue el primero que se acerc\u00f3 a ella \u201ctambi\u00e9n espantado el pobre hombre\u201d, para deslindarse de la supuesta difusi\u00f3n, sostuvo que mantienen una buena amistad a pesar de ser antag\u00f3nicos pol\u00edticamente.<\/p>\n\n\n\n<p class=\"wp-block-paragraph\">\u201cSe quer\u00eda hacer pensar que era \u00e9l, el responsable, la verdad que yo lo descarto\u201d, sostuvo la diputada de Morena, quien no apart\u00f3 la posibilidad de entablar juntos la denuncia que interpondr\u00e1 ante la polic\u00eda cibern\u00e9tica, pues \u00e9l tambi\u00e9n es un afectado dijo.<\/p>\n\n\n\n<p class=\"wp-block-paragraph\">Garc\u00eda Guillen afirm\u00f3 que llegar\u00e1 hasta las \u00faltimas consecuencias \u201ctiene nombre y apellido, y llegaremos hasta donde tope\u201d; agreg\u00f3 que interpondr\u00e1 una denuncia penal, con lo cual tambi\u00e9n pretende dar el ejemplo y fincar un precedente, al considerar que si como legisladora, como mujer, como representante de las mujeres no hace lo propio, como pueden exigir a la ciudadan\u00eda que tenga el valor de denunciar y hacer estos procesos. Finalmente, se solidariz\u00f3 con todas aquellas mujeres que todos los d\u00edas, son exhibidas de esta manera en redes sociales, en cat\u00e1logos, a trav\u00e9s de la trata de personas.&nbsp;<\/p>\n","protected":false},"excerpt":{"rendered":"<p>Durante el transcurso de la ma\u00f1ana de este martes, a trav\u00e9s de whatsapp, fue difundido un video de contenido \u00edntimo<\/p>\n","protected":false},"author":3,"featured_media":13610,"comment_status":"open","ping_status":"open","sticky":false,"template":"","format":"standard","meta":{"_monsterinsights_skip_tracking":false,"footnotes":""},"categories":[690,50],"tags":[],"class_list":["post-13609","post","type-post","status-publish","format-standard","has-post-thumbnail","category-690","category-congreso"],"_links":{"self":[{"href":"https:\/\/redsemlac.com\/semmexico\/wp-json\/wp\/v2\/posts\/13609","targetHints":{"allow":["GET"]}}],"collection":[{"href":"https:\/\/redsemlac.com\/semmexico\/wp-json\/wp\/v2\/posts"}],"about":[{"href":"https:\/\/redsemlac.com\/semmexico\/wp-json\/wp\/v2\/types\/post"}],"author":[{"embeddable":true,"href":"https:\/\/redsemlac.com\/semmexico\/wp-json\/wp\/v2\/users\/3"}],"replies":[{"embeddable":true,"href":"https:\/\/redsemlac.com\/semmexico\/wp-json\/wp\/v2\/comments?post=13609"}],"version-history":[{"count":0,"href":"https:\/\/redsemlac.com\/semmexico\/wp-json\/wp\/v2\/posts\/13609\/revisions"}],"wp:featuredmedia":[{"embeddable":true,"href":"https:\/\/redsemlac.com\/semmexico\/wp-json\/wp\/v2\/media\/13610"}],"wp:attachment":[{"href":"https:\/\/redsemlac.com\/semmexico\/wp-json\/wp\/v2\/media?parent=13609"}],"wp:term":[{"taxonomy":"category","embeddable":true,"href":"https:\/\/redsemlac.com\/semmexico\/wp-json\/wp\/v2\/categories?post=13609"},{"taxonomy":"post_tag","embeddable":true,"href":"https:\/\/redsemlac.com\/semmexico\/wp-json\/wp\/v2\/tags?post=13609"}],"curies":[{"name":"wp","href":"https:\/\/api.w.org\/{rel}","templated":true}]}}