{"id":13603,"date":"2019-11-05T22:11:26","date_gmt":"2019-11-05T22:11:26","guid":{"rendered":"https:\/\/redsemlac.com\/semmexico\/?p=13603"},"modified":"2023-07-21T15:13:48","modified_gmt":"2023-07-21T20:13:48","slug":"la-onu-entrega-el-premio-de-mujer-policia-del-ano-a-la-mayor-seynabou-diouf-de-senegal","status":"publish","type":"post","link":"https:\/\/redsemlac.com\/semmexico\/la-onu-entrega-el-premio-de-mujer-policia-del-ano-a-la-mayor-seynabou-diouf-de-senegal\/","title":{"rendered":"La ONU entrega el premio de Mujer Polic\u00eda del A\u00f1o a la mayor Seynabou Diouf, de Senegal"},"content":{"rendered":"\n<p class=\"wp-block-paragraph\"><strong>Redacci\u00f3n<\/strong><\/p>\n\n\n\n<p class=\"wp-block-paragraph\">SemM\u00e9xico\/Naciones Unidas. 5 de noviembre de 2019.- El galard\u00f3n reconoce la contribuci\u00f3n excepcional de las polic\u00edas a la labor de las operaciones de mantenimiento de la paz de la ONU, adem\u00e1s de que busca promover el empoderamiento de las mujeres. La mayor Diouf se encuentra desplegada en la Rep\u00fablica Democr\u00e1tica del Congo y lidera una fuerza contra la explotaci\u00f3n y abuso sexual.<\/p>\n\n\n\n<p class=\"wp-block-paragraph\">La mayor Seynabou Diouf, de la Polic\u00eda Nacional de Senegal, recibi\u00f3 este martes el premio a la Mujer Polic\u00eda de las Naciones Unidas en 2019 por su trabajo ejemplar como integrante del contingente polic\u00edaco de la Misi\u00f3n de Estabilizaci\u00f3n de la ONU en la Rep\u00fablica Democr\u00e1tica del Congo (MONUSCO).<\/p>\n\n\n\n<p class=\"wp-block-paragraph\">El galard\u00f3n fue establecido en 2011 para reconocer la contribuci\u00f3n excepcional de las polic\u00edas a la labor de las operaciones de mantenimiento de la paz de la ONU y para promover el empoderamiento de las mujeres.<\/p>\n\n\n\n<p class=\"wp-block-paragraph\">Desplegada en Goma, en la provincia congole\u00f1a de Kivu del Norte, la mayor Diouf lidera actualmente un grupo de trabajo para evitar y poner fin al abuso y explotaci\u00f3n sexual. Tambi\u00e9n encabeza la Red de Mujeres Polic\u00edas de la ONU, que brinda orientaci\u00f3n, capacitaci\u00f3n, apoyo e impulso para el desarrollo profesional a las oficiales.<\/p>\n\n\n\n<p class=\"wp-block-paragraph\">El comit\u00e9 que la seleccion\u00f3 para el premio destac\u00f3 su infatigable labor, afirmando que ha tenido un impacto positivo y directo en la comunidad y en la Polic\u00eda Nacional congole\u00f1a.<\/p>\n\n\n\n<p class=\"wp-block-paragraph\"><strong>Trabajo de apoyo a las v\u00edctimas<\/strong><\/p>\n\n\n\n<p class=\"wp-block-paragraph\">El asesor de la Polic\u00eda de la ONU, Luis Carrilho, sostuvo que Diouf es una fuente de inspiraci\u00f3n para todos.<\/p>\n\n\n\n<p class=\"wp-block-paragraph\">\u201cCon su trabajo en la MONUSCO para apoyar a sobrevivientes de violencia sexual y sus iniciativas para darle un sentido de comunidad a la tarea de la Polic\u00eda Nacional congole\u00f1a, la mayor Diouf encarna el esp\u00edritu de los valores centrales de la Organizaci\u00f3n\u201d, se\u00f1al\u00f3 Carrilho.<\/p>\n\n\n\n<p class=\"wp-block-paragraph\">Al aceptar la distinci\u00f3n, la mayor Diouf agradeci\u00f3 el reconocimiento y subray\u00f3 la pol\u00edtica de cero tolerancia a los abusos y explotaci\u00f3n sexual que abandera a la ONU.<\/p>\n\n\n\n<p class=\"wp-block-paragraph\">\u201cMe siento muy honrada y al mismo tiempo humilde por haber sido reconocida por algo que se ha convertido casi en mi segunda naturaleza y en mi vida laboral. Cuando era joven quer\u00eda ser doctora, pero hab\u00eda una necesidad urgente de ayudar y mantener a mi familia. Ser oficial de polic\u00eda cuando se empez\u00f3 a reclutar mujeres para la Polic\u00eda en Senegal me dio reconocimiento y un salario decente, pero tambi\u00e9n me permiti\u00f3 contribuir a la sociedad de una manera que nunca hubiera pensado que fuera posible\u201d, dijo.<\/p>\n\n\n\n<p class=\"wp-block-paragraph\">\u201cComo oficial de polic\u00eda de la ONU en nuestra unidad encargada de la protecci\u00f3n de ni\u00f1os y familias fui testigo de la explotaci\u00f3n de chicas muy j\u00f3venes como prostitutas, fue entonces cuando hice de la protecci\u00f3n a estas v\u00edctimas mi misi\u00f3n. En varios casos, mi unidad ha podido encontrar y reunir a las familias de donde proven\u00edan esas menores. Luego de reunirlas, aconsejamos a las familias enviar a las v\u00edctimas a centros sociales para descubrir su orientaci\u00f3n vocacional y aprender un oficio\u201d, explic\u00f3 Diouf.<\/p>\n\n\n\n<p class=\"wp-block-paragraph\"><strong>Brindar seguridad<\/strong><\/p>\n\n\n\n<p class=\"wp-block-paragraph\">Los polic\u00edas desplegados en las operaciones de paz de la ONU tienen la misi\u00f3n es respaldar las tareas de seguridad de los Estados miembros que viven situaciones de conflicto, post conflicto u otros escenarios de crisis.<\/p>\n\n\n\n<p class=\"wp-block-paragraph\">Senegal es el principal contribuyente de polic\u00edas a las operaciones de paz de la ONU y uno de los cinco que m\u00e1s oficiales mujeres aporta a esas misiones.<\/p>\n\n\n\n<p class=\"wp-block-paragraph\">A la ceremonia de premiaci\u00f3n en la sede de la ONU en Nueva York asistieron los jefes de los componentes polic\u00edacos de 14 operaciones de mantenimiento de la paz, misiones pol\u00edticas especiales y oficinas regionales. El evento incluy\u00f3 una reflexi\u00f3n sobre c\u00f3mo mejorar el desempe\u00f1o, la conducta y la disciplina de los polic\u00edas de las Naciones Unidas en su tares de mantener la paz y promover los derechos humanos.<\/p>\n","protected":false},"excerpt":{"rendered":"<p>El galard\u00f3n reconoce la contribuci\u00f3n excepcional de las polic\u00edas a la labor de las operaciones de mantenimiento de la paz de la ONU<\/p>\n","protected":false},"author":3,"featured_media":13604,"comment_status":"open","ping_status":"open","sticky":false,"template":"","format":"standard","meta":{"_monsterinsights_skip_tracking":false,"footnotes":""},"categories":[690,53],"tags":[],"class_list":["post-13603","post","type-post","status-publish","format-standard","has-post-thumbnail","category-690","category-internacional"],"_links":{"self":[{"href":"https:\/\/redsemlac.com\/semmexico\/wp-json\/wp\/v2\/posts\/13603","targetHints":{"allow":["GET"]}}],"collection":[{"href":"https:\/\/redsemlac.com\/semmexico\/wp-json\/wp\/v2\/posts"}],"about":[{"href":"https:\/\/redsemlac.com\/semmexico\/wp-json\/wp\/v2\/types\/post"}],"author":[{"embeddable":true,"href":"https:\/\/redsemlac.com\/semmexico\/wp-json\/wp\/v2\/users\/3"}],"replies":[{"embeddable":true,"href":"https:\/\/redsemlac.com\/semmexico\/wp-json\/wp\/v2\/comments?post=13603"}],"version-history":[{"count":0,"href":"https:\/\/redsemlac.com\/semmexico\/wp-json\/wp\/v2\/posts\/13603\/revisions"}],"wp:featuredmedia":[{"embeddable":true,"href":"https:\/\/redsemlac.com\/semmexico\/wp-json\/wp\/v2\/media\/13604"}],"wp:attachment":[{"href":"https:\/\/redsemlac.com\/semmexico\/wp-json\/wp\/v2\/media?parent=13603"}],"wp:term":[{"taxonomy":"category","embeddable":true,"href":"https:\/\/redsemlac.com\/semmexico\/wp-json\/wp\/v2\/categories?post=13603"},{"taxonomy":"post_tag","embeddable":true,"href":"https:\/\/redsemlac.com\/semmexico\/wp-json\/wp\/v2\/tags?post=13603"}],"curies":[{"name":"wp","href":"https:\/\/api.w.org\/{rel}","templated":true}]}}