{"id":13600,"date":"2019-11-05T21:16:44","date_gmt":"2019-11-05T21:16:44","guid":{"rendered":"https:\/\/redsemlac.com\/semmexico\/?p=13600"},"modified":"2023-07-21T15:13:48","modified_gmt":"2023-07-21T20:13:48","slug":"propondran-reforma-para-garantizar-proteccion-a-victimas-de-trata-de-personas","status":"publish","type":"post","link":"https:\/\/redsemlac.com\/semmexico\/propondran-reforma-para-garantizar-proteccion-a-victimas-de-trata-de-personas\/","title":{"rendered":"Propondr\u00e1n reforma para garantizar protecci\u00f3n a v\u00edctimas de trata de personas"},"content":{"rendered":"\n<ul class=\"wp-block-list\"><li><strong>En el pa\u00eds solo se tienen 12 refugios por parte de las 32 fiscal\u00edas del pa\u00eds.<\/strong><\/li><\/ul>\n\n\n\n<p class=\"wp-block-paragraph\"><strong>Elda Montiel<\/strong><\/p>\n\n\n\n<p class=\"wp-block-paragraph\">SemM\u00e9xico. Cd. de M\u00e9xico. 5 de noviembre de 2019.- Con el fin de reforzar las medidas de protecci\u00f3n a v\u00edctimas de trata de personas el senador Salom\u00f3n Jara propondr\u00e1 una iniciativa para modificar el art\u00edculo 62 de la Ley General para Prevenir, Sancionar y Erradicar los Delitos en Materia de Trata de Personas y para la Protecci\u00f3n y Asistencia a las V\u00edctimas de estos Delitos.<\/p>\n\n\n\n<p class=\"wp-block-paragraph\">El senador Salom\u00f3n Jara Cruz, del Grupo Parlamentario Morena, se\u00f1ala que se buscar\u00e1 reducir el margen de discrecionalidad e ineficiencia de todas aquellas instituciones involucradas en la atenci\u00f3n y protecci\u00f3n de v\u00edctimas, para evitar que se revictimice a las personas y se garantice la vigencia de sus derechos humanos.<\/p>\n\n\n\n<p class=\"wp-block-paragraph\">Lo que se busca, de acuerdo con el legislador es cerrarle el paso a la omisi\u00f3n que pudiesen cometer las mismas autoridades que tienen la responsabilidad de brindar protecci\u00f3n, para que as\u00ed las personas que han sido v\u00edctimas accedan a una vida libre de violencia y gocen de la restituci\u00f3n plena de sus derechos.<\/p>\n\n\n\n<p class=\"wp-block-paragraph\">Expone que solo 12 de las 32 procuradur\u00edas y fiscal\u00edas generales estatales en el pa\u00eds, cuentan con alg\u00fan albergue, refugio o casa de medio camino para la atenci\u00f3n a v\u00edctimas, aunque no exclusivamente de los delitos en materia de trata de personas.<\/p>\n\n\n\n<p class=\"wp-block-paragraph\">De acuerdo con el Diagn\u00f3stico sobre la Situaci\u00f3n de la Trata de Personas en M\u00e9xico 2019, elaborado por la Comisi\u00f3n Nacional de los Derechos Humanos, 10 refugios, 9 albergues y una casa de transici\u00f3n son los que existen, incluidos los espacios de la Fiscal\u00eda General de la Rep\u00fablica, en los estados de Aguascalientes, Campeche, Chiapas, Ciudad de M\u00e9xico, Guanajuato, M\u00e9xico,&nbsp;Nayarit, Nuevo Le\u00f3n, Puebla, Sonora y Tlaxcala.<\/p>\n\n\n\n<p class=\"wp-block-paragraph\">Por lo que el senador por Oaxaca plantear\u00e1 como obligatoriedad de las autoridades responsables de atender a las v\u00edctimas, en los \u00e1mbitos federal, estatal y municipal, realizar visitas de verificaci\u00f3n a refugios y dem\u00e1s espacios a efecto de garantizar que cumplan con requisitos, caracter\u00edsticas y obligaciones establecidas en la ley.&nbsp;<\/p>\n\n\n\n<p class=\"wp-block-paragraph\">&nbsp;Debido a que la falta de m\u00e1s albergues, refugios o casas de medio camino para la atenci\u00f3n a las v\u00edctimas de delitos de trata de personas, la canalizaci\u00f3n a otras instituciones para el alojamiento se ha convertido en pr\u00e1ctica recurrente para garantizarles el acceso a los derechos que les son reconocidos en las leyes.<\/p>\n\n\n\n<p class=\"wp-block-paragraph\">&nbsp;Considera adem\u00e1s que en el caso de refugios, albergues y casas de medio camino que brinden atenci\u00f3n a v\u00edctimas menores de 18 a\u00f1os, la verificaci\u00f3n incluya el cumplimiento de los criterios y disposiciones especiales establecidas en la Ley General de Prestaci\u00f3n de Servicios para la Atenci\u00f3n, Cuidado y Desarrollo Integral Infantil.<\/p>\n\n\n\n<p class=\"wp-block-paragraph\">Sem\/gr\/em<br><\/p>\n","protected":false},"excerpt":{"rendered":"<p>En el pa\u00eds solo se tienen 12 refugios por parte de las 32 fiscal\u00edas del pa\u00eds.<\/p>\n","protected":false},"author":3,"featured_media":13601,"comment_status":"open","ping_status":"open","sticky":false,"template":"","format":"standard","meta":{"_monsterinsights_skip_tracking":false,"footnotes":""},"categories":[690,50],"tags":[],"class_list":["post-13600","post","type-post","status-publish","format-standard","has-post-thumbnail","category-690","category-congreso"],"_links":{"self":[{"href":"https:\/\/redsemlac.com\/semmexico\/wp-json\/wp\/v2\/posts\/13600","targetHints":{"allow":["GET"]}}],"collection":[{"href":"https:\/\/redsemlac.com\/semmexico\/wp-json\/wp\/v2\/posts"}],"about":[{"href":"https:\/\/redsemlac.com\/semmexico\/wp-json\/wp\/v2\/types\/post"}],"author":[{"embeddable":true,"href":"https:\/\/redsemlac.com\/semmexico\/wp-json\/wp\/v2\/users\/3"}],"replies":[{"embeddable":true,"href":"https:\/\/redsemlac.com\/semmexico\/wp-json\/wp\/v2\/comments?post=13600"}],"version-history":[{"count":0,"href":"https:\/\/redsemlac.com\/semmexico\/wp-json\/wp\/v2\/posts\/13600\/revisions"}],"wp:featuredmedia":[{"embeddable":true,"href":"https:\/\/redsemlac.com\/semmexico\/wp-json\/wp\/v2\/media\/13601"}],"wp:attachment":[{"href":"https:\/\/redsemlac.com\/semmexico\/wp-json\/wp\/v2\/media?parent=13600"}],"wp:term":[{"taxonomy":"category","embeddable":true,"href":"https:\/\/redsemlac.com\/semmexico\/wp-json\/wp\/v2\/categories?post=13600"},{"taxonomy":"post_tag","embeddable":true,"href":"https:\/\/redsemlac.com\/semmexico\/wp-json\/wp\/v2\/tags?post=13600"}],"curies":[{"name":"wp","href":"https:\/\/api.w.org\/{rel}","templated":true}]}}