{"id":13597,"date":"2019-11-05T21:11:39","date_gmt":"2019-11-05T21:11:39","guid":{"rendered":"https:\/\/redsemlac.com\/semmexico\/?p=13597"},"modified":"2023-07-21T15:13:48","modified_gmt":"2023-07-21T20:13:48","slug":"cndh-2","status":"publish","type":"post","link":"https:\/\/redsemlac.com\/semmexico\/cndh-2\/","title":{"rendered":"CNDH pide medidas cautelares para familia LeBar\u00f3n tras ataque"},"content":{"rendered":"\n<p class=\"wp-block-paragraph\"><strong>Redacci\u00f3n<\/strong><\/p>\n\n\n\n<p class=\"wp-block-paragraph\">SemM\u00e9xico. Ciudad de M\u00e9xico. 05 de noviembre 2019.- La\nComisi\u00f3n Nacional de Derechos Humanos solicit\u00f3 medidas cautelares a los gobiernos\nde Sonora y Chihuahua por los hechos ocurridos ayer en contra de la familia\nLeBaron y en donde nueve personas murieron.<\/p>\n\n\n\n<p class=\"wp-block-paragraph\">La tarde de ayer se perpetr\u00f3 un ataque armado en el Rancho\nLa Mora, una comunidad mormona localizada en los l\u00edmites de Chihuahua con el\nEstado de Sonora, cuando veh\u00edculos que se trasladaban en caravana fueron\natacados por sujetos armados. Uno de los veh\u00edculos se incendi\u00f3, por lo que\nmurieron calcinados una mujer y cuatro menores de edad, integrantes de la\nfamilia LeBar\u00f3n.<\/p>\n\n\n\n<p class=\"wp-block-paragraph\">A trav\u00e9s de un comunicado la CNDH conden\u00f3 esos hechos y\nexpresa sus m\u00e1s sentidas condolencias a familiares de las v\u00edctimas y su\nsolidaridad a la comunidad a la que pertenecen.<\/p>\n\n\n\n<p class=\"wp-block-paragraph\">El activista Juli\u00e1n LeBar\u00f3n mencion\u00f3 a personal de este\nOrganismo Nacional que por la noche fueron localizados m\u00e1s cad\u00e1veres, por lo\nque ascendi\u00f3 a nueve el n\u00famero de personas asesinadas y varias fueron\nlesionadas, y al menos un menor de edad se encontraba a\u00fan desaparecido.<\/p>\n\n\n\n<p class=\"wp-block-paragraph\">Por tales hechos, la Comisi\u00f3n Nacional de los Derechos\nHumanos (CNDH) requiere a las autoridades de Chihuahua y Sonora implementar\nmedidas cautelares a fin de salvaguardar la vida, integridad y seguridad de los\nintegrantes de la familia LeBar\u00f3n y brindar atenci\u00f3n m\u00e9dica a quienes\nresultaron lesionados. Tambi\u00e9n realizar la b\u00fasqueda exhaustiva y localizaci\u00f3n\nde al menos un menor de edad que a\u00fan se encuentra desaparecido.<\/p>\n\n\n\n<p class=\"wp-block-paragraph\">&nbsp;\u201cLa gravedad y la\nsa\u00f1a del ataque perpetrado el d\u00eda de ayer denota el nivel de riesgo en el que\nse encuentran muchas regiones del pa\u00eds, donde miles de personas est\u00e1n expuestas\na la violencia criminal que parece no tener fin y que requiere de la\nintervenci\u00f3n de los tres niveles de gobierno para lograr la pacificaci\u00f3n por la\nv\u00eda del derecho, logrando la tranquilidad y la seguridad de toda la poblaci\u00f3n\u201d,\ndice el informe.<\/p>\n\n\n\n<p class=\"wp-block-paragraph\">SEM\/IL<\/p>\n","protected":false},"excerpt":{"rendered":"<p>El activista Juli\u00e1n LeBar\u00f3n mencion\u00f3 a personal de este Organismo Nacional que por la noche fueron localizados m\u00e1s cad\u00e1veres, por lo que ascendi\u00f3 a nueve el n\u00famero de personas asesinadas y varias fueron lesionadas<\/p>\n","protected":false},"author":3,"featured_media":13598,"comment_status":"open","ping_status":"open","sticky":false,"template":"","format":"standard","meta":{"_monsterinsights_skip_tracking":false,"footnotes":""},"categories":[690,51],"tags":[],"class_list":["post-13597","post","type-post","status-publish","format-standard","has-post-thumbnail","category-690","category-ejecutivo"],"_links":{"self":[{"href":"https:\/\/redsemlac.com\/semmexico\/wp-json\/wp\/v2\/posts\/13597","targetHints":{"allow":["GET"]}}],"collection":[{"href":"https:\/\/redsemlac.com\/semmexico\/wp-json\/wp\/v2\/posts"}],"about":[{"href":"https:\/\/redsemlac.com\/semmexico\/wp-json\/wp\/v2\/types\/post"}],"author":[{"embeddable":true,"href":"https:\/\/redsemlac.com\/semmexico\/wp-json\/wp\/v2\/users\/3"}],"replies":[{"embeddable":true,"href":"https:\/\/redsemlac.com\/semmexico\/wp-json\/wp\/v2\/comments?post=13597"}],"version-history":[{"count":0,"href":"https:\/\/redsemlac.com\/semmexico\/wp-json\/wp\/v2\/posts\/13597\/revisions"}],"wp:featuredmedia":[{"embeddable":true,"href":"https:\/\/redsemlac.com\/semmexico\/wp-json\/wp\/v2\/media\/13598"}],"wp:attachment":[{"href":"https:\/\/redsemlac.com\/semmexico\/wp-json\/wp\/v2\/media?parent=13597"}],"wp:term":[{"taxonomy":"category","embeddable":true,"href":"https:\/\/redsemlac.com\/semmexico\/wp-json\/wp\/v2\/categories?post=13597"},{"taxonomy":"post_tag","embeddable":true,"href":"https:\/\/redsemlac.com\/semmexico\/wp-json\/wp\/v2\/tags?post=13597"}],"curies":[{"name":"wp","href":"https:\/\/api.w.org\/{rel}","templated":true}]}}