{"id":13590,"date":"2019-11-05T19:24:43","date_gmt":"2019-11-05T19:24:43","guid":{"rendered":"https:\/\/redsemlac.com\/semmexico\/?p=13590"},"modified":"2023-07-21T15:13:49","modified_gmt":"2023-07-21T20:13:49","slug":"propone-monreal-registro-nacional-de-menores-en-orfandad-por-feminicidio-y-violencia-para-brindarles-atencion","status":"publish","type":"post","link":"https:\/\/redsemlac.com\/semmexico\/propone-monreal-registro-nacional-de-menores-en-orfandad-por-feminicidio-y-violencia-para-brindarles-atencion\/","title":{"rendered":"Propone Monreal Registro Nacional de Menores en orfandad por feminicidio y violencia para brindarles atenci\u00f3n"},"content":{"rendered":"\n<ul class=\"wp-block-list\"><li><strong>El feminicidio en el pa\u00eds ha aumentado 122% en tres a\u00f1os, lo que aumenta los casos de ni\u00f1os hu\u00e9rfanos.<\/strong><\/li><\/ul>\n\n\n\n<p class=\"wp-block-paragraph\">Elda<strong> Montiel<\/strong><\/p>\n\n\n\n<p class=\"wp-block-paragraph\">SermM\u00e9xico. Cd. de M\u00e9xico. 5 de noviembre de 2019.- Los casos de orfandad de ni\u00f1os, ni\u00f1as y adolescentes por feminicidio, homicidios dolosos, violencia por el crimen organizado y migraci\u00f3n que se estiman en 1.6 millones, seg\u00fan datos de UNESCO, requieren de un registro incorporado a la Ley General de Victimas, de acuerdo a la iniciativa presentada por el senador Ricardo Monreal.<\/p>\n\n\n\n<p class=\"wp-block-paragraph\">Actualmente, no existe un registro oficial de ni\u00f1os, ni\u00f1as y adolescentes en condici\u00f3n de orfandad como resultado de los delitos mencionados, lo cual invisibiliza su vulnerabilidad y los deja en un estado de indefensi\u00f3n para acceder a los derechos que les corresponden como v\u00edctimas.<\/p>\n\n\n\n<p class=\"wp-block-paragraph\">\u201cEl heredado estado de violencia que persiste en nuestro pa\u00eds&nbsp;nos obliga a reorientar las pol\u00edticas p\u00fablicas en favor de los ni\u00f1os, ni\u00f1as y adolescentes en condici\u00f3n de orfandad\u201d, subray\u00f3 el senador Ricardo Monreal.<\/p>\n\n\n\n<p class=\"wp-block-paragraph\">La propuesta del coordinador de los senadores de Morena busca establecer el deber de la Comisi\u00f3n Ejecutiva y las comisiones de v\u00edctimas, de informar cada seis meses al Sistema Nacional de Atenci\u00f3n a V\u00edctimas sobre el avance de las solicitudes de ingreso al registro de los ni\u00f1os, ni\u00f1as y adolescentes.<\/p>\n\n\n\n<p class=\"wp-block-paragraph\">Con el prop\u00f3sito de hacer valer el inter\u00e9s superior de la ni\u00f1ez como principio rector de la ley impulsara la iniciativa, ya que en el caso particular del feminicidio este ha tenido un incremento del 122 por ciento en todo el pa\u00eds, durante el periodo de 2015 a 2018.<\/p>\n\n\n\n<p class=\"wp-block-paragraph\">Situaci\u00f3n que ha generado, a su vez, un aumento en el n\u00famero de personas menores de edad hu\u00e9rfanas, convertidas en v\u00edctimas indirectas de la violencia, tanto por ese delito como por homicidios dolosos.<\/p>\n\n\n\n<p class=\"wp-block-paragraph\">Consider\u00f3 el legislador que \u201ces inaplazable que el Estado emprenda las acciones correspondientes para brindar la atenci\u00f3n requerida a los ni\u00f1os, ni\u00f1as y adolescentes que se encuentran en esta condici\u00f3n\u201d.<\/p>\n\n\n\n<p class=\"wp-block-paragraph\">Precis\u00f3 el legislador que el prop\u00f3sito es&nbsp;que los integrantes de esa poblaci\u00f3n vean satisfechas sus necesidades b\u00e1sicas y su desarrollo personal, garantizando de manera efectiva la reparaci\u00f3n integral del da\u00f1o que establece la Ley General de V\u00edctimas.<\/p>\n\n\n\n<p class=\"wp-block-paragraph\">Sem\/gr\/em<\/p>\n\n\n","protected":false},"excerpt":{"rendered":"<p>El feminicidio en el pa\u00eds ha aumentado 122% en tres a\u00f1os, lo que aumenta los casos de ni\u00f1os hu\u00e9rfanos.<\/p>\n","protected":false},"author":3,"featured_media":13591,"comment_status":"open","ping_status":"open","sticky":false,"template":"","format":"standard","meta":{"_monsterinsights_skip_tracking":false,"footnotes":""},"categories":[690,50],"tags":[],"class_list":["post-13590","post","type-post","status-publish","format-standard","has-post-thumbnail","category-690","category-congreso"],"_links":{"self":[{"href":"https:\/\/redsemlac.com\/semmexico\/wp-json\/wp\/v2\/posts\/13590","targetHints":{"allow":["GET"]}}],"collection":[{"href":"https:\/\/redsemlac.com\/semmexico\/wp-json\/wp\/v2\/posts"}],"about":[{"href":"https:\/\/redsemlac.com\/semmexico\/wp-json\/wp\/v2\/types\/post"}],"author":[{"embeddable":true,"href":"https:\/\/redsemlac.com\/semmexico\/wp-json\/wp\/v2\/users\/3"}],"replies":[{"embeddable":true,"href":"https:\/\/redsemlac.com\/semmexico\/wp-json\/wp\/v2\/comments?post=13590"}],"version-history":[{"count":0,"href":"https:\/\/redsemlac.com\/semmexico\/wp-json\/wp\/v2\/posts\/13590\/revisions"}],"wp:featuredmedia":[{"embeddable":true,"href":"https:\/\/redsemlac.com\/semmexico\/wp-json\/wp\/v2\/media\/13591"}],"wp:attachment":[{"href":"https:\/\/redsemlac.com\/semmexico\/wp-json\/wp\/v2\/media?parent=13590"}],"wp:term":[{"taxonomy":"category","embeddable":true,"href":"https:\/\/redsemlac.com\/semmexico\/wp-json\/wp\/v2\/categories?post=13590"},{"taxonomy":"post_tag","embeddable":true,"href":"https:\/\/redsemlac.com\/semmexico\/wp-json\/wp\/v2\/tags?post=13590"}],"curies":[{"name":"wp","href":"https:\/\/api.w.org\/{rel}","templated":true}]}}