{"id":13587,"date":"2019-11-05T19:12:42","date_gmt":"2019-11-05T19:12:42","guid":{"rendered":"https:\/\/redsemlac.com\/semmexico\/?p=13587"},"modified":"2023-07-21T15:13:49","modified_gmt":"2023-07-21T20:13:49","slug":"plantean-crear-fondo-financiero-para-responder-a-programas-de-desarrollo-indigena","status":"publish","type":"post","link":"https:\/\/redsemlac.com\/semmexico\/plantean-crear-fondo-financiero-para-responder-a-programas-de-desarrollo-indigena\/","title":{"rendered":"Plantean crear fondo financiero para responder a Programas de Desarrollo Ind\u00edgena"},"content":{"rendered":"\n<p class=\"wp-block-paragraph\"><strong>Redacci\u00f3n<\/strong><\/p>\n\n\n\n<p class=\"wp-block-paragraph\">SemM\u00e9xico. Cd. de M\u00e9xico. 5 de noviembre de 2019.-&nbsp;&nbsp;Representantes de los pueblos y comunidades ind\u00edgenas y afromexicanas, acompa\u00f1ados de la diputada Irma Juan Carlos (Morena),presidenta de la Comisi\u00f3n de Pueblos Ind\u00edgenas, plantearon crear un fondo como instrumento financiero para dar respuesta a los Programas de Desarrollo Ind\u00edgena.<\/p>\n\n\n\n<p class=\"wp-block-paragraph\">En conferencia de prensa, Pascual de Jes\u00fas Gonz\u00e1lez, representante del Movimiento de Unificaci\u00f3n y Lucha Triqui en la CDMX, indic\u00f3 que este lunes, presentaron un resolutivo en el \u201cForo Nacional sobre Presupuesto Ind\u00edgena y Afromexicano\u201d, en San L\u00e1zaro, donde destacaron la importancia de crear dicho fondo con un capital semilla, de por lo menos, cinco mil millones de pesos.<\/p>\n\n\n\n<p class=\"wp-block-paragraph\">Coment\u00f3 que el resolutivo est\u00e1 dirigido a los presidentes de la Comisi\u00f3n de Presupuesto y Cuenta P\u00fablica, Alfonso Ram\u00edrez Cu\u00e9llar (Morena); de la Mesa Directiva, Laura Rojas Hern\u00e1ndez; de la Junta de Coordinaci\u00f3n Pol\u00edtica (Jucopo), Mario Delgado Carrillo y de la Comisi\u00f3n de Pueblos Ind\u00edgenas, Irma Juan Carlos (Morena).<\/p>\n\n\n\n<p class=\"wp-block-paragraph\">\u201cEs de alta preocupaci\u00f3n que en el Presupuesto de Egresos de la Federaci\u00f3n (PEF) 2020, los recursos para los pueblos ind\u00edgenas solo representen el 1.68 por ciento y el del Instituto Nacional de los Pueblos Ind\u00edgenas (INPI) no rebase el 0.05 por ciento\u201d, expres\u00f3.<\/p>\n\n\n\n<p class=\"wp-block-paragraph\">El tambi\u00e9n representante de la Red Nacional Ind\u00edgena pidi\u00f3 a la C\u00e1mara de Diputados hacer todos los esfuerzos para incrementar el presupuesto del Instituto Nacional de los pueblos ind\u00edgenas (Impi), a fin de lograr el presupuesto hist\u00f3rico alcanzado en 2015, de 12 mil 129 millones de pesos.<\/p>\n\n\n\n<p class=\"wp-block-paragraph\">\u201cExhortamos a los diputados del Congreso de la Uni\u00f3n a no aplicar presupuestos regresivos que violenten nuestros derechos humanos e impiden nuestro libre desarrollo, avancemos hacia un presupuesto justo y progresivo\u201d, dijo.<\/p>\n\n\n\n<p class=\"wp-block-paragraph\">Pascual de Jes\u00fas Gonz\u00e1lez coment\u00f3 que varias voces de representantes ind\u00edgenas solicitaron a los parlamentarios a emitir las disposiciones jur\u00eddicas necesarias para que los pueblos originarios puedan acceder a un presupuesto transversal anexo 10 correspondiente a las Erogaciones para el Desarrollo Integral de Pueblos y Comunidades Ind\u00edgenas.<\/p>\n\n\n\n<p class=\"wp-block-paragraph\">\u201cValoramos los avances en el reconocimiento constitucional de los pueblos afromexicanos, pero pedimos que se prevean los mecanismos financieros necesarios para que dichos pueblos dispongan del presupuesto b\u00e1sico para el impulso de las pol\u00edticas p\u00fablicas que fortalezca su cultura e identidad\u201d, apunt\u00f3.<\/p>\n\n\n\n<p class=\"wp-block-paragraph\">Refri\u00f3 que de acuerdo a los resultados de la Encuesta Intercensal del 2015, se registraron poco m\u00e1s de 25 millones de ciudadanos ind\u00edgenas, que representan el 21.5 por ciento de la poblaci\u00f3n total. \u201cEs necesario cerrar la brecha de la desigualdad que demanda superar los porcentajes \u00ednfimos que imperan en la asignaci\u00f3n de recursos para nuestros pueblos\u201d.<\/p>\n\n\n\n<p class=\"wp-block-paragraph\">El representante del Movimiento de Unificaci\u00f3n y Lucha Triqui en la CDMX se congratul\u00f3 por la iniciativa del presidente de la Rep\u00fablica, Andr\u00e9s Manuel L\u00f3pez Obrador de impulsar diversos programas de desarrollo regional integral para los pueblos y comunidades, \u201cdespu\u00e9s de haber recorrido las regiones ind\u00edgenas del pa\u00eds para corroborar la situaci\u00f3n de pobreza en que se encuentran\u201d.<\/p>\n\n\n\n<p class=\"wp-block-paragraph\">Coment\u00f3 que en el foro participaron 250 personas ind\u00edgenas y afromexicanas, de 14 estados de la Rep\u00fablica y de m\u00e1s de 40 pueblos y comunidades.<\/p>\n\n\n\n<p class=\"wp-block-paragraph\">Durante el \u201cForo Nacional sobre Presupuesto Ind\u00edgena y Afromexicano\u201d, la presidenta de la Comisi\u00f3n de Pueblos Ind\u00edgenas, Juan Carlos explic\u00f3 que la marginaci\u00f3n y exclusi\u00f3n social que sufren, requiere abordarse como parte del esfuerzo colectivo que busca abatir la pobreza e impulsar el desarrollo sostenible.<\/p>\n\n\n\n<p class=\"wp-block-paragraph\">\u201cSe requiere una transformaci\u00f3n sustantiva de las actuales estructuras pol\u00edticas, jur\u00eddicas, econ\u00f3micas y sociales que rigen la organizaci\u00f3n del Estado mexicano, ya que la larga etapa neoliberal ha negado sistem\u00e1ticamente nuestros derechos, lo que ha llevado a nuestros pueblos a la exclusi\u00f3n y pobreza\u201d, sostuvo.<\/p>\n\n\n\n<p class=\"wp-block-paragraph\">SEM\/GR<\/p>\n","protected":false},"excerpt":{"rendered":"<p>Plantearon crear un fondo como instrumento financiero para dar respuesta a los Programas de Desarrollo Ind\u00edgena.<\/p>\n","protected":false},"author":3,"featured_media":13588,"comment_status":"open","ping_status":"open","sticky":false,"template":"","format":"standard","meta":{"_monsterinsights_skip_tracking":false,"footnotes":""},"categories":[690,50],"tags":[],"class_list":["post-13587","post","type-post","status-publish","format-standard","has-post-thumbnail","category-690","category-congreso"],"_links":{"self":[{"href":"https:\/\/redsemlac.com\/semmexico\/wp-json\/wp\/v2\/posts\/13587","targetHints":{"allow":["GET"]}}],"collection":[{"href":"https:\/\/redsemlac.com\/semmexico\/wp-json\/wp\/v2\/posts"}],"about":[{"href":"https:\/\/redsemlac.com\/semmexico\/wp-json\/wp\/v2\/types\/post"}],"author":[{"embeddable":true,"href":"https:\/\/redsemlac.com\/semmexico\/wp-json\/wp\/v2\/users\/3"}],"replies":[{"embeddable":true,"href":"https:\/\/redsemlac.com\/semmexico\/wp-json\/wp\/v2\/comments?post=13587"}],"version-history":[{"count":0,"href":"https:\/\/redsemlac.com\/semmexico\/wp-json\/wp\/v2\/posts\/13587\/revisions"}],"wp:featuredmedia":[{"embeddable":true,"href":"https:\/\/redsemlac.com\/semmexico\/wp-json\/wp\/v2\/media\/13588"}],"wp:attachment":[{"href":"https:\/\/redsemlac.com\/semmexico\/wp-json\/wp\/v2\/media?parent=13587"}],"wp:term":[{"taxonomy":"category","embeddable":true,"href":"https:\/\/redsemlac.com\/semmexico\/wp-json\/wp\/v2\/categories?post=13587"},{"taxonomy":"post_tag","embeddable":true,"href":"https:\/\/redsemlac.com\/semmexico\/wp-json\/wp\/v2\/tags?post=13587"}],"curies":[{"name":"wp","href":"https:\/\/api.w.org\/{rel}","templated":true}]}}