{"id":13559,"date":"2019-11-04T21:39:42","date_gmt":"2019-11-04T21:39:42","guid":{"rendered":"https:\/\/redsemlac.com\/semmexico\/?p=13559"},"modified":"2023-07-21T15:13:50","modified_gmt":"2023-07-21T20:13:50","slug":"cuba-26","status":"publish","type":"post","link":"https:\/\/redsemlac.com\/semmexico\/cuba-26\/","title":{"rendered":"Cuba: Desterrar de los medios el mito del amor rom\u00e1ntico"},"content":{"rendered":"\n<p class=\"wp-block-paragraph\"><strong>* Los vocablos m\u00e1s usados en las\npublicaciones: la combinaci\u00f3n de las palabras abandono, celos, amor e\ninfidelidad<\/strong><\/p>\n\n\n\n<p class=\"wp-block-paragraph\"><strong>* Es frecuente el uso de la imagen de\nla mujer ligada al erotismo, la belleza y la maternidad<\/strong><\/p>\n\n\n\n<p class=\"wp-block-paragraph\"><strong>Redacci\u00f3n <\/strong><\/p>\n\n\n\n<p class=\"wp-block-paragraph\">SemM\u00e9xico\/SEMlac,\nLa Habana, 4 noviembre 2019.- Urge despojar los textos period\u00edsticos del&nbsp;<a href=\"http:\/\/www.redsemlac-cuba.net\/violencia\/el-amor-no-puede-ser-incondicional.html\" target=\"_blank\" rel=\"noreferrer noopener\">mito del amor rom\u00e1ntico<\/a>, ese que desde el\n\u00abtodo lo puede\u00bb o \u00abtodo lo aguanta\u00bb sostiene imaginarios\nque perpet\u00faan la violencia machista, coincidieron periodistas y profesionales\nde la comunicaci\u00f3n en el&nbsp;<a href=\"https:\/\/www.facebook.com\/XIII-Encuentro-Iberoamericano-de-G%C3%A9nero-y-Comunicaci%C3%B3n-104171827685676\/?epa=SEARCH_BOX\" target=\"_blank\" rel=\"noreferrer noopener\">XIII Encuentro Internacional de\nG\u00e9nero y Comunicaci\u00f3n \u00abIsabel Moya Richard\u00bb in Memoriam<\/a>, celebrado en La Habana.<\/p>\n\n\n\n<p class=\"wp-block-paragraph\"><br>\nPara la colombiana M\u00f3nica Echevarr\u00eda, junto a otras construcciones desde la l\u00f3gica\nhegem\u00f3nica de dominaci\u00f3n patriarcal, es este mito recurrente en el tratamiento\nde la violencia de g\u00e9nero en los medios de su pa\u00eds.<\/p>\n\n\n\n<p class=\"wp-block-paragraph\"><br>\nAs\u00ed lo evidencia el estudio que llevara adelante junto a su colega Luis Ramiro\nLenguizamo sobre el&nbsp;<a href=\"http:\/\/www.redsemlac-cuba.net\/violencia\/femicidios-en-cuba-el-poder-de-los-datos.html\" target=\"_blank\" rel=\"noreferrer noopener\">feminicidio<\/a>&nbsp;de mujeres mayores\nde edad en la naci\u00f3n suramericana. A partir del monitoreo de los casos de\nfeminicidio y tentativa de feminicidio publicados entre marzo y diciembre de\n2017 en 20 peri\u00f3dicos nacionales y locales, analizaron la funci\u00f3n que cumplen\nlos medios en la construcci\u00f3n del relato sobre este tema.<\/p>\n\n\n\n<p class=\"wp-block-paragraph\"><br>\nLa periodista refiri\u00f3 que luego de estudiar mil 11 casos publicados, la\nmacroestructura textual que se esperar\u00eda encontrar en productos noticiosos\nsobre casos de feminicidio de mujeres mayores de edad distaba mucho de ser la\ndel feminicidio tratado y analizado como problem\u00e1tica social, exponiendo sus\ncausas y consecuencias.<\/p>\n\n\n\n<p class=\"wp-block-paragraph\"><br>\nDatos del estudio arrojan que, en 62 por ciento de los casos, el victimario\nresult\u00f3 ser la pareja o expareja de la v\u00edctima y la motivaci\u00f3n, seg\u00fan el medio,\noscil\u00f3 entre abandono de la v\u00edctima al victimario (24,8 %) y los celos (23,8\n%).<\/p>\n\n\n\n<p class=\"wp-block-paragraph\"><br>\nLos vocablos m\u00e1s usados en las publicaciones fueron, en mayor medida, la\ncombinaci\u00f3n de las palabras abandono, celos, amor e infidelidad, si bien en\nmenor medida aparec\u00edan otras como crimen pasional y suicidio.<\/p>\n\n\n\n<p class=\"wp-block-paragraph\"><br>\n\u00abEstamos en presencia de la supresi\u00f3n y selecci\u00f3n de palabras que connotan\nsignificados muy distintos. Es lo que ocurre cuando llamamos al feminicidio\ncrimen pasional; volvemos a enmarcar a esa mujer en el \u00e1mbito privado de madre,\namante, hija, esposa, de la cual jam\u00e1s se sabe su profesi\u00f3n. Se suprime, no es\nimportante porque siempre se est\u00e1 relacionando el feminicidio con su relaci\u00f3n\nde pareja y familiar\u00bb, apunt\u00f3 la periodista.<\/p>\n\n\n\n<p class=\"wp-block-paragraph\"><br>\nEs frecuente el uso de la imagen de la mujer ligada al erotismo, la belleza y\nla maternidad. Titulares al estilo: \u00abun brasier que dejaba al descubierto\nlos pechos firmes de una mujer y el rostro perdido en la profundidad de la\nmuerte\u00bb (HSBnoticias.com, 2016) o \u00abSu marido le dispar\u00f3 en la cabezansin\nimportarle los dos hijos que ella le dio\u00bb (<a href=\"http:\/\/hsb.noticias.com\/\" target=\"_blank\" rel=\"noreferrer noopener\">HSB.noticias.com<\/a>, 2017), evidencian ideas\npreconcebidas como la de ser madres antes que seres humanos, dijo<\/p>\n\n\n\n<p class=\"wp-block-paragraph\"><br>\nDe acuerdo con el estudio, 11 por ciento de los victimarios de la muestra,\nluego de cometer el feminicidio, trataron de suicidarse o lo hicieron.\n\u00abEllo comienza a recrear otro tipo de estrategia de amor rom\u00e1ntico en la\nprensa. Al estilo de Romeo y Julieta, nos morimos, y el victimario es perdonado\nporque su amor era tan grande que se quita la vida. Lastimosamente, los\nperi\u00f3dicos m\u00e1s consumidos siguen reproduciendo estos estereotipos\u00bb, apunt\u00f3\nla periodista colombiana.<\/p>\n\n\n\n<p class=\"wp-block-paragraph\"><br>\n\u00abSi no rompemos con el mandato de&nbsp;<a href=\"http:\/\/www.redsemlac-cuba.net\/violencia\/necesitamos-referentes-que-contradigan-la-masculinidad-hegem%C3%B3nica.html\" target=\"_blank\" rel=\"noreferrer noopener\">masculinidad<\/a>, esto va a seguir pasando,\ny ello significa que no podemos seguir ense\u00f1\u00e1ndole a los hombres que son menos\nhombres cuando una mujer termina la relaci\u00f3n o cambia de pareja. A fin de\ncuenta, tambi\u00e9n ellos son v\u00edctimas de un orden patriarcal\u00bb, dijo.<\/p>\n\n\n\n<p class=\"wp-block-paragraph\"><br>\n\u00abEs sumamente preocupante que muchos medios de comunicaci\u00f3n est\u00e1n\nreplicando la pedagog\u00eda de la crueldad de la violencia machista y le est\u00e1n\ndando la voz a los victimarios\u00bb, expres\u00f3 Echevarr\u00eda, al referirse adem\u00e1s a\nc\u00f3mo los medios describen los detalles de los hechos.<\/p>\n\n\n\n<p class=\"wp-block-paragraph\"><br>\nAl respecto, la periodista cubana Ivet Gonz\u00e1lez consider\u00f3 que si bien \u00abes\nda\u00f1ino mostrar de manera espectacular los feminicidios, tambi\u00e9n lo es y\ndesprotege a las mujeres no hablar de ellos\u00bb.<\/p>\n\n\n\n<p class=\"wp-block-paragraph\"><br>\nDe la dimensi\u00f3n \u00e9tica de la violencia simb\u00f3lica en los medios habl\u00f3 Anayfer\nMilagros Murgar, a partir de un an\u00e1lisis de la programaci\u00f3n informativa en\nRadio Jaruco, una emisora de la provincia de Mayabeque, a 54 kil\u00f3metros de La\nHabana.<\/p>\n\n\n\n<p class=\"wp-block-paragraph\"><br>\nLos materiales analizados le permitieron comprobar que se encasillan en los\nconceptos patriarcales del amor rom\u00e1ntico entendido como \u00abmedia\nnaranja\u00bb, esa persona que solo est\u00e1 completa si tiene una pareja, dijo.<\/p>\n\n\n\n<p class=\"wp-block-paragraph\"><br>\nA su juicio, el periodista tiene un C\u00f3digo de \u00c9tica que respetar, y en el caso\ndel que promueve la&nbsp;<a href=\"https:\/\/www.cubaperiodistas.cu\/\" target=\"_blank\" rel=\"noreferrer noopener\">Uni\u00f3n\nde Periodistas de Cuba<\/a>&nbsp;(UPEC) en su art\u00edculo 3, sentencia: \u00abDebe\ninformar con veracidad, precisi\u00f3n e inmediatez, y expresar oportunamente sus\ncriterios, sin violar los derechos constitucionales de otras personas. Adem\u00e1s,\ndebe contribuir a promover los mejores valores nacionales, el conocimiento de\nlas leyes y el perfeccionamiento de la sociedad socialista\u00bb.<br>\n\u00abCuando se descuida el correcto lenguaje y enfoque de g\u00e9nero, cuando se\ncae en violencia simb\u00f3lica, por omisi\u00f3n, exclusi\u00f3n, o cualquier tipo de\ndiscriminaci\u00f3n, se quebranta no solo el C\u00f3digo de \u00c9tica de la UPEC, sino la\nConstituci\u00f3n de la Rep\u00fablica aprobada el pasado 24 de febrero\u00bb, insisti\u00f3.<br>\n<br>\n<strong>Romper imaginarios de la violencia<\/strong><\/p>\n\n\n\n<p class=\"wp-block-paragraph\"><br>\nEn el panel se presentaron adem\u00e1s buenas pr\u00e1cticas en el periodismo y la\ncomunicaci\u00f3n de g\u00e9nero, como las campa\u00f1as de bien p\u00fablico \u00abNo es no\u00bb,\nimplementada en municipios de la ciudad catalana de Barcelona y enfocada, entre\notros objetivos, a prevenir las relaciones abusivas.<\/p>\n\n\n\n<p class=\"wp-block-paragraph\"><br>\nTambi\u00e9n la campa\u00f1a cubana \u00ab<a href=\"https:\/\/www.facebook.com\/profile.php?id=2154991558161187\" target=\"_blank\" rel=\"noreferrer noopener\">Evoluciona<\/a>\u00ab, coordinada por el&nbsp;<a href=\"https:\/\/romerocuba.org\/\" target=\"_blank\" rel=\"noreferrer noopener\">Centro Oscar Arnulfo Romero<\/a>&nbsp;y dirigida a las\njuventudes como grupo vulnerable ante la violencia, especialmente al segmento\ncomprendido entre 18 y 24 a\u00f1os de edad.<\/p>\n\n\n\n<p class=\"wp-block-paragraph\"><br>\nTras un a\u00f1o de aplicaci\u00f3n, Evoluciona ya ofrece algunos resultados y no pocas\nresistencias. Entre las expresiones de estas \u00faltimas, la periodista&nbsp;<a href=\"http:\/\/directoriogenero.redsemlac-cuba.net\/mayra-garcia-cardentey-pinar-del-rio-1986\/\" target=\"_blank\" rel=\"noreferrer noopener\">Mayra Garc\u00eda<\/a>&nbsp;mencion\u00f3 el uso del\nt\u00e9rmino feminazi, para ridiculizar y minimizar el impacto ideol\u00f3gico del\nfeminismo y descalificar a aquellas mujeres que se declaren abiertamente\nfeministas o son fervientes activistas por la igualdad de g\u00e9nero.<\/p>\n\n\n\n<p class=\"wp-block-paragraph\"><br>\nTambi\u00e9n el cuestionamiento a la capacidad intelectual de las mujeres y la\ndefensa de fuertes preceptos fundamentalistas, esto \u00faltimo muchas veces\namparado por las tendencias religiosas m\u00e1s conservadoras, que amenazan derechos\ncomo el aborto y el matrimonio igualitario.<\/p>\n\n\n\n<p class=\"wp-block-paragraph\"><br>\nSon posturas de resistencia, asimismo, la revictimizaci\u00f3n de quienes han\npadecido la violencia de g\u00e9nero, cuestionar constantemente la credibilidad de\nla v\u00edctima, sus posturas, vestimentas y exigir pruebas contundentes sobre los\nhechos, dijo Garc\u00eda.<\/p>\n\n\n\n<p class=\"wp-block-paragraph\">SEM-SEMlac<\/p>\n","protected":false},"excerpt":{"rendered":"<p>Es frecuente el uso de la imagen de la mujer ligada al erotismo, la belleza y la maternidad<\/p>\n","protected":false},"author":3,"featured_media":13560,"comment_status":"open","ping_status":"open","sticky":false,"template":"","format":"standard","meta":{"_monsterinsights_skip_tracking":false,"footnotes":""},"categories":[690,53],"tags":[],"class_list":["post-13559","post","type-post","status-publish","format-standard","has-post-thumbnail","category-690","category-internacional"],"_links":{"self":[{"href":"https:\/\/redsemlac.com\/semmexico\/wp-json\/wp\/v2\/posts\/13559","targetHints":{"allow":["GET"]}}],"collection":[{"href":"https:\/\/redsemlac.com\/semmexico\/wp-json\/wp\/v2\/posts"}],"about":[{"href":"https:\/\/redsemlac.com\/semmexico\/wp-json\/wp\/v2\/types\/post"}],"author":[{"embeddable":true,"href":"https:\/\/redsemlac.com\/semmexico\/wp-json\/wp\/v2\/users\/3"}],"replies":[{"embeddable":true,"href":"https:\/\/redsemlac.com\/semmexico\/wp-json\/wp\/v2\/comments?post=13559"}],"version-history":[{"count":0,"href":"https:\/\/redsemlac.com\/semmexico\/wp-json\/wp\/v2\/posts\/13559\/revisions"}],"wp:featuredmedia":[{"embeddable":true,"href":"https:\/\/redsemlac.com\/semmexico\/wp-json\/wp\/v2\/media\/13560"}],"wp:attachment":[{"href":"https:\/\/redsemlac.com\/semmexico\/wp-json\/wp\/v2\/media?parent=13559"}],"wp:term":[{"taxonomy":"category","embeddable":true,"href":"https:\/\/redsemlac.com\/semmexico\/wp-json\/wp\/v2\/categories?post=13559"},{"taxonomy":"post_tag","embeddable":true,"href":"https:\/\/redsemlac.com\/semmexico\/wp-json\/wp\/v2\/tags?post=13559"}],"curies":[{"name":"wp","href":"https:\/\/api.w.org\/{rel}","templated":true}]}}