{"id":13556,"date":"2019-11-04T21:36:16","date_gmt":"2019-11-04T21:36:16","guid":{"rendered":"https:\/\/redsemlac.com\/semmexico\/?p=13556"},"modified":"2023-07-21T15:13:50","modified_gmt":"2023-07-21T20:13:50","slug":"cuba-25","status":"publish","type":"post","link":"https:\/\/redsemlac.com\/semmexico\/cuba-25\/","title":{"rendered":"Cuba: M\u00e1s voces desde la comunicaci\u00f3n no sexista"},"content":{"rendered":"\n<p class=\"wp-block-paragraph\"><strong>* Crece tambi\u00e9n la diversidad de temas<\/strong><\/p>\n\n\n\n<p class=\"wp-block-paragraph\"><strong>* Necesario sensibilizar a quienes\ndeciden las pol\u00edticas y las agendas medi\u00e1ticas<\/strong><\/p>\n\n\n\n<p class=\"wp-block-paragraph\"><strong>Lirians Gordillo Pi\u00f1a<br>\n<\/strong>SemM\u00e9xico\/SEMlacCuba,\nLa Habana, 4 noviembre 2019.- Aunque persiste el sexismo en los medios cubanos,\nprofesionales y especialistas identifican una mayor presencia de la\ncomunicaci\u00f3n con perspectiva de g\u00e9nero y feminista en el pa\u00eds.<\/p>\n\n\n\n<p class=\"wp-block-paragraph\"><br>\n\u00abSi hacemos una mirada retrospectiva, podemos ver que estamos creciendo en\nlos medios con mayor diversidad de temas. En este encuentro se han presentado\ntrabajos que abordan la identidad de g\u00e9nero, la orientaci\u00f3n sexual, los cambios\necon\u00f3micos desde la econom\u00eda feminista y el ejercicio de la paternidad. Y todo\nesto indagando m\u00e1s all\u00e1 de lo visible\u00bb, dijo la periodista Mayra Garc\u00eda\nCardentey durante el&nbsp;<a href=\"https:\/\/www.cubaperiodistas.cu\/index.php\/2019\/11\/generando-periodismo-de-genero\/\" target=\"_blank\" rel=\"noreferrer noopener\">XIII Encuentro Iberoamericano de\nG\u00e9nero y Comunicaci\u00f3n \u00abIsabel Moya Richard in memoriam\u00bb<\/a>.<\/p>\n\n\n\n<p class=\"wp-block-paragraph\"><br>\nCardentey moder\u00f3 el Panel \u00abCambiar haciendo\u00bb, incluido en el programa\ndel evento celebrado en La Habana del 30 de octubre al 2 de noviembre. El tema\ncentral del encuentro fue la trata de personas y su abordaje en los medios de\ncomunicaci\u00f3n.<\/p>\n\n\n\n<p class=\"wp-block-paragraph\"><br>\nLa reuni\u00f3n bianual es organizada por la Uni\u00f3n de Periodistas de Cuba (Upec)\njunto a la Federaci\u00f3n de Mujeres Cubanas (FMC) y la Asociaci\u00f3n Cubana de\nComunicadores Sociales. En esta edici\u00f3n cont\u00f3 con el apoyo de Oxfam en Cuba y\nla Agencia Suiza para el Desarrollo y la Cooperaci\u00f3n (Cosude).<\/p>\n\n\n\n<p class=\"wp-block-paragraph\"><br>\n\u00abEste evento es un ejemplo de lo que puede lograrse, por la cantidad de\npersonas nuevas en cada edici\u00f3n. Ya no est\u00e1n solo las mismas caras, hay muchas\nprofesionales j\u00f3venes y tambi\u00e9n vamos creciendo en presencia masculina, algo\nque no se ve\u00eda en a\u00f1os anteriores y desmonta esa imagen de que estos son temas\nque solo interesan a las mujeres\u00bb, dijo a SEMlac la periodista Lisandra\nG\u00f3mez.<\/p>\n\n\n\n<p class=\"wp-block-paragraph\"><br>\nG\u00f3mez es la segunda Doctora en Ciencias de la Comunicaci\u00f3n que asume la\nperspectiva de g\u00e9nero; en 2017 dise\u00f1\u00f3 un modelo para la inclusi\u00f3n de esta\nperspectiva en el semanario cultural Vitrales, de la provincia Sancti Sp\u00edritus.<\/p>\n\n\n\n<p class=\"wp-block-paragraph\"><br>\nAdem\u00e1s de investigaciones y ponencias te\u00f3ricas, en el encuentro se presentaron\ncerca de 30 productos comunicativos. En estos espacios coincidieron iniciativas\ncomo la campa\u00f1a<a href=\"http:\/\/www.redsemlac-cuba.net\/violencia\/campa%C3%B1a-contra-acoso-desmonta-estereotipos-en-espacios-p%C3%BAblicos.html\" target=\"_blank\" rel=\"noreferrer noopener\">&nbsp;Evoluciona<\/a>, el proyecto<a href=\"http:\/\/www.redsemlac-cuba.net\/comunicacion\/historias-para-inspirar-a-otras-mujeres.html\" target=\"_blank\" rel=\"noreferrer noopener\">&nbsp;Inspiradoras&nbsp;<\/a>y la productora\naudiovisual&nbsp;<a href=\"http:\/\/www.proyectopalomas.cult.cu\/?page_id=8\" target=\"_blank\" rel=\"noreferrer noopener\">Palomas<\/a>, con audiovisuales y materiales\nradiales de distintas provincias del pa\u00eds.<\/p>\n\n\n\n<p class=\"wp-block-paragraph\"><br>\nMaira Castro Lora lleg\u00f3 desde la emisora provincial&nbsp;<a href=\"http:\/\/www.tiempo21.cu\/category\/c53-radio-victoria\/\" target=\"_blank\" rel=\"noreferrer noopener\">Radio Victoria<\/a>&nbsp;de Las Tunas,\nciudad ubicada a 656.7 km de la capital. Trajo el testimonio radial \u00abT\u00fa\neres \u00fanica\u00bb, la historia de una sobreviviente de violencia machista que\nmuestra el estigma que sufren las mujeres violentadas, pero tambi\u00e9n la fuerza\nque las hace sobrevivir.<\/p>\n\n\n\n<p class=\"wp-block-paragraph\"><br>\n\u00abPara m\u00ed ha sido muy importante la capacitaci\u00f3n y los recursos para\nrepresentar la violencia de g\u00e9nero. Por ejemplo, la entrevista original era de\n35 minutos y yo la dej\u00e9 en ocho minutos tratando de escoger los elementos m\u00e1s\nadecuados para no revictimizar a la protagonista\u00bb, afirma Castro Lora a\nSEMlac.<\/p>\n\n\n\n<p class=\"wp-block-paragraph\"><br>\nProfesionales y especialistas insistieron en la sensibilizaci\u00f3n, la\ncapacitaci\u00f3n y la investigaci\u00f3n como caracter\u00edsticas esenciales para promover\nuna comunicaci\u00f3n con perspectiva de g\u00e9nero e inclusiva.<\/p>\n\n\n\n<p class=\"wp-block-paragraph\"><br>\n\u00abA\u00fan hay mucho desconocimiento, por eso hay que sensibilizar tambi\u00e9n a\nquienes deciden las pol\u00edticas y las agendas medi\u00e1ticas. Despu\u00e9s de lograr esta\nsensibilizaci\u00f3n hay que alfabetizar a la gente y buscar alianzas con personas\nformadas. Es un trabajo sin descanso\u00bb, afirma la periodista Lisandra\nG\u00f3mez.<\/p>\n\n\n\n<p class=\"wp-block-paragraph\"><br>\nSeg\u00fan la investigadora, para mantenerse y crecer, las buenas pr\u00e1cticas tambi\u00e9n\nnecesitan de acciones estructurales en los medios de prensa, como la inclusi\u00f3n\nde la perspectiva de g\u00e9nero en los manuales de estilo y procesos productivos.<\/p>\n\n\n\n<p class=\"wp-block-paragraph\"><br>\nEn ese camino avanza Arletis Saragoza Exp\u00f3sito en&nbsp;<a href=\"http:\/\/www.radiocubana.cu\/emisoras\/239-municipales\/21327-radio-sg-la-voz-del-azucar-audio-en-vivo\" target=\"_blank\" rel=\"noreferrer noopener\">Radio SG<\/a>, del municipio San\nGerman en Las Tunas. La joven periodista cree que una buena pr\u00e1ctica es mucho\nm\u00e1s que incluir&nbsp;las&nbsp;y&nbsp;los&nbsp;en los materiales y necesita de\ncambios al interior de las redacciones.<\/p>\n\n\n\n<p class=\"wp-block-paragraph\"><br>\n\u00abHay que repensar las rutinas productivas, las l\u00edneas editoriales y las\nfichas de procesos de los programas radiales. Para eso hay que contar con la\nvoluntad de la direcci\u00f3n del medio y quienes hacemos periodismo tenemos que\nsuperar nuestros propios prejuicios e imaginarios machistas\u00bb, opina.<\/p>\n\n\n\n<p class=\"wp-block-paragraph\"><br>\nAdem\u00e1s de incluir la agenda de las mujeres en la agenda de los medios y mostrar\nproblem\u00e1ticas y zonas de la realidad poco conocidas, quienes asistieron al\nevento acad\u00e9mico recalcaron la necesidad de la excelencia en el lenguaje y\nfactura de los materiales, adem\u00e1s de mostrar claridad en el uso de los\nt\u00e9rminos.<\/p>\n\n\n\n<p class=\"wp-block-paragraph\"><br>\nUna mayor presencia y reivindicaci\u00f3n del feminismo como teor\u00eda y pr\u00e1ctica\npol\u00edtica es otra de las caracter\u00edsticas que distingue el quehacer de asistentes\nal XIII Encuentro Iberoamericano de G\u00e9nero y Comunicaci\u00f3n \u00abIsabel Moya\nRichard in memorian.<\/p>\n\n\n\n<p class=\"wp-block-paragraph\"><br>\nDurante su clausura, Ricardo Ronquillo, presidente de la Uni\u00f3n de Periodistas\nde Cuba (Upec), reconoci\u00f3 el liderazgo de las profesionales dentro de la\norganizaci\u00f3n gremial y los aportes del feminismo a la construcci\u00f3n de un\nproyecto emancipador socialista en Cuba. En sus palabras manifest\u00f3 el inter\u00e9s\npor avanzar m\u00e1s en ese ejercicio al interior de la organizaci\u00f3n gremial cubana.<\/p>\n\n\n\n<p class=\"wp-block-paragraph\"><br>\n\u00abPodemos crear un proyecto que sea la declaraci\u00f3n de medios y delegaciones\nde la Upec como medios y delegaciones feministas y libres de todas las formas\nde discriminaci\u00f3n\u00bb, dijo Ronquillo.<\/p>\n\n\n\n<p class=\"wp-block-paragraph\">SEM-SEMlac\/lgp<\/p>\n","protected":false},"excerpt":{"rendered":"<p>Crece tambi\u00e9n la diversidad de temas<\/p>\n","protected":false},"author":3,"featured_media":13557,"comment_status":"open","ping_status":"open","sticky":false,"template":"","format":"standard","meta":{"_monsterinsights_skip_tracking":false,"footnotes":""},"categories":[690,53],"tags":[],"class_list":["post-13556","post","type-post","status-publish","format-standard","has-post-thumbnail","category-690","category-internacional"],"_links":{"self":[{"href":"https:\/\/redsemlac.com\/semmexico\/wp-json\/wp\/v2\/posts\/13556","targetHints":{"allow":["GET"]}}],"collection":[{"href":"https:\/\/redsemlac.com\/semmexico\/wp-json\/wp\/v2\/posts"}],"about":[{"href":"https:\/\/redsemlac.com\/semmexico\/wp-json\/wp\/v2\/types\/post"}],"author":[{"embeddable":true,"href":"https:\/\/redsemlac.com\/semmexico\/wp-json\/wp\/v2\/users\/3"}],"replies":[{"embeddable":true,"href":"https:\/\/redsemlac.com\/semmexico\/wp-json\/wp\/v2\/comments?post=13556"}],"version-history":[{"count":0,"href":"https:\/\/redsemlac.com\/semmexico\/wp-json\/wp\/v2\/posts\/13556\/revisions"}],"wp:featuredmedia":[{"embeddable":true,"href":"https:\/\/redsemlac.com\/semmexico\/wp-json\/wp\/v2\/media\/13557"}],"wp:attachment":[{"href":"https:\/\/redsemlac.com\/semmexico\/wp-json\/wp\/v2\/media?parent=13556"}],"wp:term":[{"taxonomy":"category","embeddable":true,"href":"https:\/\/redsemlac.com\/semmexico\/wp-json\/wp\/v2\/categories?post=13556"},{"taxonomy":"post_tag","embeddable":true,"href":"https:\/\/redsemlac.com\/semmexico\/wp-json\/wp\/v2\/tags?post=13556"}],"curies":[{"name":"wp","href":"https:\/\/api.w.org\/{rel}","templated":true}]}}