{"id":13530,"date":"2019-11-04T18:10:10","date_gmt":"2019-11-04T18:10:10","guid":{"rendered":"https:\/\/redsemlac.com\/semmexico\/?p=13530"},"modified":"2023-07-21T15:13:50","modified_gmt":"2023-07-21T20:13:50","slug":"opinion-199","status":"publish","type":"post","link":"https:\/\/redsemlac.com\/semmexico\/opinion-199\/","title":{"rendered":"Miradas de reportero"},"content":{"rendered":"\n<h2 class=\"wp-block-heading\">Arnoldo. Lo desvanece la ingratitud<\/h2>\n\n\n\n<p class=\"wp-block-paragraph\"><strong>Rogelio\nHern\u00e1ndez L\u00f3pez<\/strong><\/p>\n\n\n\n<p class=\"wp-block-paragraph\">SemM\u00e9xico, 4 noviembre 2019.- En tres semanas se cumplir\u00e1n 100 a\u00f1os de\nla fundaci\u00f3n de su partido, el comunista mexicano, el que incluso disolvi\u00f3 en\naras de la transici\u00f3n democr\u00e1tica, pero Arnoldo no ser\u00e1 el eje de estas\nconmemoraciones. A seis a\u00f1os de su muerte, su nombre ser\u00e1 inscrito en dos\ncalles de Mocorito y en el muro del Congreso de Sinaloa. No m\u00e1s. Sigue\ndesvaneci\u00e9ndose su figura simb\u00f3lica de la izquierda pol\u00edtica que ayud\u00f3 a\nconstruir cauces para la insurgencia popular pac\u00edfica.<\/p>\n\n\n\n<p class=\"wp-block-paragraph\">Olvido. En Julio de 2018, al iniciar sus festejos por ganar\ndemocr\u00e1ticamente las elecciones Andr\u00e9s Manuel L\u00f3pez Obrador no record\u00f3 su\nnombre y lo refiri\u00f3 como Armando Mart\u00ednez Verdugo. Despu\u00e9s, ciudadanos de\nGuerrero entregaron un ruego a la Presidencia de la Rep\u00fablica para que sus\nrestos se trasladen a la rotonda de personas ilustres, pero lo \u00fanico oficial\nhasta el momento es que una imagen de Arnoldo podr\u00eda ponerse en la sala de\njuntas del Palacio Nacional de nombre: <em>Daniel Cabrera y Los Olvidados<\/em>.<\/p>\n\n\n\n<p class=\"wp-block-paragraph\"><strong>Cambi\u00f3 el rumbo del PCM<\/strong><\/p>\n\n\n\n<p class=\"wp-block-paragraph\">La historia de la izquierda pol\u00edtica mexicana contempor\u00e1nea cumple 60\na\u00f1os en este 2019. Y en la mayor parte estuvo en la medula de las decisiones\nuna persona m\u00e1s que ninguna: Arnoldo Mart\u00ednez Verdugo.<\/p>\n\n\n\n<p class=\"wp-block-paragraph\">En 1959, un movimiento interno en el Partido Comunista Mexicano logr\u00f3\nquitar de la direcci\u00f3n a Dionisio Encina y distanciarse de la ideolog\u00eda de la\nRevoluci\u00f3n Mexicana con la propuesta de una nueva revoluci\u00f3n, pero por la v\u00eda\ndemocr\u00e1tica.<\/p>\n\n\n\n<figure class=\"wp-block-image\"><img loading=\"lazy\" decoding=\"async\" width=\"640\" height=\"427\" src=\"https:\/\/redsemlac.com\/semmexico\/wp-content\/uploads\/2019\/11\/Arnoldo-Marti\u0301nez-Verdugo-Foto-Marco-Antonio-Cruz.jpg\" alt=\"\" class=\"wp-image-13531\"\/><figcaption>Arnoldo Mart\u00ednez Verdugo, dirigente hist\u00f3rico de la izquierda en M\u00e9xico. \nSecretario general del Partido Comunista Mexicano.\nM\u00e9xico, DF. 03\/11\/11\nFoto: Marco Antonio Cruz<\/figcaption><\/figure>\n\n\n\n<p class=\"wp-block-paragraph\">Esa fue el primer gran quiebre ideol\u00f3gico de la izquierda comunista\nmexicana, coinciden historiadores. Arnoldo promovi\u00f3 la realizaci\u00f3n del XIII\nCongreso. Fue electo Primer Secretario y propuso el cambio de rumbo. \u201cEra\nnecesario plantear para M\u00e9xico una nueva revoluci\u00f3n democr\u00e1tica y de\nliberaci\u00f3n\u201d.<\/p>\n\n\n\n<p class=\"wp-block-paragraph\"><strong>Entendi\u00f3 la resistencia popular<\/strong><\/p>\n\n\n\n<p class=\"wp-block-paragraph\">La resistencia popular a los gobiernos del PRI fue creciendo y all\u00ed\nestuvieron comunistas y otras izquierdas. Las grandes movilizaciones de\nferrocarrileros, maestros, m\u00e9dicos \u2013hombres y mujeres-, de 1957 a 1966\ninvolucraron a cientos y luego a miles de participantes.<\/p>\n\n\n\n<p class=\"wp-block-paragraph\">Despu\u00e9s las movilizaciones involucraron a cientos de miles de personas\ncomo el movimiento estudiantil del 68, el movimiento sindical de los 70\u00b4s, el\nmovimiento de resistencia al fraude electoral del 1988. Desde a\u00f1o 2000 los\nmovimientos sociales se empezaron a contar en millones de personas, aprecia una\ninvestigaci\u00f3n de David Cilia. Su tesis se corrobor\u00f3 con la insurrecci\u00f3n c\u00edvica\nde las elecciones de julio de 2018.<\/p>\n\n\n\n<p class=\"wp-block-paragraph\"><strong>Sacrificio del PCM<\/strong><\/p>\n\n\n\n<p class=\"wp-block-paragraph\">La comprensi\u00f3n de ello fue motor de la estrategia del PCM presidido\npor Mart\u00ednez Verdugo, quien tuvo relaci\u00f3n con la mayor\u00eda de los dirigentes\ntanto de los agrupamientos sociales como de otros partidos durante tres d\u00e9cadas.<\/p>\n\n\n\n<p class=\"wp-block-paragraph\">Arnoldo encabez\u00f3 a quienes lograron la ruptura ideol\u00f3gica y el salto\nposterior de su partido y atrajeron a otras izquierdas pol\u00edticas hacia la\nopci\u00f3n pac\u00edfica y electoral. Su partido encabez\u00f3 la unidad de acci\u00f3n en 1986 y\nluego la fusi\u00f3n en 1981. El XX Congreso del PCM entreg\u00f3 su capital pol\u00edtico y\nsu registro al PSUM, luego PMS y PRD.<\/p>\n\n\n\n<p class=\"wp-block-paragraph\"><strong>Sonriente<\/strong><\/p>\n\n\n\n<p class=\"wp-block-paragraph\">Para noviembre de 2003, cuando cumplir\u00eda 78 a\u00f1os, ya le hab\u00edan\nretirado de puestos directivos del partido, hasta simb\u00f3licos. \u00c9l se refugi\u00f3 en\nel Centro de Estudios del Movimiento Obrero y Socialista (CEMOS). Entonces,\nacept\u00f3 una larga entrevista con este reportero que 21 a\u00f1os antes, en 1982, le\nacompa\u00f1\u00f3 de principio a fin en su campa\u00f1a electoral a la presidencia en\ncobertura para Exc\u00e9lsior.<\/p>\n\n\n\n<div class=\"wp-block-image\"><figure class=\"alignleft is-resized\"><img loading=\"lazy\" decoding=\"async\" src=\"https:\/\/redsemlac.com\/semmexico\/wp-content\/uploads\/2019\/11\/Arnoldo-Foto-Pedro-Valtierra-Cuarto-oscuro.jpg\" alt=\"\" class=\"wp-image-13532\" width=\"321\" height=\"217\"\/><\/figure><\/div>\n\n\n\n<p class=\"wp-block-paragraph\">&#8211;\u00bfConsideras injusto que te hayan quitado de los mandos del PRD?<\/p>\n\n\n\n<p class=\"wp-block-paragraph\">&nbsp;\u2013Lo acept\u00e9 porque fue otra\nruptura de vida necesaria\u2026 Qued\u00e9 libre de la responsabilidad de proponer\ngrandes estrategias\u2026 sigo siendo comunista dem\u00f3crata, aunque en retiro.<\/p>\n\n\n\n<p class=\"wp-block-paragraph\">Evoc\u00f3 con memoria fotogr\u00e1fica, que toda su trayectoria hab\u00eda sido de\nincesantes ciclos de \u201crevisiones, rupturas y saltos dial\u00e9cticos\u201d:<\/p>\n\n\n\n<p class=\"wp-block-paragraph\">&#8212;Fue quiebre de vida haber abandonado mi pueblo, Pericos, municipio\nde Mocorito en Sinaloa\u2026Nuestra casa ten\u00eda tejav\u00e1n de palma. El pueblo se\nestanc\u00f3 mucho. Era muy peque\u00f1o. Mandaban dos familias los Peyr\u00f3 y los Retes. La\nbase eran las mezcaleras para la desfibraci\u00f3n del ixtle y la producci\u00f3n de\nmezcal, <em>El Perique\u00f1o,<\/em> que era bueno. Las haciendas fracasaron cuando\nllegaron las fibras sint\u00e9ticas. Los sembrad\u00edos se pudrieron. Yo lo abandon\u00e9\nantes de eso. Primero sal\u00ed a Culiac\u00e1n a hacer la primaria. Luego regres\u00e9 un\ntiempo, pero pronto fui a trabajar al sur de Sonora. Muy joven llegu\u00e9 al D. F. Quer\u00eda\npintar y ayudar a cambiar las cosas, pero m\u00e1s all\u00e1 de los problemas locales. He\nregresado poco.<\/p>\n\n\n\n<p class=\"wp-block-paragraph\">La otra ruptura fue con su vocaci\u00f3n de artista pl\u00e1stico.<\/p>\n\n\n\n<p class=\"wp-block-paragraph\">&#8212; Comenc\u00e9 a pintar desde Culiac\u00e1n. Tuve esa inquietud. En M\u00e9xico\nentr\u00e9 a la Esmeralda. Yo trabajaba entonces en la f\u00e1brica de Papel San Rafael.\nEmpec\u00e9 a tener trabajo pol\u00edtico como sindicalista y entre al partido a los 21\n(Juventud Comunista: JC) en 1946. Yo acumulaba las pinturas en mi casa, en mi\npueblo. Un buen d\u00eda las apil\u00e9, les ech\u00e9 mezcal y les prend\u00ed un cerillo. Ten\u00eda\nnecesidad de dedicarme m\u00e1s a la actividad pol\u00edtica. Y no quer\u00eda tener\ntentaciones. La pintura debe ser un oficio, una actividad profesional\nconcentrada. Como la pol\u00edtica. Quem\u00e9 las pinturas.<\/p>\n\n\n\n<p class=\"wp-block-paragraph\">&#8212; \u00bfExtra\u00f1as la vida de partido?<\/p>\n\n\n\n<p class=\"wp-block-paragraph\">Arnoldo escucha, enciende otro cigarro y sonr\u00ede: &#8212;- No. No extra\u00f1o.<\/p>\n\n\n\n<p class=\"wp-block-paragraph\">Lo hice por mucho tiempo. Tengo la idea que eso requiere concentraci\u00f3n\ny dedicaci\u00f3n. Entonces no se puede estar en dos o tres cosas. Hoy tengo\ndificultades para hacer lo que quiero hacer. Estoy tratando de escribir cosas\nde mi participaci\u00f3n en pol\u00edtica en otros a\u00f1os. A eso estoy dedicado&#8230;.<\/p>\n\n\n\n<p class=\"wp-block-paragraph\">&#8212; \u00bfTe jubil\u00f3 oficialmente el PRD? \u00bfTe da un salario de pensi\u00f3n?<\/p>\n\n\n\n<p class=\"wp-block-paragraph\">&#8212; Si. Una ayuda.<\/p>\n\n\n\n<p class=\"wp-block-paragraph\">&#8212; \u00bfEs como la pensi\u00f3n de Miguel de la Madrid\u2026?<\/p>\n\n\n\n<p class=\"wp-block-paragraph\">&#8212; Ja, ja, ja. Nunca ser\u00eda posible. Ni yo lo aceptar\u00eda.<\/p>\n\n\n\n<p class=\"wp-block-paragraph\">&#8212; \u00bfPero es una pensi\u00f3n equivalente a un salario de secretario del\npartido?<\/p>\n\n\n\n<p class=\"wp-block-paragraph\">&#8212; No, no es. (risas) Me ayuda, pues\u2026 Me ayuda.<\/p>\n\n\n\n<p class=\"wp-block-paragraph\">&#8212; \u00bfQu\u00e9 opini\u00f3n tienes de Andr\u00e9s Manuel (L\u00f3pez Obrador)? \u00bfCrees que\nlleve a la izquierda a la Presidencia de la Rep\u00fablica?<\/p>\n\n\n\n<p class=\"wp-block-paragraph\">&#8212; (sin sonrisa) Me parece un pol\u00edtico inteligente, capaz y honesto\ncon experiencia de muchos a\u00f1os\u2026 Si se pueden esperar muchas cosas positivas de\n\u00e9l\u2026<\/p>\n\n\n\n<p class=\"wp-block-paragraph\">&#8212; Te ves m\u00e1s relajado que nunca (risas). La \u00faltima vez que\nplaticamos mucho segu\u00edas tan circunspecto como siempre (m\u00e1s risas). Ahora eres\notro\u2026 (Carcajadas).<\/p>\n\n\n\n<p class=\"wp-block-paragraph\">&#8212; \u00bfSi?&#8230; Quien sabe mano. A lo mejor los a\u00f1os ya me est\u00e1n\nconduciendo a ver la vida de otro modo. Es que no tengo compromiso. Estoy\nlibre. Eso me permite hacer otras cosas que yo quiero hacer, pero al mismo\ntiempo me aleja. Eso tiene su punto negro. (risas).<\/p>\n\n\n\n<p class=\"wp-block-paragraph\">Esa tarde Arnoldo re\u00eda, como nunca. <\/p>\n\n\n\n<p class=\"wp-block-paragraph\"><strong>Desmemoria de las izquierdas<\/strong><\/p>\n\n\n\n<p class=\"wp-block-paragraph\">Hasta diez a\u00f1os despu\u00e9s, el 10 de enero de ese 2013, un colectivo de\nmujeres y hombres que militaron en el extinto Partido Comunista Mexicano,\norganizaron un homenaje modesto para quien fue su Secretario General. <\/p>\n\n\n\n<p class=\"wp-block-paragraph\">Aparte de ellos, solo algunos lo recordaron p\u00fablicamente y eso por su\ncumplea\u00f1os 88: Jos\u00e9 Woldenberg, en el diario Reforma, y tres m\u00e1s en el muro de\nFacebook Haciendo Memoria, Luciano L\u00f3pez, Adolfo S\u00e1nchez Rebolledo y Roberto\nZamarripa.<\/p>\n\n\n\n<p class=\"wp-block-paragraph\"><em>La izquierda se aleja de Arnoldo<\/em>,\nescribi\u00f3 entonces este reportero en una columna:<\/p>\n\n\n\n<p class=\"wp-block-paragraph\">\u201cTan pocos y tristes reconocimientos del 2013, mostraron la amnesia y\nbestial ingratitud de la mayor\u00eda de los pol\u00edticos de todas las izquierdas de\nM\u00e9xico (sindical, campesina, social y pol\u00edtica) especialmente de la\nsocialdem\u00f3crata; mucha miseria \u00e9tica y moral de quienes hoy usufruct\u00faan las\nlibertades (y presupuestos millonarios), que no todos contribuyeron a\nconquistar. <\/p>\n\n\n\n<p class=\"wp-block-paragraph\">\u201cQue poca\u2026 memoria y voluntad de reconocer para quien simboliz\u00f3 aquel\nZ\u00f3calo Rojo, como momentum singular de la larga y accidentada transici\u00f3n\ndemocr\u00e1tica y reestimul\u00f3 esa insurrecci\u00f3n c\u00edvico-pol\u00edtica que dio los cimientos\nal actual sistema electoral\u201d. <\/p>\n\n\n\n<p class=\"wp-block-paragraph\">Arnoldo falleci\u00f3 ese mismo a\u00f1o, el 24 de mayo de 2013. El historiador\ny soci\u00f3logo Roger Bartra, lo reivindic\u00f3 en Letras Libres El 5 de julio:<\/p>\n\n\n\n<p class=\"wp-block-paragraph\">\u201cVisto en perspectiva podemos apreciar la excepcionalidad del proceso\nque provoc\u00f3 en la izquierda mexicana una mutaci\u00f3n democr\u00e1tica. Estoy convencido\nde que la clave de esta transformaci\u00f3n se encuentra en Arnoldo Mart\u00ednez\nVerdugo\u201d.<\/p>\n\n\n\n<p class=\"wp-block-paragraph\">Arnoldo no alcanz\u00f3 a testificar que su lucha por la democracia arrib\u00f3\na un buen puerto en 2018. \u00c9l muri\u00f3 cinco a\u00f1os antes y la gente de las\nizquierdas pol\u00edticas con formaci\u00f3n no parece encontrar atractores para un\ncamino claro que contrarreste el caos organizativo y doctrinario. <\/p>\n\n\n\n<p class=\"wp-block-paragraph\">Quien testifica la ingratitud y se duele por el desvanecimiento de\nArnoldo es Martha Recasens, la mujer comunista que le acompa\u00f1o en sus \u00faltimos\na\u00f1os y que hace unos d\u00edas escribi\u00f3 en un chat de ex militantes del PCM:<\/p>\n\n\n\n<p class=\"wp-block-paragraph\">&nbsp;\u201cLo que la 4 T le niega a\nArnoldo y sus camaradas que son parte de \u00e9sta (es que) parecen haber olvidado\nlo que si reconocer\u00e1n en su pueblo natal\u2026 Se trata de hacer un reconocimiento\ndel papel que \u00e9l jug\u00f3 en la aportaci\u00f3n del Partido Comunista Mexicano al logro\nde la libertad pol\u00edtica de la que hoy gozamos y sin la cual (en mi humilde\nopini\u00f3n) no hubiera habido el resultado del 1 de julio de 2018\u201d. <\/p>\n","protected":false},"excerpt":{"rendered":"<p>Arnoldo. Lo desvanece la ingratitud<\/p>\n","protected":false},"author":3,"featured_media":8473,"comment_status":"open","ping_status":"open","sticky":false,"template":"","format":"standard","meta":{"_monsterinsights_skip_tracking":false,"footnotes":""},"categories":[690,106,85],"tags":[],"class_list":["post-13530","post","type-post","status-publish","format-standard","has-post-thumbnail","category-690","category-mirada-de-reportero","category-rogelio-hernandez-lopez"],"_links":{"self":[{"href":"https:\/\/redsemlac.com\/semmexico\/wp-json\/wp\/v2\/posts\/13530","targetHints":{"allow":["GET"]}}],"collection":[{"href":"https:\/\/redsemlac.com\/semmexico\/wp-json\/wp\/v2\/posts"}],"about":[{"href":"https:\/\/redsemlac.com\/semmexico\/wp-json\/wp\/v2\/types\/post"}],"author":[{"embeddable":true,"href":"https:\/\/redsemlac.com\/semmexico\/wp-json\/wp\/v2\/users\/3"}],"replies":[{"embeddable":true,"href":"https:\/\/redsemlac.com\/semmexico\/wp-json\/wp\/v2\/comments?post=13530"}],"version-history":[{"count":0,"href":"https:\/\/redsemlac.com\/semmexico\/wp-json\/wp\/v2\/posts\/13530\/revisions"}],"wp:featuredmedia":[{"embeddable":true,"href":"https:\/\/redsemlac.com\/semmexico\/wp-json\/wp\/v2\/media\/8473"}],"wp:attachment":[{"href":"https:\/\/redsemlac.com\/semmexico\/wp-json\/wp\/v2\/media?parent=13530"}],"wp:term":[{"taxonomy":"category","embeddable":true,"href":"https:\/\/redsemlac.com\/semmexico\/wp-json\/wp\/v2\/categories?post=13530"},{"taxonomy":"post_tag","embeddable":true,"href":"https:\/\/redsemlac.com\/semmexico\/wp-json\/wp\/v2\/tags?post=13530"}],"curies":[{"name":"wp","href":"https:\/\/api.w.org\/{rel}","templated":true}]}}