{"id":13482,"date":"2019-10-31T23:11:44","date_gmt":"2019-10-31T23:11:44","guid":{"rendered":"https:\/\/redsemlac.com\/semmexico\/?p=13482"},"modified":"2023-07-21T15:13:16","modified_gmt":"2023-07-21T20:13:16","slug":"puebla-4","status":"publish","type":"post","link":"https:\/\/redsemlac.com\/semmexico\/puebla-4\/","title":{"rendered":"Denuncian hostigamiento e intimidaci\u00f3n a personas defensoras en Puebla"},"content":{"rendered":"\n<p class=\"wp-block-paragraph\"><strong>* <\/strong><strong>Fundar, Consejo\nTiyat Tlali e Imdec hacen un llamado al Estado mexicano <\/strong><\/p>\n\n\n\n<p class=\"wp-block-paragraph\"><strong>* Se debe garantizar la\nprotecci\u00f3n a quienes defienden los derechos humanos y ambientales<\/strong><strong><\/strong><\/p>\n\n\n\n<p class=\"wp-block-paragraph\"><strong>Redacci\u00f3n <\/strong><\/p>\n\n\n\n<p class=\"wp-block-paragraph\">SemM\u00e9xico, Ciudad de M\u00e9xico, 31\nde octubre de 2019.- Diversas organizaciones hacen un en\u00e9rgico llamado al Estado\nmexicano, a nivel local y federal a garantizar la protecci\u00f3n de las personas\ndefensoras tanto de las organizaciones acompa\u00f1antes, como de las comunidades\ntotonacas de San Mateo Tlacotepec, Altica y San Felipe Tepatl\u00e1n, as\u00ed como\ngarantizar su leg\u00edtimo derecho a la defensa de los derechos humanos.<\/p>\n\n\n\n<p class=\"wp-block-paragraph\">En un comunicado explican que desde 2016, el Consejo\nTiyat Tlali, el Instituto Mexicano para el Desarrollo Comunitario (Imdec) y\nFundar, Centro de An\u00e1lisis e investigaci\u00f3n, acompa\u00f1an jur\u00eddicamente a las\ncomunidades totonacas, en la Sierra Norte\nde Puebla en la lucha por defender su territorio y agua de la construcci\u00f3n del Proyecto\nHidroel\u00e9ctrico Puebla 1 (PHP1), de la empresa Deselec 1, perteneciente al grupo Comexhidro.<\/p>\n\n\n\n<p class=\"wp-block-paragraph\">Con el inicio\ndel proceso jur\u00eddico, se obtuvo la suspensi\u00f3n temporal del proyecto, lo que dio\ninicio a una serie de eventos de descalificaci\u00f3n, criminalizaci\u00f3n y\nhostigamiento en contra de representantes comunitarios demandantes en el\njuicio, integrados en los Comit\u00e9s de Defensa del R\u00edo Ajajalpan, as\u00ed como en\ncontra de las organizaciones y defensoras que acompa\u00f1an el caso. <\/p>\n\n\n\n<p class=\"wp-block-paragraph\">Recientemente\nlas comunidades han denunciado tambi\u00e9n la generaci\u00f3n de un ambiente de tensi\u00f3n\ny desconfianza que busca dividir a las comunidades para dar paso a la\nconstrucci\u00f3n del proyecto. De hecho, las comunidades hab\u00edan ya denunciado de\nmanera previa a la presentaci\u00f3n de la demanda, la criminalizaci\u00f3n legal en\ncontra de varios de ellos, debido a la resistencia y defensa contra el\nproyecto.<\/p>\n\n\n\n<p class=\"wp-block-paragraph\">En los \u00faltimos\nmeses y en el marco de la sentencia emitida el pasado 10 de octubre en la que un\njuez neg\u00f3 a las comunidades demandantes el reconocimiento de sus derechos, al\navalar una consulta simulada, e ignorar los impactos ambientales que dicho\nproyecto tendr\u00e1 sobre sus tierras, y su medio de vida, los incidentes han\nincrementado.<\/p>\n\n\n\n<p class=\"wp-block-paragraph\">Es importante recordar que el caso fue compartido ante Michel Forst,\nRelator Especial de las Naciones Unidas sobre la Situaci\u00f3n de las Personas\nDefensoras de los Derechos Humanos en su visita oficial a M\u00e9xico en enero de\n2017.&nbsp; <\/p>\n\n\n\n<p class=\"wp-block-paragraph\">En el informe derivado de su visita, el Relator resalt\u00f3 que \u201cm\u00e1s de dos\nterceras partes de las agresiones registradas [por proyectos a gran escala] se\nhab\u00edan perpetrado en los estados de M\u00e9xico, Sonora, Oaxaca, Puebla, Colima y\nCampeche\u201d.&nbsp; <\/p>\n\n\n\n<p class=\"wp-block-paragraph\">De igual manera, Forst concluy\u00f3 tras su visita que \u201clos dirigentes\ncomunitarios y los defensores de los derechos sobre la tierra y el medio\nambiente que se oponen a proyectos a gran escala se enfrentan a actos de\nviolencia a manos de personas vinculadas a las empresas que participan en esos\nproyectos\u201d. <\/p>\n\n\n\n<p class=\"wp-block-paragraph\">Asimismo, mostr\u00f3 su preocupaci\u00f3n frente a la situaci\u00f3n particular de las\npersonas defensoras de derechos humanos de las personas ind\u00edgenas \u201cel aumento\ndel n\u00famero de proyectos de construcci\u00f3n y apropiaciones de tierras en algunos\nestados ha provocado una intensificaci\u00f3n de los conflictos\u201d. <\/p>\n\n\n\n<p class=\"wp-block-paragraph\">Ante el\ncontexto de agresiones a personas defensoras de derechos humanos, en particular\ndefensoras del medio ambiente en M\u00e9xico y la regi\u00f3n, que se oponen a\nmegaproyectos, resulta de gran preocupaci\u00f3n la escalada de incidentes en contra\nde integrantes de las organizaciones que acompa\u00f1an el proceso y contra las\npersonas defensoras de las comunidades.&nbsp; <\/p>\n\n\n\n<p class=\"wp-block-paragraph\">Organizaciones\nnacionales e internacionales han denunciado el clima de riesgo que viven las y\nlos defensores del derecho al medio ambiente; siendo los proyectos hidroel\u00e9ctricos\nde los principales contextos de estos ataques. En este sentido, Amnist\u00eda\nInternacional ha denunciado que M\u00e9xico es uno de los pa\u00edses m\u00e1s peligrosos a\nnivel mundial para la defensa de la tierra, el territorio y el medio ambiente,\ndenunciando que tan solo en 2019, 12 personas defensoras del medio ambiente han\nsido asesinadas. <\/p>\n\n\n\n<p class=\"wp-block-paragraph\">Por ello, desde\nFundar, el Consejo Tiyat Tlali e Imdec, acompa\u00f1adas de organizaciones\nnacionales e internacionales, como Amnist\u00eda Internacional M\u00e9xico, Centro de\nDerechos Humanos Miguel Agust\u00edn Pro Ju\u00e1rez, Art\u00edculo 19, el Centro de Derechos\nHumanos Fray Bartolom\u00e9 de Las Casas, Centro de Derechos Humanos de la Monta\u00f1a,\nTlachinollan, Oxfam M\u00e9xico, Red Nacional de Organismos Civiles de Derechos\nHumanos Todos los Derechos para Todas y Todos (Red TDT), Poder, Servicios y\nAsesor\u00eda para la Paz, y el Centro de Estudios Ecum\u00e9nicos hacemos un en\u00e9rgico llamado\nal Estado mexicano, a nivel local y federal a garantizar la protecci\u00f3n de las personas\ndefensoras tanto de las organizaciones acompa\u00f1antes, como de las comunidades,\nas\u00ed como garantizar su leg\u00edtimo derecho a la defensa de los derechos humanos.<\/p>\n\n\n\n<p class=\"wp-block-paragraph\">SEM\/sj<\/p>\n","protected":false},"excerpt":{"rendered":"<p>Fundar, Consejo Tiyat Tlali e Imdec hacen un llamado al Estado mexicano <\/p>\n","protected":false},"author":3,"featured_media":13483,"comment_status":"open","ping_status":"open","sticky":false,"template":"","format":"standard","meta":{"_monsterinsights_skip_tracking":false,"footnotes":""},"categories":[690,54],"tags":[],"class_list":["post-13482","post","type-post","status-publish","format-standard","has-post-thumbnail","category-690","category-mujeres"],"_links":{"self":[{"href":"https:\/\/redsemlac.com\/semmexico\/wp-json\/wp\/v2\/posts\/13482","targetHints":{"allow":["GET"]}}],"collection":[{"href":"https:\/\/redsemlac.com\/semmexico\/wp-json\/wp\/v2\/posts"}],"about":[{"href":"https:\/\/redsemlac.com\/semmexico\/wp-json\/wp\/v2\/types\/post"}],"author":[{"embeddable":true,"href":"https:\/\/redsemlac.com\/semmexico\/wp-json\/wp\/v2\/users\/3"}],"replies":[{"embeddable":true,"href":"https:\/\/redsemlac.com\/semmexico\/wp-json\/wp\/v2\/comments?post=13482"}],"version-history":[{"count":0,"href":"https:\/\/redsemlac.com\/semmexico\/wp-json\/wp\/v2\/posts\/13482\/revisions"}],"wp:featuredmedia":[{"embeddable":true,"href":"https:\/\/redsemlac.com\/semmexico\/wp-json\/wp\/v2\/media\/13483"}],"wp:attachment":[{"href":"https:\/\/redsemlac.com\/semmexico\/wp-json\/wp\/v2\/media?parent=13482"}],"wp:term":[{"taxonomy":"category","embeddable":true,"href":"https:\/\/redsemlac.com\/semmexico\/wp-json\/wp\/v2\/categories?post=13482"},{"taxonomy":"post_tag","embeddable":true,"href":"https:\/\/redsemlac.com\/semmexico\/wp-json\/wp\/v2\/tags?post=13482"}],"curies":[{"name":"wp","href":"https:\/\/api.w.org\/{rel}","templated":true}]}}