{"id":13467,"date":"2019-10-30T22:02:16","date_gmt":"2019-10-30T22:02:16","guid":{"rendered":"https:\/\/redsemlac.com\/semmexico\/?p=13467"},"modified":"2023-07-21T15:13:16","modified_gmt":"2023-07-21T20:13:16","slug":"opinion-195","status":"publish","type":"post","link":"https:\/\/redsemlac.com\/semmexico\/opinion-195\/","title":{"rendered":"Mirada Violeta"},"content":{"rendered":"\n<h2 class=\"wp-block-heading\"> 25 Aniversario de la Red Universitaria <\/h2>\n\n\n\n<p class=\"wp-block-paragraph\"> <strong>Lupita Ramos Ponce\u00a0<\/strong><br>SemM\u00e9xico. Jalisco. 30 de octubre de 2019.- En la Universidad de Guadalajara estamos de fiesta y me incluyo en el festejo porque es parte tambi\u00e9n de una celebraci\u00f3n personal. Soy parte de la comunidad universitaria desde mi ingreso a la preparatoria en 1979. En 1985 me incorpor\u00e9 como profesora en la misma preparatoria #2 a invitaci\u00f3n del entonces director Juan Pe\u00f1a Razo quien fue mi maestro y con los a\u00f1os se ha convertido en un amigo muy querido. <\/p>\n\n\n\n<p class=\"wp-block-paragraph\">En 1994 me encontraba elaborando los manuales de estudio para la carrera de Derecho en el sistema semiescolarizado que reci\u00e9n se incorporar\u00eda en la Universidad, junto con un equipo muy valioso dirigido por los juristas Jos\u00e9 Barrag\u00e1n y Efra\u00edn Gonz\u00e1lez Morf\u00edn de quienes tuve la oportunidad de abrevar de su sapiencia y sensibilidad. El equipo de trabajo era encabezado por la tambi\u00e9n profesora universitaria Martha Lorena Rodr\u00edguez Urz\u00faa, quien me realiz\u00f3 la invitaci\u00f3n para incorporarme a un equipo de profesoras y profesores que iniciar\u00edamos la carrera de Derecho en el Centro Universitario de la Ci\u00e9nega, en Ocotl\u00e1n. <\/p>\n\n\n\n<p class=\"wp-block-paragraph\">Se estaba formando la Red Universitaria para descentralizar los servicios educativos en todo el estado de Jalisco. Desde el inicio me entusiasm\u00f3 el proyecto. Comenzamos en 1994 y yo me hice cargo de coordinar la carrera de derecho en el sistema semiescolarizado en un proyecto novedoso, llevar la educaci\u00f3n universitaria al tambi\u00e9n reci\u00e9n fundado Centro Federal de Readaptaci\u00f3n Social (CEFERESO no. 2).<\/p>\n\n\n\n<p class=\"wp-block-paragraph\"> En un principio se consider\u00f3 ofertar las carreras de Derecho y Administraci\u00f3n a los internos del Centro, posteriormente, se acord\u00f3 por cuestiones de seguridad del propio centro, solo ofertar a las y los trabajadores penitenciarios. Esto brind\u00f3 la oportunidad para que muchas y muchos de los trabajadores pudieran acceder a la educaci\u00f3n universitaria en su propio centro de trabajo. Una de las egresadas, que en su tiempo fue personal de custodia, lleg\u00f3 a dirigir otros Centros Federales de Readaptaci\u00f3n Social en Matamoros y en Almoloya. Otros alumnos como Felipe Lea\u00f1os a quien recuerdo con mucho cari\u00f1o, fue un ejemplo de lucha contra la corrupci\u00f3n. <\/p>\n\n\n\n<p class=\"wp-block-paragraph\">En mis 25 a\u00f1os de pertenecer a esta red universitaria, me quedo con muchas alegr\u00edas y satisfacciones, sobre todo la certeza de que el Centro Universitario les brind\u00f3 la posibilidad a muchos j\u00f3venes de la regi\u00f3n y de los Estados cercanos como Michoac\u00e1n de acceder a estudios Universitarios. Sobre todo, esta cercan\u00eda les permiti\u00f3 a las mujeres la posibilidad de estudiar y de concluir una carrera universitaria. <\/p>\n\n\n\n<p class=\"wp-block-paragraph\">Sin duda, hay un personaje al que habr\u00eda que agradecer la descentralizaci\u00f3n de la educaci\u00f3n y ese es Fray Antonio Alcalde y Barriga. El 12 de diciembre de 1771, con 70 a\u00f1os de edad, lleg\u00f3 a Guadalajara como el XXII obispo de la Di\u00f3cesis de la Nueva Galicia y su labor fue fundamental para la creaci\u00f3n de dos instituciones: el Hospital Real de San Miguel de Bel\u00e9n y la Real Universidad de Guadalajara.<\/p>\n\n\n\n<p class=\"wp-block-paragraph\"> En ese entonces, solo exist\u00eda en nuestro pa\u00eds la Real y Pontificia Universidad de M\u00e9xico, quienes se opon\u00edan a la creaci\u00f3n de otra universidad y fue gracias a las gestiones y aportaciones patrimoniales de fray Antonio Alcalde ante la corona espa\u00f1ola y luego de casi un siglo de haber sido solicitada por vez primera por fray Felipe Galindo Ch\u00e1vez, el 18 de noviembre de 1791 el rey Carlos IV otorg\u00f3 la c\u00e9dula real de la fundaci\u00f3n de la Real Universidad de Guadalajara. <\/p>\n\n\n\n<p class=\"wp-block-paragraph\">Sin embargo, Alcalde no pudo presenciar la apertura de la Universidad, realizada el 3 de noviembre de 1792, pues falleci\u00f3 el 7 de agosto de ese a\u00f1o. As\u00ed como Fray Antonio Alcalde, las y los promotores de la Creaci\u00f3n del Centro Universitario en Ocotl\u00e1n, tambi\u00e9n se vieron sujetos a muchos obst\u00e1culos, por ejemplo se pretend\u00eda que la sede fuera en la Barca o la disputa por la conformaci\u00f3n de diversos patronatos para su impulso. <\/p>\n\n\n\n<p class=\"wp-block-paragraph\">Tambi\u00e9n se visti\u00f3 de tragedia cuando las y los alumnos sal\u00edan a recolectar apoyos econ\u00f3micos para su construcci\u00f3n, al \u201chacer boteo\u201d Ulises fue atropellado y muerto. Hoy, gracias a Fray Antonio Alcalde y su impulso por la descentralizaci\u00f3n de la educaci\u00f3n, gracias a la visi\u00f3n de quienes en su momento decidieron llevar la educaci\u00f3n universitaria a todo el Estado de Jalisco y gracias al empe\u00f1o de ejidatarios, empresariado y j\u00f3venes entusiastas, tenemos la satisfacci\u00f3n de que muchas mujeres y hombres de la regi\u00f3n Ci\u00e9nega y alrededores, pudieran acceder a la Universidad P\u00fablica. Mi gratitud eterna para ellas y ellos.<\/p>\n\n\n\n<p class=\"wp-block-paragraph\"><a rel=\"noreferrer noopener\" href=\"mailto:lupitaramosponce@gmail.com\" target=\"_blank\">lupitaramosponce@gmail.com<\/a><br>@lupitaramosponce<\/p>\n","protected":false},"excerpt":{"rendered":"<p>25 Aniversario de la Red Universitaria<\/p>\n","protected":false},"author":3,"featured_media":8967,"comment_status":"open","ping_status":"open","sticky":false,"template":"","format":"standard","meta":{"_monsterinsights_skip_tracking":false,"footnotes":""},"categories":[690,110,91],"tags":[],"class_list":["post-13467","post","type-post","status-publish","format-standard","has-post-thumbnail","category-690","category-la-opinion-columnas","category-lupita-ramos-ponce"],"_links":{"self":[{"href":"https:\/\/redsemlac.com\/semmexico\/wp-json\/wp\/v2\/posts\/13467","targetHints":{"allow":["GET"]}}],"collection":[{"href":"https:\/\/redsemlac.com\/semmexico\/wp-json\/wp\/v2\/posts"}],"about":[{"href":"https:\/\/redsemlac.com\/semmexico\/wp-json\/wp\/v2\/types\/post"}],"author":[{"embeddable":true,"href":"https:\/\/redsemlac.com\/semmexico\/wp-json\/wp\/v2\/users\/3"}],"replies":[{"embeddable":true,"href":"https:\/\/redsemlac.com\/semmexico\/wp-json\/wp\/v2\/comments?post=13467"}],"version-history":[{"count":0,"href":"https:\/\/redsemlac.com\/semmexico\/wp-json\/wp\/v2\/posts\/13467\/revisions"}],"wp:featuredmedia":[{"embeddable":true,"href":"https:\/\/redsemlac.com\/semmexico\/wp-json\/wp\/v2\/media\/8967"}],"wp:attachment":[{"href":"https:\/\/redsemlac.com\/semmexico\/wp-json\/wp\/v2\/media?parent=13467"}],"wp:term":[{"taxonomy":"category","embeddable":true,"href":"https:\/\/redsemlac.com\/semmexico\/wp-json\/wp\/v2\/categories?post=13467"},{"taxonomy":"post_tag","embeddable":true,"href":"https:\/\/redsemlac.com\/semmexico\/wp-json\/wp\/v2\/tags?post=13467"}],"curies":[{"name":"wp","href":"https:\/\/api.w.org\/{rel}","templated":true}]}}