{"id":13442,"date":"2019-10-29T22:16:20","date_gmt":"2019-10-29T22:16:20","guid":{"rendered":"https:\/\/redsemlac.com\/semmexico\/?p=13442"},"modified":"2023-07-21T15:13:17","modified_gmt":"2023-07-21T20:13:17","slug":"opinion-194","status":"publish","type":"post","link":"https:\/\/redsemlac.com\/semmexico\/opinion-194\/","title":{"rendered":"La Feria"},"content":{"rendered":"\n<h2 class=\"wp-block-heading\">Las reporteras, los reporteros y el presidente<\/h2>\n\n\n\n<p class=\"wp-block-paragraph\"><strong> Salvador Camarena <\/strong><\/p>\n\n\n\n<p class=\"wp-block-paragraph\">SemM\u00e9xico. 29 de octubre 2019.- Las reporteras y los reporteros son latosxs, impertinentes, metiches, preguntones, insistentes. Muchos se proh\u00edben decir una mentira al reportear, pero de vez en cuando, para ganar una noticia, se comen parte de la verdad si eso les har\u00e1 cumplir con su deber, que es llevar informaci\u00f3n a la sociedad. Saben que lo \u00fanico que no hay en su profesi\u00f3n es un buen pretexto para justificar el haber perdido una nota.<\/p>\n\n\n\n<p class=\"wp-block-paragraph\">En medio de una asignaci\u00f3n, las reporteras y los reporteros duermen donde caiga, comen lo que les den y\/o encuentren, a menudo aguantan 24 horas, y m\u00e1s, sin dormir para transmitir sus notas.<\/p>\n\n\n\n<p class=\"wp-block-paragraph\">Ahora hay computadoras y celulares e internet; y ahora, muchas veces, se puede transmitir cuando y donde sea. Pero dos d\u00e9cadas atr\u00e1s, desde rudimentarias cabinas telef\u00f3nicas los periodistas dictaban su informaci\u00f3n de corridito a un capturista \u2013muchas veces otro reportero(a)\u2014, asegurando poner de inmediato los datos y el estilo indispensables, sabedores de que los editores machetear\u00edan (machetear\u00edamos, quimosabi) sus renglones sin misericordia \u201cporque mandaste mucho\u201d. Apenas terminaban de dictar, se iban corriendo a la siguiente cobertura.<\/p>\n\n\n\n<p class=\"wp-block-paragraph\">Pero la tecnolog\u00eda no ha alivianado el trabajo, lo ha incrementado: antes de finalizar un evento, hoy los reporteros de raza ya redactaron varios p\u00e1rrafos para mandarlos a su portal, pueden entrar al aire de inmediato, dan&nbsp;<em>bullets&nbsp;<\/em>para un gr\u00e1fico, cortan audios y\/o videos para las redes\u2026 y todav\u00eda siguen en el evento.<\/p>\n\n\n\n<p class=\"wp-block-paragraph\">Si para cientos de reporteras y reporteros mexicanos no hay l\u00edmites ni barreras a la hora de perseguir la nota, \u00bfqu\u00e9 tan cierto es que el Estado Mexicano, as\u00ed con may\u00fasculas, es incapaz \u2013alegando cuestiones de \u201causteridad\u201d\u2013 de garantizar a la prensa la log\u00edstica adecuada para el ejercicio de su profesi\u00f3n, que no es otra que el deber de informar, cuando cubre las giras del presidente Andr\u00e9s Manuel L\u00f3pez Obrador?<\/p>\n\n\n\n<p class=\"wp-block-paragraph\">Una decena de colegas pueden contar, algunos con heridas graves pero vivos todos, que el s\u00e1bado derrap\u00f3 el transporte que les consigui\u00f3 la Presidencia de la Rep\u00fablica para seguir la visita de AMLO a Sonora.<\/p>\n\n\n\n<p class=\"wp-block-paragraph\">Eso me falt\u00f3 decirlo. Reporteras y reporteros asumen riesgos que gente sensata encontrar\u00eda de locura. Pero volvamos: la camioneta que transportaba a periodistas fall\u00f3 ese d\u00eda. Ya hab\u00eda fallado y ya hab\u00eda sido reportada. Yo no creo en los accidentes, pero digamos que en una de esas hubo falla mec\u00e1nica imprevisible, o circunstancia en el camino realmente azarosa (ac\u00e1 en cambio se habla de, al menos, velocidad imprudente y mantenimiento deficiente).<\/p>\n\n\n\n<p class=\"wp-block-paragraph\">Pasado el susto, con un nivel raqu\u00edtico de empat\u00eda, L\u00f3pez Obrador pretende zafarse de su responsabilidad al advertir que si las reporteras y los reporteros encuentran inseguro seguirle el ritmo, que se queden en casa, y que los medios lo cubran mediante corresponsales.<\/p>\n\n\n\n<p class=\"wp-block-paragraph\">Quien como candidato le diera la vuelta al pa\u00eds varias veces sabe que as\u00ed como no hay cobertura telef\u00f3nica en todo el territorio nacional, tampoco existe medio en M\u00e9xico \u2013salvo acaso una televisora\u2013 que tenga desplegada una buena red de corresponsales.<\/p>\n\n\n\n<p class=\"wp-block-paragraph\">Yo he sido reportero pocas veces, y editor much\u00edsimas. Envidio el temple, agudeza, \u00e1nimo, rapidez de reflejos, aguante, capacidad, inteligencia y arrojo de las reporteras y los reporteros. Y lamento las reacciones pueriles que la Presidencia de la Rep\u00fablica ha tenido frente a un percance que sali\u00f3 barato, pero que de ninguna manera podemos darnos el lujo que la pr\u00f3xima vez salga m\u00e1s caro.<\/p>\n\n\n\n<p class=\"wp-block-paragraph\">Parte del mandato de cualquier titular del Ejecutivo en nuestro pa\u00eds es hacer guardar el ejercicio del derecho a informar y de ser informados. Al Presidente le toca generar esas condiciones. Ello incluye una log\u00edstica, eficiente y segura. No necesariamente gratuita, pero s\u00ed a precios razonables para los medios profesionales. Paleros est\u00e1n bien en la F\u00f3rmula 1. O no est\u00e1n bien, pero ese es otro tema.<\/p>\n\n\n\n<p class=\"wp-block-paragraph\">Si esta administraci\u00f3n renuncia a garantizar que la prensa haga su trabajo, en giras y en otros \u00e1mbitos, ser\u00e1 por comodina marruller\u00eda: mejor para el Presidente que nadie m\u00e1s que los suyos le vean, mejor para el mandatario que nadie cr\u00edtico le observe, narre sus giras, detecte el humor de la gente, en las buenas y en las malas.<\/p>\n\n\n\n<p class=\"wp-block-paragraph\">La prensa es una lata para los gobernantes. Una lata saludable; y parte de la obligaci\u00f3n de cualquier gobierno es que los periodistas gocen condiciones, adecuadas y seguras, para trabajar. No es ni una graciosa concesi\u00f3n del poder, ni un gasto superfluo (hubo abusos, si persisten que se castiguen, pero ese sambenito ya no debe servir de espantap\u00e1jaros).<\/p>\n\n\n\n<p class=\"wp-block-paragraph\">Con un gasto p\u00fablico razonable en transporte y log\u00edstica, las empresas de los periodistas pueden poner la parte de los costos que les correspondan. Es, en todo caso, una buena inversi\u00f3n del dinero de los mexicanos. Porque es un derecho democr\u00e1tico y el gobierno de L\u00f3pez Obrador prometi\u00f3 un cambio\u2026 democr\u00e1tico.<\/p>\n","protected":false},"excerpt":{"rendered":"<p>Las reporteras, los reporteros y el presidente<\/p>\n","protected":false},"author":3,"featured_media":13443,"comment_status":"open","ping_status":"open","sticky":false,"template":"","format":"standard","meta":{"_monsterinsights_skip_tracking":false,"footnotes":""},"categories":[690,82,110],"tags":[],"class_list":["post-13442","post","type-post","status-publish","format-standard","has-post-thumbnail","category-690","category-la-opinion","category-la-opinion-columnas"],"_links":{"self":[{"href":"https:\/\/redsemlac.com\/semmexico\/wp-json\/wp\/v2\/posts\/13442","targetHints":{"allow":["GET"]}}],"collection":[{"href":"https:\/\/redsemlac.com\/semmexico\/wp-json\/wp\/v2\/posts"}],"about":[{"href":"https:\/\/redsemlac.com\/semmexico\/wp-json\/wp\/v2\/types\/post"}],"author":[{"embeddable":true,"href":"https:\/\/redsemlac.com\/semmexico\/wp-json\/wp\/v2\/users\/3"}],"replies":[{"embeddable":true,"href":"https:\/\/redsemlac.com\/semmexico\/wp-json\/wp\/v2\/comments?post=13442"}],"version-history":[{"count":0,"href":"https:\/\/redsemlac.com\/semmexico\/wp-json\/wp\/v2\/posts\/13442\/revisions"}],"wp:featuredmedia":[{"embeddable":true,"href":"https:\/\/redsemlac.com\/semmexico\/wp-json\/wp\/v2\/media\/13443"}],"wp:attachment":[{"href":"https:\/\/redsemlac.com\/semmexico\/wp-json\/wp\/v2\/media?parent=13442"}],"wp:term":[{"taxonomy":"category","embeddable":true,"href":"https:\/\/redsemlac.com\/semmexico\/wp-json\/wp\/v2\/categories?post=13442"},{"taxonomy":"post_tag","embeddable":true,"href":"https:\/\/redsemlac.com\/semmexico\/wp-json\/wp\/v2\/tags?post=13442"}],"curies":[{"name":"wp","href":"https:\/\/api.w.org\/{rel}","templated":true}]}}