{"id":13438,"date":"2019-10-29T21:58:16","date_gmt":"2019-10-29T21:58:16","guid":{"rendered":"https:\/\/redsemlac.com\/semmexico\/?p=13438"},"modified":"2023-07-21T15:13:17","modified_gmt":"2023-07-21T20:13:17","slug":"la-red-internacional-de-periodistas-con-vision-de-genero-apoya-publicamente-a-la-sociedad-chilena","status":"publish","type":"post","link":"https:\/\/redsemlac.com\/semmexico\/la-red-internacional-de-periodistas-con-vision-de-genero-apoya-publicamente-a-la-sociedad-chilena\/","title":{"rendered":"La Red Internacional de Periodistas con Visi\u00f3n de G\u00e9nero apoya p\u00fablicamente a la sociedad chilena"},"content":{"rendered":"\n<p class=\"wp-block-paragraph\"> <strong>Redacci\u00f3n\u00a0<\/strong><br>SemM\u00e9xico\/AmecoPress. Madrid, 29 octubre 2019.-\u00a0\u201cUn llamado al Estado de Chile a respetar los DDHH y garantizar la libertad de expresi\u00f3n\u201d. As\u00ed lo public\u00f3 el pasado viernes Mujeres en el Medio en su web. Se trata de un grupo de mujeres profesionales del periodismo en el pa\u00eds que no quiere tapar ni maquillar los hechos. Se dedican a\u00a0<a rel=\"noreferrer noopener\" href=\"http:\/\/amecopress.net\/Las-periodistas-chilenas-cuentan-que-sucede-realmente-en-el-pais\" target=\"_blank\">contar lo que pasa en determinados puntos de Chile<\/a>, a diferencia de medios convencionales que no est\u00e1n dando un punto de vista tan crudo, sin previa manipulaci\u00f3n en el mensaje.<\/p>\n\n\n\n<p class=\"wp-block-paragraph\">La carta de apoyo criticaba la presencia militar en las calles fue una medida que se tom\u00f3 para reestablecer el orden p\u00fablico, seg\u00fan Sebasti\u00e1n Pi\u00f1era, el -todav\u00eda- presidente del gobierno chileno. Y, en su propio campo, el personal period\u00edstico recalca \u201cel derecho a la informaci\u00f3n como Derecho Humano\u201d.<\/p>\n\n\n\n<p class=\"wp-block-paragraph\">Adem\u00e1s, la RIPVG instaba a organismos internacionales a exigir al gobierno el fin del estado de excepci\u00f3n, que consiste en la \u201casunci\u00f3n de poderes extraordinarios por el Gobierno ante situaciones extraordinarias\u201d. Pi\u00f1era firm\u00f3 ayer, domingo, los decretos precisos para levantar el estado de emergencia (activaci\u00f3n de leyes especiales que permiten al Gobierno abordar situaciones de crisis) en un intento por recuperar la \u201cnormalidad institucional\u201d del pa\u00eds latinoamericano.<\/p>\n\n\n\n<p class=\"wp-block-paragraph\">La libertad de expresi\u00f3n y la protesta social como derechos humanos de la ciudadan\u00eda es una defensa importante en los tiempos que corren. Realmente, se manifiestan porque otros derechos fundamentales (salud, educaci\u00f3n, vivienda, pensiones dignas\u2026) cojean. Tambi\u00e9n el derecho a una informaci\u00f3n fiable. Lo que empez\u00f3 como una queja a la subida del bono de transporte se ha convertido en una crisis pol\u00edtica que va a cambiar el curso de Chile. No se implantaba el estado de emergencia desde la \u00e9poca de Pinochet.<\/p>\n\n\n\n<p class=\"wp-block-paragraph\">Se denuncia el panorama sociopol\u00edtico que deja la decisi\u00f3n gubernamental de militarizar un pa\u00eds entero y usar la fuerza de manera p\u00fablica. \u201cActos de represi\u00f3n que se han traducido en violencia f\u00edsica y sexual, tortura, desapariciones y hasta muertes\u201d, cuentan las informadoras. Incluso conocen casos de comunicadoras y periodistas que han sufrido estas violencias por parte de agentes del Estado. La situaci\u00f3n es desbordante.<\/p>\n\n\n\n<p class=\"wp-block-paragraph\">Buscan generar un di\u00e1logo sin represi\u00f3n, constructivo y libre de violencia. La protesta del pueblo deber\u00eda ser de manera pac\u00edfica y, por el momento, la RIPGV ha mostrado su apoyo total a una sociedad valiente que alza la voz.<\/p>\n\n\n\n<p class=\"wp-block-paragraph\">Organismos firmantes e informaci\u00f3n completa&nbsp;<a href=\"http:\/\/mujeresenelmedio.org\/2019\/10\/25\/carta-de-apoyo-al-pueblo-chileno-de-la-red-internacional-de-periodistas-con-vision-de-genero\/\" rel=\"noreferrer noopener\" target=\"_blank\">aqu\u00ed<\/a>.<br><\/p>\n","protected":false},"excerpt":{"rendered":"<p>\u201cUn llamado al Estado de Chile a respetar los DDHH y garantizar la libertad de expresi\u00f3n\u201d. As\u00ed lo public\u00f3 el pasado viernes Mujeres en el Medio en su web.<\/p>\n","protected":false},"author":3,"featured_media":13439,"comment_status":"open","ping_status":"open","sticky":false,"template":"","format":"standard","meta":{"_monsterinsights_skip_tracking":false,"footnotes":""},"categories":[690,53],"tags":[],"class_list":["post-13438","post","type-post","status-publish","format-standard","has-post-thumbnail","category-690","category-internacional"],"_links":{"self":[{"href":"https:\/\/redsemlac.com\/semmexico\/wp-json\/wp\/v2\/posts\/13438","targetHints":{"allow":["GET"]}}],"collection":[{"href":"https:\/\/redsemlac.com\/semmexico\/wp-json\/wp\/v2\/posts"}],"about":[{"href":"https:\/\/redsemlac.com\/semmexico\/wp-json\/wp\/v2\/types\/post"}],"author":[{"embeddable":true,"href":"https:\/\/redsemlac.com\/semmexico\/wp-json\/wp\/v2\/users\/3"}],"replies":[{"embeddable":true,"href":"https:\/\/redsemlac.com\/semmexico\/wp-json\/wp\/v2\/comments?post=13438"}],"version-history":[{"count":0,"href":"https:\/\/redsemlac.com\/semmexico\/wp-json\/wp\/v2\/posts\/13438\/revisions"}],"wp:featuredmedia":[{"embeddable":true,"href":"https:\/\/redsemlac.com\/semmexico\/wp-json\/wp\/v2\/media\/13439"}],"wp:attachment":[{"href":"https:\/\/redsemlac.com\/semmexico\/wp-json\/wp\/v2\/media?parent=13438"}],"wp:term":[{"taxonomy":"category","embeddable":true,"href":"https:\/\/redsemlac.com\/semmexico\/wp-json\/wp\/v2\/categories?post=13438"},{"taxonomy":"post_tag","embeddable":true,"href":"https:\/\/redsemlac.com\/semmexico\/wp-json\/wp\/v2\/tags?post=13438"}],"curies":[{"name":"wp","href":"https:\/\/api.w.org\/{rel}","templated":true}]}}