{"id":13435,"date":"2019-10-29T21:53:17","date_gmt":"2019-10-29T21:53:17","guid":{"rendered":"https:\/\/redsemlac.com\/semmexico\/?p=13435"},"modified":"2023-07-21T15:13:17","modified_gmt":"2023-07-21T20:13:17","slug":"violencia-y-fascismo-contra-el-feminismo-y-la-libertad-de-prensa","status":"publish","type":"post","link":"https:\/\/redsemlac.com\/semmexico\/violencia-y-fascismo-contra-el-feminismo-y-la-libertad-de-prensa\/","title":{"rendered":"Violencia y fascismo contra el feminismo y la libertad de prensa"},"content":{"rendered":"\n<ul class=\"wp-block-list\"><li><strong> Pintadas fascistas y acoso a periodistas feministas. El barrio responde con pintadas <\/strong><\/li><\/ul>\n\n\n\n<p class=\"wp-block-paragraph\"><strong>Por\u00a0Redacci\u00f3n<\/strong><\/p>\n\n\n\n<p class=\"wp-block-paragraph\">SemM\u00e9xico\/AmecoPress. Madrid, 29 octubre 2019.-\u00a0La sede que comparten la revista Pikara Magazine y Faktoria Lila, en el barrio de San Francisco, en Bilbao, amaneci\u00f3 el lunes manchada con mensajes insultantes contra las redactoras de la revista, y especialmente, contra la periodista y militante feminista Irantzu Varela. Es una nueva muestra del acoso machista y fascista que llevan viviendo desde hace tiempo, y que en las \u00faltimas semanas ha pasado de las redes sociales a agresiones m\u00e1s directas.<\/p>\n\n\n\n<p class=\"wp-block-paragraph\">\u201cHoy la redacci\u00f3n de Pikara, el local de Faktoria Lila y otros locales del barrio han aparecido atacados por fascistas. Podr\u00eda decir que no pasa nada, que estamos bien, que esto no nos afecta, que seguiremos haciendo lo mismo, que blablablablablabla&#8230;, pero lo cierto es que esto es intolerable. En nuestro caso, adem\u00e1s, un ataque a la libertad de prensa. Frente al fascismo, periodismo feminista\u201d, compart\u00eda Andrea Momoitio en las redes el pasado lunes.<\/p>\n\n\n\n<p class=\"wp-block-paragraph\">Ante esta situaci\u00f3n, en lugar de limpiar la cristalera, las periodistas decidieron realizar un llamamiento a los vecinos y las vecinas del barrio bajo el nombre de \u00abno pintamos el fascismo, lo pasamos por encima\u00bb para lanzar un mensaje conjunto contra del fascismo y la extrema derecha, cubriendo con mensajes positivos, las pintadas de odio.<\/p>\n\n\n\n<p class=\"wp-block-paragraph\">\u201cNo vamos a mentir, desde que empezaron los ataques y amenazas a nuestra compa\u00f1era Irantzu Varela, pens\u00e1bamos que era cuesti\u00f3n de tiempo que al local donde Pikara trabaja tambi\u00e9n le tocara. Esta ma\u00f1ana en los cristales de la redacci\u00f3n nos recib\u00eda la pintada \u2018Putas de Soros\u2019, en amarillo y firmado por las juventudes de un partido fascista. Un partido con nulo poder pol\u00edtico y casi desconocido que, suponemos, habr\u00e1 visto en esta acci\u00f3n una forma barata de hacer una campa\u00f1a electoral cutre, aprovechando que nosotras s\u00ed tenemos relevancia medi\u00e1tica. Por si alguien no lo sabe, George Soros es un magnate que financia algunos movimientos de izquierdas y feministas. No es nuestro caso. En Faktoria Lila, la pintada hac\u00eda alusi\u00f3n a un tuit que a\u00fan no hemos conseguido que la empresa Twitter borre, a pesar de las denuncias, y en el que se publica informaci\u00f3n personal sobre Irantzu Varela\u201d, resum\u00edan desde Pikara la situaci\u00f3n.<\/p>\n\n\n\n<p class=\"wp-block-paragraph\">Personas de todas las edades acudieron con sprays y pintura para eliminar los mensajes y para apoyar a las redactoras de la revista. En menos de una hora, los insultos fueron cubiertos por mensajes positivos: \u00abDiosas\u00bb, \u00abfrente al fascismo, periodismo\u00bb o \u00abbailamos sobre vuestro odio\u00bb.<\/p>\n\n\n\n<p class=\"wp-block-paragraph\">\u201cYa lo dijimos en el editorial del \u00faltimo anuario de Pikara en papel, vamos a combatir el odio hablando, escribiendo, creando y tejiendo redes entre nosotras. Porque este hecho puede parecer una gamberrada de cuatro chavales, pero lo firma un partido falangista. Y nosotras, como medio de comunicaci\u00f3n, reivindicamos nuestro derecho a la libertad de expresi\u00f3n\u201d, argumentan las organizaciones que han sufrido los ataques. \u201cNo nos da la gana de limpiar el fascismo, preferimos pasarlo por encima\u201d.<\/p>\n\n\n\n<p class=\"wp-block-paragraph\">Adem\u00e1s, para denunciar estos ataques y para alertar sobre la amenaza a la libertad de prensa, la libertad de expresi\u00f3n y la lucha feminista que suponen, ambos colectivos convocan una rueda de prensa el mi\u00e9rcoles, 30 de octubre a las 11:00h, en la sede que comparten en la calle Lamana 2.<\/p>\n\n\n\n<p class=\"wp-block-paragraph\">En la rueda de prensa participar\u00e1n Andrea Momoitio, como representante de Pikara Magazine, e Irantzu Varela, como representante de Faktoria Lila. Estar\u00e1n acompa\u00f1adas por compa\u00f1eras y colaboradoras de Pikara Magazine.<\/p>\n\n\n\n<p class=\"wp-block-paragraph\">Est\u00e1 prevista la presencia de representantes de diferentes agentes sociales, pol\u00edticos e institucionales en la fila 0 de la rueda de prensa, para significar el apoyo y la interpelaci\u00f3n a toda la sociedad democr\u00e1tica que esto supone.<\/p>\n","protected":false},"excerpt":{"rendered":"<p>Pintadas fascistas y acoso a periodistas feministas. El barrio responde con pintadas<\/p>\n","protected":false},"author":3,"featured_media":13436,"comment_status":"open","ping_status":"open","sticky":false,"template":"","format":"standard","meta":{"_monsterinsights_skip_tracking":false,"footnotes":""},"categories":[690,53],"tags":[],"class_list":["post-13435","post","type-post","status-publish","format-standard","has-post-thumbnail","category-690","category-internacional"],"_links":{"self":[{"href":"https:\/\/redsemlac.com\/semmexico\/wp-json\/wp\/v2\/posts\/13435","targetHints":{"allow":["GET"]}}],"collection":[{"href":"https:\/\/redsemlac.com\/semmexico\/wp-json\/wp\/v2\/posts"}],"about":[{"href":"https:\/\/redsemlac.com\/semmexico\/wp-json\/wp\/v2\/types\/post"}],"author":[{"embeddable":true,"href":"https:\/\/redsemlac.com\/semmexico\/wp-json\/wp\/v2\/users\/3"}],"replies":[{"embeddable":true,"href":"https:\/\/redsemlac.com\/semmexico\/wp-json\/wp\/v2\/comments?post=13435"}],"version-history":[{"count":0,"href":"https:\/\/redsemlac.com\/semmexico\/wp-json\/wp\/v2\/posts\/13435\/revisions"}],"wp:featuredmedia":[{"embeddable":true,"href":"https:\/\/redsemlac.com\/semmexico\/wp-json\/wp\/v2\/media\/13436"}],"wp:attachment":[{"href":"https:\/\/redsemlac.com\/semmexico\/wp-json\/wp\/v2\/media?parent=13435"}],"wp:term":[{"taxonomy":"category","embeddable":true,"href":"https:\/\/redsemlac.com\/semmexico\/wp-json\/wp\/v2\/categories?post=13435"},{"taxonomy":"post_tag","embeddable":true,"href":"https:\/\/redsemlac.com\/semmexico\/wp-json\/wp\/v2\/tags?post=13435"}],"curies":[{"name":"wp","href":"https:\/\/api.w.org\/{rel}","templated":true}]}}