{"id":13432,"date":"2019-10-29T21:49:50","date_gmt":"2019-10-29T21:49:50","guid":{"rendered":"https:\/\/redsemlac.com\/semmexico\/?p=13432"},"modified":"2023-07-21T15:13:17","modified_gmt":"2023-07-21T20:13:17","slug":"madres-jovenes-solteras-sordas-que-no-quieren-ser-madres-o-que-necesitan-ayuda","status":"publish","type":"post","link":"https:\/\/redsemlac.com\/semmexico\/madres-jovenes-solteras-sordas-que-no-quieren-ser-madres-o-que-necesitan-ayuda\/","title":{"rendered":"Madres j\u00f3venes, solteras, sordas, que no quieren ser madres o que necesitan ayuda"},"content":{"rendered":"\n<p class=\"wp-block-paragraph\"><strong>Adriana Rocha Pastor<\/strong><\/p>\n\n\n\n<p class=\"wp-block-paragraph\">SemM\u00e9xico\/AmecoPress. Madrid, 29 octubre 2019.-\u00a0Las Maternidades Vulnerables la conforman muchas realidades distintas. El proceso no lo vive igual una joven que quiere abortar porque no puede hacerse cargo del beb\u00e9 que una madre sin recursos econ\u00f3micos ni alojamiento. Tampoco se vive igual la maternidad desde una disfuncionalidad como la sordera o desde una etapa adolescente, casos que se ven abocados a la necesidad de una figura externa que act\u00fae a modo \u201cmuleta\u201d. Esta ma\u00f1ana, al CaixaForum de Madrid, se han acercado diferentes voces; cada una, con una visi\u00f3n que aportar.<\/p>\n\n\n\n<p class=\"wp-block-paragraph\">La jornada arranca con unas palabras de inauguraci\u00f3n por parte de Isabel P. Fuentes, directora del espacio anfitri\u00f3n; Soledad Murillo, profesora de Sociolog\u00eda en la Universidad de Salamanca, secretaria de Estado de Igualdad y parte del Ministerio de la Presidencia, Relaciones con las Cortes e Igualdad; Amaia Echevarr\u00eda, directora de la UNAF (Uni\u00f3n de Asociaciones Familiares) y Elvira M\u00e9ndez, directora general de la Asociaci\u00f3n Salud y Familia.<\/p>\n\n\n\n<p class=\"wp-block-paragraph\">Algo que caracteriza a todas las asociaciones por igual es la diversidad. Sin hacer especial hincapi\u00e9 en ello, las entidades han dejado claro que variables socio-demogr\u00e1ficos no act\u00faan como l\u00edmite restrictivo, sino en ocasiones todo lo contrario. Al fin y al cabo, se trata de grupos sociales que viven la maternidad de diferentes maneras y perciben servicios acorde a su realidad y su necesidad particular.<\/p>\n\n\n\n<h3 class=\"wp-block-heading\">Atenci\u00f3n proelecci\u00f3n a la maternidad vulnerable<\/h3>\n\n\n\n<p class=\"wp-block-paragraph\">Elvira S\u00e1nchez, en la primera intervenci\u00f3n, nos cuenta su experiencia desde Catalu\u00f1a con la Asociaci\u00f3n Salud y Familia. Explica que el enfoque que reciben las mujeres parte de tres conceptos: pro-elecci\u00f3n, equitativo y diverso. Defienden la libre contracepci\u00f3n de emergencia y la libre interrupci\u00f3n del embarazo y lo hacen priorizando la situaci\u00f3n de mujeres y madres de colectivos vulnerables y desfavorecidos. \u201cNo es igual\u201d, dice Elvira M\u00e9ndez, el entorno c\u00f3modo de quien tiene f\u00e1cil acceso a estos servicios que el escenario de \u201ccondiciones adversas\u201d de las que lo tienen m\u00e1s dif\u00edcil.<\/p>\n\n\n\n<p class=\"wp-block-paragraph\">\u201cLas mujeres son las equilibristas que sostienen las familias\u201d, y en esa cuerda floja, cualquier ayuda es positiva. Organizan Grupos de Atenci\u00f3n a la Maternidad a Riesgo, con atenci\u00f3n psicol\u00f3gica en hospitales; Madres entre dos culturas, con diferentes grupos seg\u00fan idioma -donde hay desde hispanohablantes hasta grupos monoculturales con nacionalidades como China, el Magreb o Pakist\u00e1n- y el Programa de Oportunidades, con Grupos de Apoyo y Orientaci\u00f3n a Madres Adolescentes y J\u00f3venes.<\/p>\n\n\n\n<p class=\"wp-block-paragraph\">Hay leyes como la de Gonz\u00e1lez del 91 o, m\u00e1s recientes, la de Zapatero y la de Gallard\u00f3n. La evoluci\u00f3n de la legislaci\u00f3n del aborto es un caso aparte. Elvira ha recordado que el aborto legal \u201cno solo salva vidas, tambi\u00e9n previene el aborto\u201d. Y se basa en las recomendaciones Cochrane, cuya biblioteca puede resolver muchas, muchas dudas. La representante de la entidad catalana ha tratado las diferencias entre los diferentes sistemas sanitarios auton\u00f3micos. Cree que en Madrid, en comparaci\u00f3n a Catalu\u00f1a, hace falta m\u00e1s coordinaci\u00f3n. Explica que en Catalu\u00f1a optan m\u00e1s por la integraci\u00f3n entre las entidades p\u00fablicas y las privadas como forma real de tejer redes estables.<\/p>\n\n\n\n<p class=\"wp-block-paragraph\">En Salud y Familia tambi\u00e9n trabajan la cuesti\u00f3n de la Violencia de G\u00e9nero, entre la pareja, donde optan por la detecci\u00f3n precoz y la ayuda inmediata cuando una usuaria da positivo en el Test XXX. \u201cEs encender continuamente luces en el laberinto de la violencia\u201d, explica Elvira. Todav\u00eda 7 de cada 10 mujeres, a\u00fan reconociendo el problema, aseguran que son capaces de controlarlo por su cuenta, que no necesitan ayuda o que \u201cno es el momento, quiz\u00e1 en un futuro\u201d. Casos que, seguramente, no lleguen a ser denunciados.<\/p>\n\n\n\n<p class=\"wp-block-paragraph\">Mediaci\u00f3n para madres y padres con hijos e hijas adolescentes en situaci\u00f3n de riesgo<br>La sensaci\u00f3n de pertenencia del adolescente es tanta como su ansia de libertad. Es algo que sabe bien Gregorio Gull\u00f3n, responsable del Servicio de Mediaci\u00f3n para Familias con Hijos\/as Adolescentes en UNAF. Integra a cualquier persona de la familia en su c\u00edrculo m\u00e1s cercano, quienes viven en la casa. Las Maternidades Vulnerables son solo una cara de la moneda, algo que Gull\u00f3n critica: \u201cCiertas paternidades que no se sit\u00faan donde se deber\u00edan situar, padres m\u00e1s ausentes, que no se colocan\u201d. M\u00e1s que centrarse en los y las j\u00f3venes, intentan hacer recapacitar al padre y a la madre de la joven: \u201cNosotros, si no vienen, nunca comenzamos\u201d.<\/p>\n\n\n\n<p class=\"wp-block-paragraph\">\u201cNo somos Supernanny, no vamos a redactar relaciones contractuales, nuestro trabajo es algo m\u00e1s complejo\u201d. Su perspectiva entiende lo que caracteriza la adolescencia y tambi\u00e9n la tensi\u00f3n de la madre y\/o el padre que vive con la joven. Las familias suelen llegar con dificultades en la resoluci\u00f3n conjunta de problemas. Una necesidad que se tiene que asentar sobre la capacidad de comunicaci\u00f3n, que a su vez necesita un v\u00ednculo seguro. El problema profesional suele ser intentar resolver la capa 3 sin tocar la 1. Un modelo de apego seguro les hace manejar bien sus relaciones.<\/p>\n\n\n\n<p class=\"wp-block-paragraph\">Optan por modificar ciertos modelos de apego. Los \u201cpatrones educativos, heredados, muy r\u00edgidos, que no les permiten adaptarse a la realidad y necesidad de sus hijos\/as\u201d. Al ayudarles, se alejan de modelos autoritarios donde fueron educados, pero acaban coloc\u00e1ndose en el mismo sitio sin darse cuenta. \u201cSer un padre autoritario y uno permisivo es lo mismo: ninguno de ellos va a poder adaptarse. La mediaci\u00f3n intenta hacer un traje a medida para cada familia, ning\u00fan modelo educativo sirve para todas las familias\u201d, explica Gregorio.<\/p>\n\n\n\n<p class=\"wp-block-paragraph\">\u201cContestar mal, un pu\u00f1etazo a la pared\u2026 Son conductas que a los padres les asustan. Se suelen centrar en cambiar esta conducta concreta, se vuelven miopes a lo que s\u00ed funciona en sus hijos, que se sienten cada vez m\u00e1s incomprendidos y frustrados\u201d. Pero, \u00bfqu\u00e9 herida se esconde tras la conducta? Los padres han de ser contenedores emocionales de sus hijos y figuras de apego seguras para ellos.<\/p>\n\n\n\n<p class=\"wp-block-paragraph\">Es una espiral insana que, sin cambio, no da resultado: no se puede empezar la casa por el tejado. Su organizaci\u00f3n ofrece servicio directo y gratuito por la CCAA de Madrid. \u201c7 o 8 sesiones, suele ser suficiente\u201d, aunque tambi\u00e9n hay casos de duraci\u00f3n prolongada. Atienden a familias derivadas de Servicios Sociales, con rasgos de vulnerabilidad o familias m\u00e1s normativas cuyos padres est\u00e1n \u201casustados\u201d.<\/p>\n\n\n\n<h3 class=\"wp-block-heading\">Madres sordas: doble vulnerabilidad<\/h3>\n\n\n\n<p class=\"wp-block-paragraph\">Laura Hernando es psic\u00f3loga y T\u00e9cnica del \u00c1rea de Investigaci\u00f3n y Materiales en LSE de la LSE (Lengua de Signos Espa\u00f1ola) de la Fundaci\u00f3n Confederaci\u00f3n Estatal de Personas Sordas. Asegura que todas las madres sordas \u201cnecesitan atenci\u00f3n especializada por el tema de la comunicaci\u00f3n\u201d. En Espa\u00f1a, seg\u00fan los \u00faltimos datos del INE, casi 4 millones de personas con distintas discapacidades. 1 mill\u00f3n 64 mil, son personas sordas: el 56% del cual son mujeres\u201d. Explica que las madres sordas en Espa\u00f1a son un grupo muy heterog\u00e9neo en el que variables espec\u00edficas de la sordera influyen sobre las inevitables variables sociodemogr\u00e1ficas.<\/p>\n\n\n\n<p class=\"wp-block-paragraph\">Existe una Ley de la ONU sobre los Derechos de las Personas discapacitadas y otra, a nivel estatal, la Ley 27\/2007, del 23 de octubre (LSE), que versa que las personas sordas no pueden ser discriminadas, ni tratadas desigualmente. Pero del dicho al hecho hay un trecho. Laura Hernando cuenta c\u00f3mo hace poco una jugadora de f\u00fatbol tuvo que quitarse el aud\u00edfono durante un partido por orden directa de los \u00e1rbitros. \u201cComo ellos son quien mandan, pues ya est\u00e1\u201d. Finalmente, se denunci\u00f3 el caso y se fall\u00f3 a favor de la chica, que ahora puede utilizar el aud\u00edfono si quiere. Pero esa injusticia es una valla que se pasan toda la vida saltando. La realidad est\u00e1 lejos de conseguirse.<\/p>\n\n\n\n<p class=\"wp-block-paragraph\">Otro caso dice que una madre sorda llama a un centro sanitario y pide informaci\u00f3n, de la que se pueda enterar, no por tel\u00e9fono. Le preguntan si se puede poner su hija al tel\u00e9fono, de 6 a\u00f1os. Otra madre sorda tuvo que escuchar que no hab\u00eda int\u00e9rprete en un evento porque \u201cno cab\u00eda m\u00e1s gente\u201d. Otro ejemplo es una madre que, tras dar a luz, en la habitaci\u00f3n con el beb\u00e9 reci\u00e9n nacido, tuvo que soportar que las indicaciones m\u00e9dicas las recibiera un familiar en vez de ella. \u201cQue la madre soy yo, que me lo expliques a m\u00ed\u201d, recrea Laura. Y hay otra, con bastante buena lectura labial, que no entendi\u00f3 al m\u00e9dico y le pidi\u00f3 que vocalizara mejor para poder entender sus palabras a trav\u00e9s de sus labios. Se neg\u00f3. Esto son solo ejemplos, casos de fracaso en los que gana la barrera de la comunicaci\u00f3n y quien acaba por no acceder al servicio es la madre sorda. Cualquiera de estas situaciones incide directamente en la autoestima: \u201ccada vez que tienen que hacer algo tienen que luchar por conseguir lo que dictan sus derechos\u201d.<\/p>\n\n\n\n<p class=\"wp-block-paragraph\">La propuesta del colectivo es garantizar pleno acceso a la informaci\u00f3n sobre recursos para madres, incorporar lenguas de signos y subtitulado en campa\u00f1as medi\u00e1ticas, eliminar barreras sonoras en las consultas y las habitaciones de los hospitales y la adaptaci\u00f3n textual, en pro de un lenguaje m\u00e1s sencillo que incorpore elementos visuales para facilitar la comprensi\u00f3n.<\/p>\n\n\n\n<p class=\"wp-block-paragraph\">Las madres sordas tienen derecho a tomar libremente sus decisiones. No hay que hablar directamente al int\u00e9rprete o al hijo\/a. \u201cHace sentir muy mal, inferior, a la mam\u00e1 sorda. Sobre todo, en mujeres mayores, que sienten miedo a que las tomen por tontas. Puede conllevar que se inhiban y se vayan con la consulta con las mismas consultas que llegaron\u201d.<\/p>\n\n\n\n<p class=\"wp-block-paragraph\">As\u00ed que piden m\u00e1s sensibilidad e implicaci\u00f3n por parte de los profesionales que las tratan. \u201cDebido a la falta de posibilidades, se ven obligadas a recurrir a otra persona para conseguir una buena comunicaci\u00f3n con su entorno\u201d. Se convierte en una falta de autonom\u00eda total, falta de intimidad personal. Una de ellas dec\u00eda: \u201cDurante toda mi vida tengo que luchar por mi discapacidad. Un momento tan bonito como la primera ecograf\u00eda, se convierte en una experiencia agridulce\u201d. Se convierte en un tr\u00e1mite de c\u00f3mo hacerse entender con el personal sanitario.<\/p>\n\n\n\n<h3 class=\"wp-block-heading\">An\u00e1lisis de la realidad monomarental&nbsp;<\/h3>\n\n\n\n<p class=\"wp-block-paragraph\">Carmen Flores preside la Federaci\u00f3n de Asociaciones de Madres Solteras, una asociaci\u00f3n que suple algo que no hace la administraci\u00f3n p\u00fablica. Empoderan a las madres solteras en pro de su inclusi\u00f3n social. Meten mano en diferentes \u00e1mbitos: orientaci\u00f3n, informaci\u00f3n, intervenci\u00f3n social-familiar, vivienda, atenci\u00f3n a las necesidades b\u00e1sicas, empleo y formaci\u00f3n, conciliaci\u00f3n, ocio, participaci\u00f3n.<\/p>\n\n\n\n<p class=\"wp-block-paragraph\">Nos explica que durante el franquismo, las madres que ten\u00edan hijos extramatrimoniales eran metidas en entidades del Patronato de Mujeres Solteras o derivadas a entidades religiosas para \u201cencarrilarlas\u201d. Afortunadamente, la cosa ha evolucionado. En 2018, atendieron a 692 mujeres asesoradas por primera vez, 272 asesoramientos fueron presenciales y otros 420, por RRSS o por tel\u00e9fono. En Espa\u00f1a, se contabilizan 1.878.500 familias monoparentales, el 83% de las cuales est\u00e1n encabezados por mujeres: familias monomarentales. Son un 10,7% del c\u00f3mputo total de familias en el territorio y, de todas ellas (1.529.900), el 65% confirma tener problemas para llegar a final de mes.<\/p>\n\n\n\n<p class=\"wp-block-paragraph\">Se desprotege la infancia si no se tiene en cuenta la existencia de familias monomarentales. Y ahora mismo, la estabilidad de una familia monomarental depende de sus recursos propios, por lo que piden m\u00e1s pol\u00edticas p\u00fablicas.<\/p>\n\n\n\n<p class=\"wp-block-paragraph\">Convivencia, empleo y ahorra son los tres elementos determinantes para lograrlo. El \u00c1rea de Vivienda de su asociaci\u00f3n es una de las m\u00e1s importantes: \u201cAlquilar es caro, comprar, ya no os quiero contar para una persona sola, es mucho m\u00e1s dif\u00edcil\u201d. El proyecto de Bolsa de Vivienda Compartida que promueven acogi\u00f3 el a\u00f1o pasado a 70 familias monomarentales. En esta l\u00ednea, desarrollan un Taller de Convivencia que detecta, previene o soluciona los problemas que puedan surgir. Otro programa gestiona las situaciones m\u00e1s vulnerables mediante pisos de acogida temporal o atenci\u00f3n a necesidades b\u00e1sicas: banco de alimentos, servicio de donaci\u00f3n de ropa y mobiliario infantil. Con tal abanico, por supuesto, tambi\u00e9n cuentan con actividades pro-empleo.<\/p>\n\n\n\n<p class=\"wp-block-paragraph\">La mayor\u00eda de las mujeres que atienden ronda de 30 a\u00f1os, el 59% son espa\u00f1olas o tenen permiso de trabajo. El nivel de ingresos m\u00e1s habitual menos de 900 euros. \u201cQue alguien me diga, con menos de 900 euros, c\u00f3mo se puede sostener una familia\u201d.<\/p>\n\n\n\n<h3 class=\"wp-block-heading\">Programa Preinfant de acompa\u00f1amiento a la maternidad<\/h3>\n\n\n\n<p class=\"wp-block-paragraph\">Arantxa D\u00edez coordina el programa p\u00fablico y gratuito Preinfant Madrid, de la Asociaci\u00f3n Bienestar y Desarrollo (ABD). Su trabajo consiste en intentar hacer un poco mejor la vida de las familias. \u201cDamos soporte a la madre, protegiendo as\u00ed a salud f\u00edsica y ps\u00edquica del beb\u00e9\u201d.<\/p>\n\n\n\n<p class=\"wp-block-paragraph\">Suelen reunir 3 o m\u00e1s criterios de vulnerabilidad. Casi todas coinciden en no tener recursos econ\u00f3micos (66%) y no tener apoyo familiar (53%). Otros son la violaci\u00f3n en la relaci\u00f3n de pareja (22%), violencia en la familia de origen (32%), ser menor de 21 a\u00f1os (27%) o tener problemas de salud mental (16%). \u201cEs dif\u00edcil sostener una maternidad, todav\u00eda m\u00e1s dif\u00edcil cuando son adversas las condiciones que nos rodean\u201d, explica Arantxa.<\/p>\n\n\n\n<p class=\"wp-block-paragraph\">\u201cNo es que haya una relaci\u00f3n directa entre estas dificultades y el maltrato infantil\u201d, puntualiza la representante de ABD. Pero s\u00ed es cierto que la OMS ubica como factor de riesgo del maltrato infantil las dificultades de las personas adultas de su entorno. Ellas, este a\u00f1o, han trabajado con 73 familias: 73 mujeres -de 14 a 42 como media de edad-, son 61 beb\u00e9s que han visto nacer. 59 de las madres eran primerizas. El 34&nbsp;% trabaja Todas ellas en trabajos precarios, sin contrato, temporales, parciales\u2026 muchas de ellas pierden el trabajo cuando saben que est\u00e1n embarazadas, algo que Arantxa D\u00edez est\u00e1 tratando de demostrar, seg\u00fan nos cuenta.<\/p>\n\n\n\n<p class=\"wp-block-paragraph\">En ABD apuestan por ellas, por su capacidad como madres. Sus situaciones adversas no quitan que no puedan ser \u201cbuenas madres\u201d, importante: aqu\u00ed hace comillas con las manos. No son moralistas, ni paternalistas, no estigmatizan\u2026 Su enfoque.filosof\u00eda-metodolog\u00eda es distinto. El acompa\u00f1amiento a la maternidad es psicol\u00f3gico-informativo en la etapa prenatal y se transforma en el parto, \u201cun momento en s\u00ed mismo, la clave, el principio de todo, cuando se va a iniciar el v\u00ednculo\u201d. Para ellas, es importante estar presentes en el parto, aunque si hay una pareja o familiar que vaya a dar la mano, le dejan ese espacio. Si no, la mano la pone la ONG. Y siguen en el posparto, esos primeros meses posteriores: la presencia en el domicilio es m\u00e1s intensa, se est\u00e1n reestructurando los roles tradicionales. La ayuda depende de cu\u00e1ndo acuda la madre a la organizaci\u00f3n. La jornada cierra con el testimonio de Jenny, quien lo que m\u00e1s destaca es esa ayuda psicol\u00f3gica: \u201cseguridad de mujer, de madre, como amiga, quererme yo\u201d.<br><\/p>\n","protected":false},"excerpt":{"rendered":"<p>Unaf organiza la jornada \u2018Maternidades vulnerables\u2019<\/p>\n","protected":false},"author":3,"featured_media":13433,"comment_status":"open","ping_status":"open","sticky":false,"template":"","format":"standard","meta":{"_monsterinsights_skip_tracking":false,"footnotes":""},"categories":[690,53],"tags":[],"class_list":["post-13432","post","type-post","status-publish","format-standard","has-post-thumbnail","category-690","category-internacional"],"_links":{"self":[{"href":"https:\/\/redsemlac.com\/semmexico\/wp-json\/wp\/v2\/posts\/13432","targetHints":{"allow":["GET"]}}],"collection":[{"href":"https:\/\/redsemlac.com\/semmexico\/wp-json\/wp\/v2\/posts"}],"about":[{"href":"https:\/\/redsemlac.com\/semmexico\/wp-json\/wp\/v2\/types\/post"}],"author":[{"embeddable":true,"href":"https:\/\/redsemlac.com\/semmexico\/wp-json\/wp\/v2\/users\/3"}],"replies":[{"embeddable":true,"href":"https:\/\/redsemlac.com\/semmexico\/wp-json\/wp\/v2\/comments?post=13432"}],"version-history":[{"count":0,"href":"https:\/\/redsemlac.com\/semmexico\/wp-json\/wp\/v2\/posts\/13432\/revisions"}],"wp:featuredmedia":[{"embeddable":true,"href":"https:\/\/redsemlac.com\/semmexico\/wp-json\/wp\/v2\/media\/13433"}],"wp:attachment":[{"href":"https:\/\/redsemlac.com\/semmexico\/wp-json\/wp\/v2\/media?parent=13432"}],"wp:term":[{"taxonomy":"category","embeddable":true,"href":"https:\/\/redsemlac.com\/semmexico\/wp-json\/wp\/v2\/categories?post=13432"},{"taxonomy":"post_tag","embeddable":true,"href":"https:\/\/redsemlac.com\/semmexico\/wp-json\/wp\/v2\/tags?post=13432"}],"curies":[{"name":"wp","href":"https:\/\/api.w.org\/{rel}","templated":true}]}}