{"id":13429,"date":"2019-10-29T19:23:18","date_gmt":"2019-10-29T19:23:18","guid":{"rendered":"https:\/\/redsemlac.com\/semmexico\/?p=13429"},"modified":"2023-07-21T15:13:17","modified_gmt":"2023-07-21T20:13:17","slug":"hasta-que-la-dignidad-se-haga-costumbre-la-frase-para-erradicar-la-violencia-feminicida-ongs","status":"publish","type":"post","link":"https:\/\/redsemlac.com\/semmexico\/hasta-que-la-dignidad-se-haga-costumbre-la-frase-para-erradicar-la-violencia-feminicida-ongs\/","title":{"rendered":"Hasta que la dignidad se haga costumbre, la frase para erradicar la violencia feminicida: ONGS"},"content":{"rendered":"\n<ul class=\"wp-block-list\"><li><strong>Perspectiva de g\u00e9nero en la sentencia por feminicidio de Lesvy Berl\u00edn Rivera Osorio<\/strong><\/li><\/ul>\n\n\n\n<p class=\"wp-block-paragraph\"><strong>Elda Montiel<\/strong><\/p>\n\n\n\n<p class=\"wp-block-paragraph\">SemM\u00e9xico. Cd. de M\u00e9xico. 29 de octubre de 2019.- Las organizaciones acompa\u00f1antes en el caso del feminicidio de Lesvy Berl\u00edn Rivera Osorio celebran el fallo del Tribunal de Enjuiciamiento del Sistema Procesal Penal Acusatorio de la Ciudad de M\u00e9xico y la incorporaci\u00f3n de la perspectiva de g\u00e9nero, la cual dicta 45 a\u00f1os de prisi\u00f3n por el delito de feminicidio agravado contra Jorge Luis Gonz\u00e1lez Hern\u00e1ndez, quien era pareja de la joven.<\/p>\n\n\n\n<p class=\"wp-block-paragraph\">El d\u00eda jueves 24 de octubre de 2019, el Tribunal dio lectura final y explicaci\u00f3n de la sentencia en torno al caso, y las razones de g\u00e9nero reconocidas fueron: haberse infligido lesiones infamantes; haber existido datos que establecieron que se cometi\u00f3 violencia del sujeto activo contra la v\u00edctima, y haber expuesto el cuerpo de la joven en un lugar p\u00fablico, como lo es Ciudad Universitaria.&nbsp;&nbsp;<\/p>\n\n\n\n<p class=\"wp-block-paragraph\">Adem\u00e1s, se acredit\u00f3 la relaci\u00f3n sentimental entre Lesvy y su agresor, por lo que tambi\u00e9n se actualiz\u00f3 la agravante del delito.<\/p>\n\n\n\n<p class=\"wp-block-paragraph\">Se\u00f1alaron, en un comunicado, el Observatorio Ciudadano Nacional del Feminicidio (OCNF), Justicia Pro Persona A.C, Cat\u00f3licas por el Derecho a Decidir A.C., el Centro de Derechos Fray Francisco de Vitoria, O.P, A.C. y la Red Nacional de Organismos Civiles de Derechos Humanos Todos los Derechos Para Todos (RED TDT).&nbsp;<\/p>\n\n\n\n<p class=\"wp-block-paragraph\">Los familiares y organizaciones acompa\u00f1antes, apelar\u00e1n la reparaci\u00f3n integral del da\u00f1o para que \u00e9sta sea garantizada bajo los m\u00e1s altos est\u00e1ndares internacionales en materia de derechos humanos.<\/p>\n\n\n\n<p class=\"wp-block-paragraph\">Las organizaciones reconocen a los jueces integrantes del Tribunal:&nbsp;&nbsp;Jos\u00e9 Juan P\u00e9rez Soto, Octavio Israel Ceballos Orozco y Adolfo Rodr\u00edguez Campuzano, por identificar las razones de g\u00e9nero que permitieron deliberar el delito como feminicidio.<\/p>\n\n\n\n<p class=\"wp-block-paragraph\">Asimismo destacan que con esta sentencia, el Tribunal actu\u00f3 conforme al llamado de la Suprema Corte de Justicia de la Naci\u00f3n (SCJN) en el que advierte que el Poder Judicial debe: \u201cimpartir justicia sobre la base del reconocimiento de la particular situaci\u00f3n de desventaja en la cual hist\u00f3ricamente se han encontrado las mujeres\u201d [&#8230;] -por lo que- \u201cla obligaci\u00f3n de juzgar con perspectiva de g\u00e9nero exige a quienes imparten justicia que act\u00faen remediando los potenciales efectos discriminatorios que el ordenamiento jur\u00eddico y las pr\u00e1cticas institucionales pueden tener en detrimento de las personas, principalmente de las mujeres\u201d.<\/p>\n\n\n\n<p class=\"wp-block-paragraph\">Las&nbsp;organizaciones defensoras de los derechos de las mujeres, hacen un reconocimiento especial a los padres de Lesvy, quienes a pesar de la p\u00e9rdida irreparable continuaron con la exigencia de justicia, convirti\u00e9ndose en nuestro motor y gu\u00eda, as\u00ed como un referente en la exigencia de justicia a nivel nacional.<\/p>\n\n\n\n<p class=\"wp-block-paragraph\">Asimismo, reconocieron y agradecieron la presencia siempre amorosa y solidaria de las colectivas feministas, familiares de v\u00edctimas, especialistas, medios de comunicaci\u00f3n defensoras de derechos humanos y organizaciones de la sociedad civil, que hasta el \u00faltimo paso han estado presentes.<\/p>\n\n\n\n<p class=\"wp-block-paragraph\">SEM\/gr\u00a0<\/p>\n","protected":false},"excerpt":{"rendered":"<p>Perspectiva de g\u00e9nero en la sentencia por feminicidio de Lesvy Berl\u00edn Rivera Osorio<\/p>\n","protected":false},"author":3,"featured_media":13430,"comment_status":"open","ping_status":"open","sticky":false,"template":"","format":"standard","meta":{"_monsterinsights_skip_tracking":false,"footnotes":""},"categories":[690,54],"tags":[],"class_list":["post-13429","post","type-post","status-publish","format-standard","has-post-thumbnail","category-690","category-mujeres"],"_links":{"self":[{"href":"https:\/\/redsemlac.com\/semmexico\/wp-json\/wp\/v2\/posts\/13429","targetHints":{"allow":["GET"]}}],"collection":[{"href":"https:\/\/redsemlac.com\/semmexico\/wp-json\/wp\/v2\/posts"}],"about":[{"href":"https:\/\/redsemlac.com\/semmexico\/wp-json\/wp\/v2\/types\/post"}],"author":[{"embeddable":true,"href":"https:\/\/redsemlac.com\/semmexico\/wp-json\/wp\/v2\/users\/3"}],"replies":[{"embeddable":true,"href":"https:\/\/redsemlac.com\/semmexico\/wp-json\/wp\/v2\/comments?post=13429"}],"version-history":[{"count":0,"href":"https:\/\/redsemlac.com\/semmexico\/wp-json\/wp\/v2\/posts\/13429\/revisions"}],"wp:featuredmedia":[{"embeddable":true,"href":"https:\/\/redsemlac.com\/semmexico\/wp-json\/wp\/v2\/media\/13430"}],"wp:attachment":[{"href":"https:\/\/redsemlac.com\/semmexico\/wp-json\/wp\/v2\/media?parent=13429"}],"wp:term":[{"taxonomy":"category","embeddable":true,"href":"https:\/\/redsemlac.com\/semmexico\/wp-json\/wp\/v2\/categories?post=13429"},{"taxonomy":"post_tag","embeddable":true,"href":"https:\/\/redsemlac.com\/semmexico\/wp-json\/wp\/v2\/tags?post=13429"}],"curies":[{"name":"wp","href":"https:\/\/api.w.org\/{rel}","templated":true}]}}