{"id":13427,"date":"2019-10-29T19:16:38","date_gmt":"2019-10-29T19:16:38","guid":{"rendered":"https:\/\/redsemlac.com\/semmexico\/?p=13427"},"modified":"2023-07-21T15:13:17","modified_gmt":"2023-07-21T20:13:17","slug":"opinion-193","status":"publish","type":"post","link":"https:\/\/redsemlac.com\/semmexico\/opinion-193\/","title":{"rendered":"Textura Violeta"},"content":{"rendered":"\n<h2 class=\"wp-block-heading\"><strong>Soluciones a pu\u00f1etes. As\u00ed no, dirigencia irresponsable<\/strong><\/h2>\n\n\n\n<ul class=\"wp-block-list\"><li><strong>Convocatoria a que las mujeres bolivianas se organicen para dar respuesta a crisis postelectoral<\/strong><\/li><\/ul>\n\n\n\n<p class=\"wp-block-paragraph\"> <strong>Drina Ergueta<\/strong><\/p>\n\n\n\n<p class=\"wp-block-paragraph\">SemM\u00e9xico.&nbsp;La Paz-Bolivia.&nbsp;29 de octubre de 2019. Quien cumple un rol dirigencial tiene, por mandato formal o delegaci\u00f3n popular de liderazgo, la responsabilidad de las decisiones que toma a la hora de guiar a las personas que representa. En el caso de Bolivia, tras los cuestionados resultados de las Elecciones del pasado 20 de octubre, esta dirigencia ha estado muy alejada de hacer llamados a la paz o a la cordura.<\/p>\n\n\n\n<p class=\"wp-block-paragraph\">Este fin de semana el presidente Evo Morales convoc\u00f3 a quienes le siguen, principalmente gente campesina, a movilizarse y cercar las ciudades para hacer respetar el voto y aplacar el que llama \u201cgolpe de estado\u201d que estar\u00eda gestando la oposici\u00f3n. De igual manera, d\u00edas antes, el candidato opositor con mayor votaci\u00f3n, Carlos Mesa, y l\u00edderes c\u00edvicos y regionales han llamado a la movilizaci\u00f3n popular para, tambi\u00e9n, defender el voto y la democracia.<\/p>\n\n\n\n<p class=\"wp-block-paragraph\">Cabe recordar que, en estas elecciones como en anteriores, la presencia masculina en las candidaturas ha sido abrumadora y tambi\u00e9n lo es ahora, en esta coyuntura de enfrentamiento, donde, si bien hay una gran movilizaci\u00f3n de mujeres en las calles y carreteras desde ambas partes, los liderazgos y el tono de las decisiones son masculinas: la de arreglarlo todo a pu\u00f1etes. \u00a1Qu\u00e9 mal! \u00a1Qu\u00e9 irresponsables!<\/p>\n\n\n\n<p class=\"wp-block-paragraph\">Hasta la madrugada del lunes, de milagro no se ha registrado alguna muerte; s\u00ed hubo enfrentamientos violentos en algunos puntos del pa\u00eds tras una semana de marchas, bloqueos e incendios de algunas instituciones ocurridos principalmente en las ciudades. Hasta este domingo, hubo una m\u00ednima participaci\u00f3n de campesinos que este lunes se sumaba a una especie de enfrentamiento entre campo y ciudad que hace temer por las consecuencias.<\/p>\n\n\n\n<p class=\"wp-block-paragraph\">Tambi\u00e9n se produce una gran batalla entre los bandos opuestos en las redes sociales, donde priman las noticias falsas, los insultos lanzados con facilidad e impunidad, las agresivas presiones para posicionarse en alg\u00fan bando y la intolerancia a opiniones contrarias. El problema es que lo que ocurre en espacios online, donde se calientan los \u00e1nimos, se reflejan en las decisiones y en la calle. Pocos llamados a la raz\u00f3n o a la b\u00fasqueda de medidas alternativas y sensatas.<\/p>\n\n\n\n<p class=\"wp-block-paragraph\">La feminista Mar\u00eda Galindo, representante de Mujeres Creando, ha hecho una convocatoria para que se \u201cpropongan salidas desde las mujeres en rebeld\u00eda\u201d y tambi\u00e9n a \u201chombres que no se sientan representados por la pugna del poder y por la fascistizaci\u00f3n del pa\u00eds\u201d. Algunas organizaciones de mujeres y mujeres a t\u00edtulo personal han respondido que est\u00e1n dispuestas a participar en la b\u00fasqueda de una salida a la situaci\u00f3n del pa\u00eds.<\/p>\n\n\n\n<p class=\"wp-block-paragraph\">Este tipo de iniciativas son las que se deben llevar a cabo y reproducir.&nbsp;<\/p>\n\n\n\n<p class=\"wp-block-paragraph\">Es evidente que la popularidad de Evo Morales ha bajado, que ya no tiene una mayor\u00eda abrumadora que le vote, que hay descontento y que uno de sus principales fallos ha sido no aceptar el resultado del refer\u00e9ndum de 2017 que le neg\u00f3 una reelecci\u00f3n. \u00c9l ha desconocido un resultado y hoy la oposici\u00f3n no le reconoce una victoria en primera vuelta con el argumento de un fraude en las elecciones.<\/p>\n\n\n\n<p class=\"wp-block-paragraph\">A estas alturas, las mentiras y verdades est\u00e1n confusas. La oposici\u00f3n ha logrado sembrar la duda sobre la transparencia de las elecciones. En eso s\u00ed que han ganado.<\/p>\n\n\n\n<p class=\"wp-block-paragraph\">Tanto quienes apoyan a Evo Morales como quienes le rechazan deben reconocerse como tales, deben aceptar que existen y que ambas partes tienen derecho al voto y a sus representantes. Sobre esa base se debe ir hacia adelante, ya sea aceptando los resultados de las elecciones previa verificaci\u00f3n de sus resultados y haciendo las depuraciones que correspondan, o ya sea volviendo a llamar a elecciones con un Tribunal Electoral que d\u00e9 confianza y garant\u00edas.<\/p>\n\n\n\n<p class=\"wp-block-paragraph\">Se debe buscar la pacificaci\u00f3n del pa\u00eds y el respeto a quien no piensa igual que uno, esa es la democracia. En esto, las mujeres tienen capacidades sociales m\u00e1s desarrolladas por el rol que hist\u00f3ricamente se le ha dado a este g\u00e9nero.&nbsp;<\/p>\n\n\n\n<p class=\"wp-block-paragraph\">Por ello, me sumo al llamado a que sean las mujeres las que tengan un rol protag\u00f3nico en este momento, para que desde sus espacios se organicen y busquen soluciones y no enfrentamientos, para que asuman liderazgos y resuelvan.&nbsp;<\/p>\n\n\n\n<p class=\"wp-block-paragraph\">&nbsp;SEM\/gr&nbsp;<\/p>\n","protected":false},"excerpt":{"rendered":"<p>Soluciones a pu\u00f1etes. As\u00ed no, dirigencia irresponsable<\/p>\n","protected":false},"author":3,"featured_media":8467,"comment_status":"open","ping_status":"open","sticky":false,"template":"","format":"standard","meta":{"_monsterinsights_skip_tracking":false,"footnotes":""},"categories":[690,77,102],"tags":[],"class_list":["post-13427","post","type-post","status-publish","format-standard","has-post-thumbnail","category-690","category-drina-ergueta","category-textura-violeta"],"_links":{"self":[{"href":"https:\/\/redsemlac.com\/semmexico\/wp-json\/wp\/v2\/posts\/13427","targetHints":{"allow":["GET"]}}],"collection":[{"href":"https:\/\/redsemlac.com\/semmexico\/wp-json\/wp\/v2\/posts"}],"about":[{"href":"https:\/\/redsemlac.com\/semmexico\/wp-json\/wp\/v2\/types\/post"}],"author":[{"embeddable":true,"href":"https:\/\/redsemlac.com\/semmexico\/wp-json\/wp\/v2\/users\/3"}],"replies":[{"embeddable":true,"href":"https:\/\/redsemlac.com\/semmexico\/wp-json\/wp\/v2\/comments?post=13427"}],"version-history":[{"count":0,"href":"https:\/\/redsemlac.com\/semmexico\/wp-json\/wp\/v2\/posts\/13427\/revisions"}],"wp:featuredmedia":[{"embeddable":true,"href":"https:\/\/redsemlac.com\/semmexico\/wp-json\/wp\/v2\/media\/8467"}],"wp:attachment":[{"href":"https:\/\/redsemlac.com\/semmexico\/wp-json\/wp\/v2\/media?parent=13427"}],"wp:term":[{"taxonomy":"category","embeddable":true,"href":"https:\/\/redsemlac.com\/semmexico\/wp-json\/wp\/v2\/categories?post=13427"},{"taxonomy":"post_tag","embeddable":true,"href":"https:\/\/redsemlac.com\/semmexico\/wp-json\/wp\/v2\/tags?post=13427"}],"curies":[{"name":"wp","href":"https:\/\/api.w.org\/{rel}","templated":true}]}}