{"id":13424,"date":"2019-10-29T19:08:28","date_gmt":"2019-10-29T19:08:28","guid":{"rendered":"https:\/\/redsemlac.com\/semmexico\/?p=13424"},"modified":"2023-07-21T15:13:18","modified_gmt":"2023-07-21T20:13:18","slug":"declaran-culpable-de-lesiones-calificadas-a-agresor-de-la-dra-peniche-quintal","status":"publish","type":"post","link":"https:\/\/redsemlac.com\/semmexico\/declaran-culpable-de-lesiones-calificadas-a-agresor-de-la-dra-peniche-quintal\/","title":{"rendered":"Declaran culpable de lesiones calificadas a agresor de la Dra. Peniche Quintal"},"content":{"rendered":"\n<p class=\"wp-block-paragraph\"><strong>No por homicidio calificado en grado de tentativa, como se demandaba<\/strong><\/p>\n\n\n\n<p class=\"wp-block-paragraph\"><strong>Redacci\u00f3n Por Esto<\/strong><\/p>\n\n\n\n<p class=\"wp-block-paragraph\">SemM\u00e9xico\/Por Esto!.  29 de octubre 2019.- En la audiencia de alegatos, el Tribunal declar\u00f3 ayer culpable por el delito de lesiones calificadas y no por homicidio calificado en grado de tentativa al agresor de la Dra. Sandra Peniche Quintal.<br><\/p>\n\n\n\n<p class=\"wp-block-paragraph\">En la audiencia, la Fiscal\u00eda solicit\u00f3 al Tribunal de Enjuiciamiento que se le condenara como culpable al agresor por las lesiones calificadas de las que hab\u00eda sido v\u00edctima la Dra. Peniche Quintal; por su parte, la asesor\u00eda de la v\u00edctima solicit\u00f3 que se reclasificara a homicidio calificado en grado de tentativa.<br><\/p>\n\n\n\n<p class=\"wp-block-paragraph\">La Dra. Peniche Quintal tambi\u00e9n rindi\u00f3 sus propios alegatos y se\u00f1al\u00f3 las razones por las cuales se corroboraba la responsabilidad del acusado como quien intent\u00f3 privarla de la vida; asimismo le dijo al Tribunal la forma en que este desafortunado evento repercuti\u00f3 no s\u00f3lo en su integridad personal y su cotidianeidad, sino tambi\u00e9n en su labor como defensora de derechos humanos.<br><\/p>\n\n\n\n<p class=\"wp-block-paragraph\">La defensa solicitaba que se absolviera a su representado puesto que desde su perspectiva s\u00f3lo se trat\u00f3 de unos \u201craspones y moretones\u201d.<br>Posterior al an\u00e1lisis, el Tribunal deliber\u00f3 la culpabilidad del acusado por lo ocurrido y determin\u00f3 que se trat\u00f3 de lesiones calificadas, es decir, de actos que trajeron como consecuencia la afectaci\u00f3n a la salud corporal de la v\u00edctima y que se cometieron con premeditaci\u00f3n, ventaja, alevos\u00eda y\/o traici\u00f3n, pero que no ten\u00edan como prop\u00f3sito, seg\u00fan los juzgadores, terminar con la vida de la Dra. Sandra Peniche.<br><\/p>\n\n\n\n<p class=\"wp-block-paragraph\">Las instancias de procuraci\u00f3n y administraci\u00f3n de justicia tienen como prop\u00f3sito lo que su naturaleza nombra, es decir, buscar justicia para las v\u00edctimas, pero \u00bfqu\u00e9 pasa cuando en casos, como el de la Dra. Peniche Quintal, se logra una sentencia condenatoria pero por un delito menor del que fue objeto? Claramente no se alcanza el prop\u00f3sito y se da un paso a la impunidad porque se legitima la desvalorizaci\u00f3n de lo que ocurrido. En otras palabras, es tanto como decirle a las v\u00edctimas que s\u00ed les pas\u00f3 lo que les pas\u00f3 pero que no es para tanto, y que por ello se va a se\u00f1alar que el agresor cometi\u00f3 una falta, que incurri\u00f3 en un delito, pero que ese actuar no es tan grave.<br><\/p>\n\n\n\n<p class=\"wp-block-paragraph\">Entonces le da una carta en blanco para que incremente su violencia porque intentar asesinar a una persona puede equivaler para quienes se ostentan como expertos en derecho y como la m\u00e1xima autoridad de impartici\u00f3n de justicia, a unas lesiones calificadas con una sanci\u00f3n no m\u00e1xima a 8 meses de pena de prisi\u00f3n.<br>La Fiscal\u00eda discrecionalmente crey\u00f3 que fue suficiente su investigaci\u00f3n, pero en contraste con lo acontecido esto fue equivalente a no investigar, puesto que no se desentra\u00f1\u00f3 el origen de la agresi\u00f3n en contra de la Dra. Peniche Quintal. Las inc\u00f3gnitas siguen vigentes \u00bfeste ataque tiene relaci\u00f3n con las agresiones que d\u00edas previos la doctora hab\u00eda recibido, a qui\u00e9n se busca y se ha logrado proteger?<br><\/p>\n\n\n\n<p class=\"wp-block-paragraph\">Ahora falta esperar la individualizaci\u00f3n de la sanci\u00f3n, es decir, saber a cu\u00e1ntos meses de reclusi\u00f3n equivaldr\u00e1n eso que ellos llaman lesiones pero que puso en riesgo la vida, la integridad y la seguridad de la doctora, que no podr\u00e1 exceder de los 8 meses puesto que esa es la sanci\u00f3n m\u00e1xima que marca la legislaci\u00f3n penal. A la sanci\u00f3n impuesta deber\u00e1n restarle el a\u00f1o 7 meses que el agresor ha pasado en el hospital psiqui\u00e1trico.<br><\/p>\n\n\n\n<p class=\"wp-block-paragraph\">Lo que son las cosas, el Estado al legitimar la injusticia le quedar\u00e1 a deber m\u00e1s al agresor que a la v\u00edctima. <\/p>\n","protected":false},"excerpt":{"rendered":"<p>No por homicidio calificado en grado de tentativa, como se demandaba<\/p>\n","protected":false},"author":3,"featured_media":13425,"comment_status":"open","ping_status":"open","sticky":false,"template":"","format":"standard","meta":{"_monsterinsights_skip_tracking":false,"footnotes":""},"categories":[690,56],"tags":[],"class_list":["post-13424","post","type-post","status-publish","format-standard","has-post-thumbnail","category-690","category-redes"],"_links":{"self":[{"href":"https:\/\/redsemlac.com\/semmexico\/wp-json\/wp\/v2\/posts\/13424","targetHints":{"allow":["GET"]}}],"collection":[{"href":"https:\/\/redsemlac.com\/semmexico\/wp-json\/wp\/v2\/posts"}],"about":[{"href":"https:\/\/redsemlac.com\/semmexico\/wp-json\/wp\/v2\/types\/post"}],"author":[{"embeddable":true,"href":"https:\/\/redsemlac.com\/semmexico\/wp-json\/wp\/v2\/users\/3"}],"replies":[{"embeddable":true,"href":"https:\/\/redsemlac.com\/semmexico\/wp-json\/wp\/v2\/comments?post=13424"}],"version-history":[{"count":0,"href":"https:\/\/redsemlac.com\/semmexico\/wp-json\/wp\/v2\/posts\/13424\/revisions"}],"wp:featuredmedia":[{"embeddable":true,"href":"https:\/\/redsemlac.com\/semmexico\/wp-json\/wp\/v2\/media\/13425"}],"wp:attachment":[{"href":"https:\/\/redsemlac.com\/semmexico\/wp-json\/wp\/v2\/media?parent=13424"}],"wp:term":[{"taxonomy":"category","embeddable":true,"href":"https:\/\/redsemlac.com\/semmexico\/wp-json\/wp\/v2\/categories?post=13424"},{"taxonomy":"post_tag","embeddable":true,"href":"https:\/\/redsemlac.com\/semmexico\/wp-json\/wp\/v2\/tags?post=13424"}],"curies":[{"name":"wp","href":"https:\/\/api.w.org\/{rel}","templated":true}]}}