{"id":13404,"date":"2019-10-29T01:06:23","date_gmt":"2019-10-29T01:06:23","guid":{"rendered":"https:\/\/redsemlac.com\/semmexico\/?p=13404"},"modified":"2023-07-21T15:13:18","modified_gmt":"2023-07-21T20:13:18","slug":"mexico-merece-un-congreso-independiente-y-autonomo","status":"publish","type":"post","link":"https:\/\/redsemlac.com\/semmexico\/mexico-merece-un-congreso-independiente-y-autonomo\/","title":{"rendered":"M\u00e9xico merece un Congreso independiente y aut\u00f3nomo"},"content":{"rendered":"\n<ul class=\"wp-block-list\"><li>Presenta Martha Tagle su informe de actividades<\/li><li>Destaca la labor del movimiento feminista mexicano<\/li><\/ul>\n\n\n\n<p class=\"wp-block-paragraph\"><strong>Lorena Vaniezcot<\/strong><br> SemM\u00e9xico, Cd. de M\u00e9xico, 28 octubre 2019.- La diputada Martha Tagle Mart\u00ednez del Partido Movimiento Ciudadano, se\u00f1al\u00f3 que, de las mil 400 iniciativas presentadas en los dos periodos ordinarios y cuatro extraordinarios en la C\u00e1mara de Diputados, solo llegaron al pleno para ser discutidos y aprobados aquellos temas prioritarios para el Ejecutivo federal.<\/p>\n\n\n\n<p class=\"wp-block-paragraph\">Al presentar su primer informe del Primer a\u00f1o de ejercicio de la 64 legislatura, Tagle Mart\u00ednez apunt\u00f3 que ese dato refleja parte importante del quehacer parlamentario, sin embargo, la ciudadan\u00eda merece un Congreso que realmente trabaje bajo los principios de independencia y autonom\u00eda respecto a los otros poderes de la Uni\u00f3n y, sobre todo, responda a las grandes problem\u00e1ticas que vive el pa\u00eds.<\/p>\n\n\n\n<p class=\"wp-block-paragraph\">Ante diputadas de distintas fracciones parlamentarias, entre ellas la vicepresidenta del Congreso, Dulce Mar\u00eda Sauri Riancho, a quien destac\u00f3 por ser una de las once gobernadoras que ha habido en el pa\u00eds, as\u00ed como a Cecilia Soto, ex candidata a la presidencia del pa\u00eds, la legisladora afirm\u00f3 que el trabajo legislativo en el Congreso federal es mucho m\u00e1s de lo que se ve desde la tribuna, en cada reforma, modificaci\u00f3n o adici\u00f3n hay una gran historia que contar.<\/p>\n\n\n\n<p class=\"wp-block-paragraph\">En su lectura, confes\u00f3 que en m\u00e1s de una ocasi\u00f3n ha estado a punto de tirar la toalla, \u201cpero por mi mente pasan los innumerables pendientes, compromisos y la confianza y el acompa\u00f1amiento que me han dado organizaciones feministas, especialistas aliadas y ciudadan\u00eda en general.<\/p>\n\n\n\n<p class=\"wp-block-paragraph\">\u201cEs por eso que cada ma\u00f1ana vuelvo a tomar aire, para ir por un nuevo d\u00eda, por una batalla m\u00e1s, por una palabra que puede cambiar el sentido de las cosas y por esa palabra vale la pena trabajar\u201d.<\/p>\n\n\n\n<p class=\"wp-block-paragraph\">La dos veces diputada federal y senadora suplente por casi dos a\u00f1os, refiri\u00f3 que ha sido una privilegiada y asegur\u00f3 que es una mujer de causas no de banderas. <\/p>\n\n\n\n<p class=\"wp-block-paragraph\">M\u00e1s adelante sostuvo que esta legislatura ha tocado y trastocado temas como la Ley Org\u00e1nica de la Admiraci\u00f3n P\u00fablica Federal, el Fuero e Inmunidad Procesal, Revocaci\u00f3n de Mandato y Consulta Popular, Extinci\u00f3n de Dominio, el Presupuesto de Egresos, la Guardia Nacional y la Reforma Educativa.<\/p>\n\n\n\n<p class=\"wp-block-paragraph\">Asegur\u00f3 que la 64 Legislatura pasar\u00e1 a la historia por su conformaci\u00f3n de casi 50 por ciento de mujeres y el 50 por ciento de hombres, quienes han logrado incidir para avances como el reconocimiento de los derechos de las trabajadoras y trabajadores del hogar, la paridad en todo y el hecho de que hoy, est\u00e9n al frente, mujeres en ambas C\u00e1maras y tambi\u00e9n de las comisiones m\u00e1s relevantes como Hacienda, Justicia, Gobernaci\u00f3n y Puntos Constituciones, Seguridad, Salud.<\/p>\n\n\n\n<p class=\"wp-block-paragraph\">En ese sentido destac\u00f3 que sin duda son las mujeres quienes llevan el protagonismo en el debate en la C\u00e1mara de Diputados \u201cy esto se debe, gracias al trabajo que durante muchos a\u00f1os el movimiento feminista ha dado para el reconocimiento de nuestros derechos pol\u00edticos\u201d.<\/p>\n\n\n\n<p class=\"wp-block-paragraph\">Se refiri\u00f3 a las iniciativas presentadas, las cuales corresponden a una sola agenda, con temas que ha impulsado a lo largo de su actividad pol\u00edtica, con un enfoque de progresividad de los Derechos Humanos, perspectiva de g\u00e9nero, combate a la corrupci\u00f3n, para impulsar la paridad en todos los espacios, atender la violencia de g\u00e9nero en sus diferentes modalidades, el fortalecimiento del estado laico, y el libre desarrollo de la personalidad, para la transparencia en las sentencias del Poder Judicial y el ejercicio del gasto p\u00fablico, as\u00ed como el empuje para un consejo fiscal.<\/p>\n\n\n\n<p class=\"wp-block-paragraph\">Dijo que adem\u00e1s las legisladoras han constituido una bancada de mujeres, para impulsar una alianza estrat\u00e9gica bajo una agenda que atienda la erradicaci\u00f3n de la violencia contra las mujeres en raz\u00f3n de g\u00e9nero, el empoderamiento econ\u00f3mico, la econom\u00eda y pol\u00edtica de los cuidados.<\/p>\n\n\n\n<p class=\"wp-block-paragraph\">Refiri\u00f3 que su trabajo ha estado marcado por una labor coordinada con la sociedad civil- \u201cEs tiempo de dar paso a una polic\u00eda cercana a la gente, que se caracterice de por crear v\u00ednculos s\u00f3lidos de colaboraci\u00f3n con las y los ciudadanos de a pie, hemos luchado porque las voces de la academia, sociedad civil, especialista sean escuchados, en este sentido el rol de la sociedad civil debe seguir siendo protag\u00f3nico\u201d, dijo.<\/p>\n\n\n\n<p class=\"wp-block-paragraph\">Tras citar a las diversas organizaciones con las que ha trabajado se\u00f1al\u00f3 que el eje rector para recuperar la confianza ciudadana es la transparencia, \u201cpor ello me he sumado e impulsado cada instrumento, mecanismos que busque un sistema de gobierno abierto, transparente y de rendici\u00f3n de cuentas\u201d.<\/p>\n\n\n\n<p class=\"wp-block-paragraph\">SEM\/lv\/sj<\/p>\n","protected":false},"excerpt":{"rendered":"<p>Presenta Martha Tagle su informe de actividades<\/p>\n","protected":false},"author":3,"featured_media":13405,"comment_status":"open","ping_status":"open","sticky":false,"template":"","format":"standard","meta":{"_monsterinsights_skip_tracking":false,"footnotes":""},"categories":[690,50],"tags":[],"class_list":["post-13404","post","type-post","status-publish","format-standard","has-post-thumbnail","category-690","category-congreso"],"_links":{"self":[{"href":"https:\/\/redsemlac.com\/semmexico\/wp-json\/wp\/v2\/posts\/13404","targetHints":{"allow":["GET"]}}],"collection":[{"href":"https:\/\/redsemlac.com\/semmexico\/wp-json\/wp\/v2\/posts"}],"about":[{"href":"https:\/\/redsemlac.com\/semmexico\/wp-json\/wp\/v2\/types\/post"}],"author":[{"embeddable":true,"href":"https:\/\/redsemlac.com\/semmexico\/wp-json\/wp\/v2\/users\/3"}],"replies":[{"embeddable":true,"href":"https:\/\/redsemlac.com\/semmexico\/wp-json\/wp\/v2\/comments?post=13404"}],"version-history":[{"count":0,"href":"https:\/\/redsemlac.com\/semmexico\/wp-json\/wp\/v2\/posts\/13404\/revisions"}],"wp:featuredmedia":[{"embeddable":true,"href":"https:\/\/redsemlac.com\/semmexico\/wp-json\/wp\/v2\/media\/13405"}],"wp:attachment":[{"href":"https:\/\/redsemlac.com\/semmexico\/wp-json\/wp\/v2\/media?parent=13404"}],"wp:term":[{"taxonomy":"category","embeddable":true,"href":"https:\/\/redsemlac.com\/semmexico\/wp-json\/wp\/v2\/categories?post=13404"},{"taxonomy":"post_tag","embeddable":true,"href":"https:\/\/redsemlac.com\/semmexico\/wp-json\/wp\/v2\/tags?post=13404"}],"curies":[{"name":"wp","href":"https:\/\/api.w.org\/{rel}","templated":true}]}}