{"id":13389,"date":"2019-10-28T21:44:18","date_gmt":"2019-10-28T21:44:18","guid":{"rendered":"https:\/\/redsemlac.com\/semmexico\/?p=13389"},"modified":"2023-07-21T15:13:19","modified_gmt":"2023-07-21T20:13:19","slug":"oaxaca-74","status":"publish","type":"post","link":"https:\/\/redsemlac.com\/semmexico\/oaxaca-74\/","title":{"rendered":"ILE hasta doceava semana ya es ley en Oaxaca"},"content":{"rendered":"\n<ul class=\"wp-block-list\"><li><strong>Se\npublicaron las reformas en el Peri\u00f3dico Oficial<\/strong><\/li><li><strong>Observar\u00e1n\norganizaci\u00f3n que el sistema de salud garantice el derecho<\/strong><\/li><\/ul>\n\n\n\n<p class=\"wp-block-paragraph\"><strong>Soledad\nJarqu\u00edn Edgar<\/strong><br> SemM\u00e9xico, Oaxaca, 28 octubre 2019.- Este fin de semana fueron publicados en el Periodico Oficial las reformas al C\u00f3digo Penal del Estado de Oaxaca, mediante las cuales se aprob\u00f3 la despenalizaci\u00f3n del aborto hasta la 12 semana de gestaci\u00f3n. Por ello, afirman feministas \u00a1Ya es ley!<\/p>\n\n\n\n<p class=\"wp-block-paragraph\">De acuerdo con la publicaci\u00f3n del Peri\u00f3dico oficial del Art\u00edculo 312 del C\u00f3digo Penal \u201cEl aborto es la interrupci\u00f3n del embarazo despu\u00e9s de la d\u00e9cimo segunda semana de gestaci\u00f3n\u201d.<\/p>\n\n\n\n<p class=\"wp-block-paragraph\">Esto pese a que hoy, en WRadio el gobernador de Oaxaca, Alejandro Murat Hinojosa, asegur\u00f3 que no se hab\u00edan publicado las reformas al C\u00f3digo Penal porque el Congreso local no se lo hab\u00eda hecho llegar. Lo cierto es que la publicaci\u00f3n corresponde al 24 de octubre en el Peri\u00f3dico Oficial.<\/p>\n\n\n\n<p class=\"wp-block-paragraph\">En entrevista para SemM\u00e9xico, Pilar Muriedas de Consorcio para el Di\u00e1logo Parlamentario y la Equidad Oaxaca, afirm\u00f3 que ahora es necesario que las instancias de salud p\u00fablica garanticen el ejercicio del derecho de las oaxaque\u00f1as al aborto hasta antes de la 12 semana de gestaci\u00f3n.<\/p>\n\n\n\n<p class=\"wp-block-paragraph\">La feminista dijo que habr\u00e1 que retomar las declaraciones del Secretario de Salud, Jorge Caros Alcocer Varela, quien ha se\u00f1alado que los Servicios de Salud del pa\u00eds est\u00e1n listos para atender a las mujeres que deseen ejercer este derecho.<\/p>\n\n\n\n<p class=\"wp-block-paragraph\">Sin embargo, Muriedas asegur\u00f3 que estar\u00e1n atentas para observar c\u00f3mo se va a garantizar ese derecho, si es necesario capacitar al personal en Oaxaca, el papel que van a jugar las parteras. <\/p>\n\n\n\n<p class=\"wp-block-paragraph\">Por otra parte, Muriedas una de las feministas m\u00e1s reconocidas por su denodada lucha a favor de la libertad de decisi\u00f3n de las mujeres en M\u00e9xico, dijo que ve improcedente cualquier impugnaci\u00f3n que pudieran intentar grupos conservadores, lo anterior considerando lo que sucedi\u00f3 hace 12 a\u00f1os en la Ciudad de M\u00e9xico y la resoluci\u00f3n que en ese sentido ha dado la Suprema Corte de Justicia de la Naci\u00f3n.<\/p>\n\n\n\n<p class=\"wp-block-paragraph\">Oaxaca, dijo, est\u00e1 en el ojo del mundo, as\u00ed se demostr\u00f3 despu\u00e9s de que el pasado 25 de septiembre cuando la 64 Legislatura local aprob\u00f3 estas reformas al C\u00f3digo Penal, mismas que ya fueron publicadas en el Peri\u00f3dico Oficial del pasado 24 de octubre de 2019.<\/p>\n\n\n\n<p class=\"wp-block-paragraph\">De acuerdo con la publicaci\u00f3n del Diario Oficial:<\/p>\n\n\n\n<p class=\"wp-block-paragraph\">Art\u00edculo \u00fanico.- Se reforma el p\u00e1rrafo primero del art\u00edculo 312, el p\u00e1rrafo primero del Art\u00edculo 313, el p\u00e1rrafo primero del 315, el p\u00e1rrafo primero y las fracciones II, III y IV del art\u00edculo 316; se derogan las fracciones I, II y III del art\u00edculo 315; se adiciona un segundo p\u00e1rrafo al art\u00edculo 312; un segundo p\u00e1rrafo al art\u00edculo 313; los p\u00e1rrafos segundo y tercero al art\u00edculo 315; la fracci\u00f3n V al art\u00edculo 316, todos del C\u00f3digo Penal del Estado Libre y Soberano de Oaxaca.<\/p>\n\n\n\n<p class=\"wp-block-paragraph\">Tambi\u00e9n se da a conocer la reforma al art\u00edculo 313, que se\u00f1ala que \u201cel aborto es la interrupci\u00f3n del embarazo en cualquier momento, sin consentimiento de la mujer embarazada. En este caso el aborto forzado podr\u00e1 ser sancionado en grado de tentativa, en los t\u00e9rminos dispuestos en el presente C\u00f3digo.<\/p>\n\n\n\n<p class=\"wp-block-paragraph\">En el Art\u00edculo 315 se establece que se impondr\u00e1n de tres a seis meses de prisi\u00f3n o de 100 a 300 d\u00edas de trabajo, a favor de la comunidad, a la mujer que voluntariamente procure su aborto o consienta en que otra persona la haga abortar, una vez transcurridas las primeras doce semanas de gestaci\u00f3n. Igual pena se aplicara al que haga abortar a una mujer, con el consentimiento de \u00e9sta, en los t\u00e9rminos del p\u00e1rrafo anterior.<\/p>\n\n\n\n<p class=\"wp-block-paragraph\">El art\u00edculo 316 se refiere a las excluyentes de responsabilidad penal en el aborto.<\/p>\n\n\n\n<p class=\"wp-block-paragraph\">II Cuando el embarazo sea resultado de una violaci\u00f3n independientemente de que exista o no, denuncia sobre dicho delito previo aborto. III Cuando el embarazo sea resultado de una inseminaci\u00f3n artificial no consentida. IV Cuando de no provocarse el aborto de la mujer embarazada corra peligro en su salud o de muerte, a juicio del m\u00e9dico que la asista. V Cuando a juicio de un m\u00e9dico especialista existan razones para diagnosticar que el producto presenta alteraciones gen\u00e9ticas o cong\u00e9nitas que puedan dar como resultado da\u00f1os f\u00edsicos o mentales en el mismo, siempre que se tenga, siempre que se tenga consentimiento de la mujer embarazada.<\/p>\n\n\n\n<p class=\"wp-block-paragraph\">SEM\/sj<\/p>\n","protected":false},"excerpt":{"rendered":"<p>Se publicaron las reformas en el Peri\u00f3dico Oficial<\/p>\n","protected":false},"author":3,"featured_media":12258,"comment_status":"open","ping_status":"open","sticky":false,"template":"","format":"standard","meta":{"_monsterinsights_skip_tracking":false,"footnotes":""},"categories":[690,51],"tags":[],"class_list":["post-13389","post","type-post","status-publish","format-standard","has-post-thumbnail","category-690","category-ejecutivo"],"_links":{"self":[{"href":"https:\/\/redsemlac.com\/semmexico\/wp-json\/wp\/v2\/posts\/13389","targetHints":{"allow":["GET"]}}],"collection":[{"href":"https:\/\/redsemlac.com\/semmexico\/wp-json\/wp\/v2\/posts"}],"about":[{"href":"https:\/\/redsemlac.com\/semmexico\/wp-json\/wp\/v2\/types\/post"}],"author":[{"embeddable":true,"href":"https:\/\/redsemlac.com\/semmexico\/wp-json\/wp\/v2\/users\/3"}],"replies":[{"embeddable":true,"href":"https:\/\/redsemlac.com\/semmexico\/wp-json\/wp\/v2\/comments?post=13389"}],"version-history":[{"count":0,"href":"https:\/\/redsemlac.com\/semmexico\/wp-json\/wp\/v2\/posts\/13389\/revisions"}],"wp:featuredmedia":[{"embeddable":true,"href":"https:\/\/redsemlac.com\/semmexico\/wp-json\/wp\/v2\/media\/12258"}],"wp:attachment":[{"href":"https:\/\/redsemlac.com\/semmexico\/wp-json\/wp\/v2\/media?parent=13389"}],"wp:term":[{"taxonomy":"category","embeddable":true,"href":"https:\/\/redsemlac.com\/semmexico\/wp-json\/wp\/v2\/categories?post=13389"},{"taxonomy":"post_tag","embeddable":true,"href":"https:\/\/redsemlac.com\/semmexico\/wp-json\/wp\/v2\/tags?post=13389"}],"curies":[{"name":"wp","href":"https:\/\/api.w.org\/{rel}","templated":true}]}}