{"id":13383,"date":"2019-10-28T20:59:39","date_gmt":"2019-10-28T20:59:39","guid":{"rendered":"https:\/\/redsemlac.com\/semmexico\/?p=13383"},"modified":"2023-07-21T15:13:19","modified_gmt":"2023-07-21T20:13:19","slug":"opinion-191","status":"publish","type":"post","link":"https:\/\/redsemlac.com\/semmexico\/opinion-191\/","title":{"rendered":"Mujer y Poder"},"content":{"rendered":"\n<h2 class=\"wp-block-heading\">\u00bfPobres los Ind\u00edgenas de Punta Chueca?<\/h2>\n\n\n\n<ul class=\"wp-block-list\"><li><strong>Gobiernos neoliberales no se olvidaron de los\npueblos ind\u00edgenas<\/strong><\/li><\/ul>\n\n\n\n<p class=\"wp-block-paragraph\"><strong>Natalia Vidales Rodr\u00edguez<\/strong><\/p>\n\n\n\n<p class=\"wp-block-paragraph\">SemM\u00e9xico, 28 octubre 2019.- Por\nsupuesto que, como lo afirm\u00f3 este domingo el presidente L\u00f3pez Obrador en el\npoblado de Punta Chueca -donde cerr\u00f3 su periplo de tres d\u00edas por Sonora en sus\nDi\u00e1logos con los pueblos originarios- las comunidades ind\u00edgenas son las m\u00e1s\npobres de M\u00e9xico\u2026pero no todas. <\/p>\n\n\n\n<p class=\"wp-block-paragraph\">Y menos trat\u00e1ndose de la naci\u00f3n\nComca\u00b4ac (t\u00e9rmino yaqui que significa hombre de la arena, m\u00e1s conocida como\nSeri, en virtud de hablar ese dialecto). &nbsp;<\/p>\n\n\n\n<p class=\"wp-block-paragraph\">El presidente se refiri\u00f3 a esa pobreza\nen, parad\u00f3jicamente, la etnia m\u00e1s acomodada del pa\u00eds, aunque a simple vista no\nlo parezca porque, ciertamente, sus costumbres los hacen vivir como si fuesen\nrealmente pobres (salvo su gusto por los autos de modelos recientes, muchos de\nellos robados, pero las autoridades no los molestan por ello). El gobierno les\nconstruy\u00f3 casas de hormig\u00f3n y amianto en los a\u00f1os 70, pero muchos de ellos\nsiguen viviendo en paravientos de ocotillo doblado y amarrado que utilizan en\nsus fiestas tradicionales. <\/p>\n\n\n\n<p class=\"wp-block-paragraph\">Actualmente los Seris no suman\nm\u00e1s de mil personas asentadas en dos poblados: Punta Chueca, del Municipio de\nHermosillo y el Desemboque en el Municipio de Pitiquito. S\u00ed,hasta all\u00e1 llegan\nsus terrenos, y est\u00e1n perfectamente organizados y explotan suficientemente sus\nvastas propiedades que incluyen la <em>Isla\ndel Tibur\u00f3n<\/em>, la m\u00e1s grande del pa\u00eds,&nbsp;\ny la de <em>San Esteban<\/em>, y la zona\ncostera que suman una extensi\u00f3n de 211&nbsp;\nmil hect\u00e1reas bajo el r\u00e9gimen ejidal y comunal (el m\u00e1s grande de M\u00e9xico\ny que significa aproximadamente el 1.2 % de la superficie de Sonora). As\u00ed, su\nriqueza <em>per c\u00e1pita <\/em>es envidiable. <\/p>\n\n\n\n<p class=\"wp-block-paragraph\">Durante la \u00e9poca de Echeverr\u00eda\n(como bien lo dijo AMLO en Punta Chueca) los ind\u00edgenas de la Rep\u00fablica en\ngeneral fueron apoyados por el gobierno revolucionario, y a los Seris se les\nconcedi\u00f3 una zona costera de m\u00e1s de 100 kil\u00f3metros de pesca &nbsp;exclusiva, incluyendo el rico estrecho de <em>El Infiernillo<\/em> donde se capturan\ntoneladas cada a\u00f1o del famoso callo de hacha, cuya variedad de m\u00e1s calidad, el\ncallo \u201cri\u00f1\u00f3n\u201d, rebasa actualmente los 700 pesos por kilo (ni la mejor carne del\nEstado alcanza ese precio), independientemente de la captura de toda clase de pescados\ny mariscos en sus diversas temporadas; jaiba, langosta, caracol, cultivo de\nosti\u00f3n y dem\u00e1s. Y durante todo el a\u00f1o comercializadores de la Rep\u00fablica y del\nextranjero llegan por productos del mar a esas playas. <\/p>\n\n\n\n<p class=\"wp-block-paragraph\">AMLO exagera cuando dice que\nlos gobiernos neoliberales se olvidaron de los ind\u00edgenas, cuando menos no de\nlos Seris, siendo en el sexenio pasado &nbsp;que se paviment\u00f3 el tramo de 35 kil\u00f3metros &nbsp;Bah\u00eda de Kino-Punta Chueca, y fue en la \u00e9poca\nde Miguel de la Madrid cuando se introdujo la corriente el\u00e9ctrica a ese poblado\n(cuyos recibos, adem\u00e1s, no pagan y no se les corta el servicio; como tampoco\ncubren el del agua &nbsp;que se potabiliza en\nel poblado o que se surte al tinaco general de sus poblados). <\/p>\n\n\n\n<p class=\"wp-block-paragraph\">Los pescadores que llegan de\notros lugares (incluso de otros Estados dada la riqueza del lugar) que deseen bucear\no tirar sus redes en su extensa zona exclusiva pagan rentas que les representan\nvarios millones de pesos al a\u00f1o (que, desde luego, nadie fiscaliza ni pagan\nimpuestos) y los barcos camaroneros pagan, tambi\u00e9n, cuotas por la captura del\ncrust\u00e1ceo en esa zona. Y los vendedores que entran a los poblados a ofrecer\nfrutas, verduras, carnes y dem\u00e1s han de pagar, desde luego, por hacerlo.<\/p>\n\n\n\n<p class=\"wp-block-paragraph\">M\u00e1s a\u00fan: en la zona monta\u00f1osa\nlos Seris cuentan con minas que explota la <em>Comisi\u00f3n\nFederal de<\/em> <em>Electricidad <\/em>en\nonerosos contratos de extracci\u00f3n para su planta en Puerto Libertad, que colinda\ncon sus propiedades; as\u00ed como la producci\u00f3n de carb\u00f3n vegetal; y tienen varios\nranchos cineg\u00e9ticos en el litoral y en sus islas que les reportan miles de\nd\u00f3lares anuales de norteamericanos y canadienses por la caza del preciado\nborrego cimarr\u00f3n, el venado bura y el cola blanca, as\u00ed como los jabal\u00edes (m\u00e1s\nel llamado turismo de aventura, para no mencionar el turismo cotidiano&nbsp; que adquiere sus figuras de palo fierro y\ndem\u00e1s vistosas artesan\u00edas que no son poca cosa). &nbsp;<\/p>\n\n\n\n<p class=\"wp-block-paragraph\">La mayor\u00eda de las familias\nSeris cuentan, adem\u00e1s, con varias \u201cpangas\u201d pescadoras a motores de gasolina (subsidiada),\ny toda clase de artes de captura que el gobierno les provee generalmente a\nfondo perdido y, desde luego, no pagan derechos por los permisos de pesca. &nbsp;<\/p>\n\n\n\n<p class=\"wp-block-paragraph\">Por supuesto que est\u00e1n en su derecho\n(sobre todo si recordamos que, durante muchos a\u00f1os, desde la Colonia, se\nprocur\u00f3 su exterminio al no lograr jam\u00e1s colonizarlos ni evangelizarlos), pero\neso de que son pobres no es cierto. <\/p>\n\n\n\n<p class=\"wp-block-paragraph\">Tampoco los Yaquis son ningunos \u201cpobrecitos\u201d. Pero esa es otra historia. <\/p>\n\n\n\n<p class=\"wp-block-paragraph\"><\/p>\n","protected":false},"excerpt":{"rendered":"<p>\u00bfPobres los Ind\u00edgenas de Punta Chueca?<\/p>\n","protected":false},"author":3,"featured_media":13384,"comment_status":"open","ping_status":"open","sticky":false,"template":"","format":"standard","meta":{"_monsterinsights_skip_tracking":false,"footnotes":""},"categories":[690,100,72],"tags":[],"class_list":["post-13383","post","type-post","status-publish","format-standard","has-post-thumbnail","category-690","category-mujer-y-poder","category-natalia-vidales"],"_links":{"self":[{"href":"https:\/\/redsemlac.com\/semmexico\/wp-json\/wp\/v2\/posts\/13383","targetHints":{"allow":["GET"]}}],"collection":[{"href":"https:\/\/redsemlac.com\/semmexico\/wp-json\/wp\/v2\/posts"}],"about":[{"href":"https:\/\/redsemlac.com\/semmexico\/wp-json\/wp\/v2\/types\/post"}],"author":[{"embeddable":true,"href":"https:\/\/redsemlac.com\/semmexico\/wp-json\/wp\/v2\/users\/3"}],"replies":[{"embeddable":true,"href":"https:\/\/redsemlac.com\/semmexico\/wp-json\/wp\/v2\/comments?post=13383"}],"version-history":[{"count":0,"href":"https:\/\/redsemlac.com\/semmexico\/wp-json\/wp\/v2\/posts\/13383\/revisions"}],"wp:featuredmedia":[{"embeddable":true,"href":"https:\/\/redsemlac.com\/semmexico\/wp-json\/wp\/v2\/media\/13384"}],"wp:attachment":[{"href":"https:\/\/redsemlac.com\/semmexico\/wp-json\/wp\/v2\/media?parent=13383"}],"wp:term":[{"taxonomy":"category","embeddable":true,"href":"https:\/\/redsemlac.com\/semmexico\/wp-json\/wp\/v2\/categories?post=13383"},{"taxonomy":"post_tag","embeddable":true,"href":"https:\/\/redsemlac.com\/semmexico\/wp-json\/wp\/v2\/tags?post=13383"}],"curies":[{"name":"wp","href":"https:\/\/api.w.org\/{rel}","templated":true}]}}