{"id":13377,"date":"2019-10-28T20:50:32","date_gmt":"2019-10-28T20:50:32","guid":{"rendered":"https:\/\/redsemlac.com\/semmexico\/?p=13377"},"modified":"2023-07-21T15:13:19","modified_gmt":"2023-07-21T20:13:19","slug":"puesta-en-escena-homenaje-a-belisario-dominguez-en-el-senado","status":"publish","type":"post","link":"https:\/\/redsemlac.com\/semmexico\/puesta-en-escena-homenaje-a-belisario-dominguez-en-el-senado\/","title":{"rendered":"Puesta en escena homenaje a Belisario Dom\u00ednguez, en el Senado"},"content":{"rendered":"\n<ul class=\"wp-block-list\"><li><strong>Belisario Dom\u00ednguez. Fragmento de un discurso\nvital<\/strong><\/li><li><strong>A 106 aniversario de su asesinato<\/strong><\/li><\/ul>\n\n\n\n<p class=\"wp-block-paragraph\"><strong>Redacci\u00f3n<\/strong><\/p>\n\n\n\n<p class=\"wp-block-paragraph\">SemM\u00e9xico, Cd. de M\u00e9xico, 28 octubre 2019.- Como\nun homenaje al legado del m\u00e9dico y legislador chiapaneco, la Junta de\nCoordinaci\u00f3n Pol\u00edtica (Jucopo) del Senado de la Rep\u00fablica, que preside el\nsenador Ricardo Monreal \u00c1vila, se presentar\u00e1 la puesta en escena \u201cBelisario\nDom\u00ednguez. Fragmento de un discurso vital\u201d, a las 17:00 horas en la Sala de Prensa\nde la planta baja del Senado.<\/p>\n\n\n\n<p class=\"wp-block-paragraph\">Con este evento se conmemora el 106\naniversario de su asesinato, como parte del proyecto Casa Nuestra que tiene el\nprop\u00f3sito de hacer de la C\u00e1mara Alta un espacio vivo con manifestaciones\nart\u00edsticas y culturales gratuitas.<\/p>\n\n\n\n<p class=\"wp-block-paragraph\">La obra es de Vicente Quirarte, representada\npor Sergio R\u00fced (Belisario Dom\u00ednguez) y Yun Flores (entrevistadora), con la\ndirecci\u00f3n de Eduardo Ruiz Savi\u00f1\u00f3n.<\/p>\n\n\n\n<p class=\"wp-block-paragraph\">En la imaginaci\u00f3n de Vicente Quirarte se invoca la presencia del\nsenador Belisario Dom\u00ednguez, quien le dice a su entrevistadora: <\/p>\n\n\n\n<p class=\"wp-block-paragraph\">&#8211; \u201cHe vuelto para contar mi historia, para que usted cuente mi\nhistoria, para que usted reconstruya la historia de la historia que me toc\u00f3\nvivir. \u00bfEs as\u00ed?\u201d-.<\/p>\n\n\n\n<p class=\"wp-block-paragraph\">A trav\u00e9s de esta conversaci\u00f3n se relata la vida y obra del nacido del\nlegislador nacido en Comit\u00e1n de las Flores. Habla sobre su vida, sus estudios,\nsu profesi\u00f3n de m\u00e9dico, y su labor como legislador en una de las etapas m\u00e1s\nduras de la historia mexicana: la dictadura de Victoriano Huerta y la Decena\nTr\u00e1gica.<\/p>\n\n\n\n<p class=\"wp-block-paragraph\">El punto culminante de la historia se manifiesta cuando Belisario\nDom\u00ednguez relata los acontecimientos alrededor del memorable discurso del 23 de\nseptiembre que le cost\u00f3 la vida.<\/p>\n\n\n\n<p class=\"wp-block-paragraph\">SEM\/em\/sj<\/p>\n","protected":false},"excerpt":{"rendered":"<p>A 106 aniversario de su asesinato<\/p>\n","protected":false},"author":3,"featured_media":13378,"comment_status":"open","ping_status":"open","sticky":false,"template":"","format":"standard","meta":{"_monsterinsights_skip_tracking":false,"footnotes":""},"categories":[690,50],"tags":[],"class_list":["post-13377","post","type-post","status-publish","format-standard","has-post-thumbnail","category-690","category-congreso"],"_links":{"self":[{"href":"https:\/\/redsemlac.com\/semmexico\/wp-json\/wp\/v2\/posts\/13377","targetHints":{"allow":["GET"]}}],"collection":[{"href":"https:\/\/redsemlac.com\/semmexico\/wp-json\/wp\/v2\/posts"}],"about":[{"href":"https:\/\/redsemlac.com\/semmexico\/wp-json\/wp\/v2\/types\/post"}],"author":[{"embeddable":true,"href":"https:\/\/redsemlac.com\/semmexico\/wp-json\/wp\/v2\/users\/3"}],"replies":[{"embeddable":true,"href":"https:\/\/redsemlac.com\/semmexico\/wp-json\/wp\/v2\/comments?post=13377"}],"version-history":[{"count":0,"href":"https:\/\/redsemlac.com\/semmexico\/wp-json\/wp\/v2\/posts\/13377\/revisions"}],"wp:featuredmedia":[{"embeddable":true,"href":"https:\/\/redsemlac.com\/semmexico\/wp-json\/wp\/v2\/media\/13378"}],"wp:attachment":[{"href":"https:\/\/redsemlac.com\/semmexico\/wp-json\/wp\/v2\/media?parent=13377"}],"wp:term":[{"taxonomy":"category","embeddable":true,"href":"https:\/\/redsemlac.com\/semmexico\/wp-json\/wp\/v2\/categories?post=13377"},{"taxonomy":"post_tag","embeddable":true,"href":"https:\/\/redsemlac.com\/semmexico\/wp-json\/wp\/v2\/tags?post=13377"}],"curies":[{"name":"wp","href":"https:\/\/api.w.org\/{rel}","templated":true}]}}