{"id":13374,"date":"2019-10-28T19:18:58","date_gmt":"2019-10-28T19:18:58","guid":{"rendered":"https:\/\/redsemlac.com\/semmexico\/?p=13374"},"modified":"2023-07-21T15:13:19","modified_gmt":"2023-07-21T20:13:19","slug":"cuba-22","status":"publish","type":"post","link":"https:\/\/redsemlac.com\/semmexico\/cuba-22\/","title":{"rendered":"Cuba: El cuidado, obst\u00e1culo para aprovechar el trabajo de las mujeres"},"content":{"rendered":"\n<ul class=\"wp-block-list\"><li><strong>Tareas\ndom\u00e9sticas obst\u00e1culo para el empoderamiento femenino<\/strong><\/li><li><strong>El\ncontexto patriarcal sigue permeando en la vida de ellas<\/strong><\/li><\/ul>\n\n\n\n<p class=\"wp-block-paragraph\"><strong>Dixie Edith<\/strong><\/p>\n\n\n\n<p class=\"wp-block-paragraph\">SemM\u00e9xico\/SEMlac, La Habana, 28 octubre 2019.- Las tareas\ndel cuidado, culturalmente depositadas en las familias y en particular sobre\nlos hombros de las mujeres, constituyen hoy un obst\u00e1culo para el empoderamiento\nfemenino, coincidieron expertas cubanas.<\/p>\n\n\n\n<p class=\"wp-block-paragraph\"><br>\nPor ejemplo, en Santiago de Cuba, a m\u00e1s de 850 kil\u00f3metros al este de La Habana,\n\u00abexiste una reserva laboral femenina cuyo aprovechamiento contribuir\u00eda a\ndisminuir la relaci\u00f3n de dependencia en la poblaci\u00f3n\u00bb, en una sociedad muy\nenvejecida, explic\u00f3 la doctora Iliana Ben\u00edtez, durante el VII Taller de Trabajo,\nEmpleo y Relaciones Laborales, que sesion\u00f3 del 22 al 25 de octubre en la\ncapital cubana.<\/p>\n\n\n\n<p class=\"wp-block-paragraph\"><br>\nSin embargo, en \u00abun contexto cultural patriarcal que asigna a las mujeres\nel rol de cuidadoras y principales responsables de la crianza y educaci\u00f3n de\nlos hijos o de otras personas\u00bb, ese potencial laboral se est\u00e1\ndesaprovechando, precis\u00f3 Ben\u00edtez, soci\u00f3loga y profesora de la Universidad de\nOriente.<\/p>\n\n\n\n<p class=\"wp-block-paragraph\"><br>\nCon esta investigadora coincide la tambi\u00e9n soci\u00f3loga Magela Romero Almod\u00f3var,\nquien considera importante analizar qu\u00e9 valor se le otorga en la sociedad al\ntrabajo que realizan las mujeres, a tareas como las del cuidado, que est\u00e1n\nfeminizadas, explic\u00f3.<\/p>\n\n\n\n<p class=\"wp-block-paragraph\"><br>\n\u00abEse an\u00e1lisis permitir\u00eda un cambio de las relaciones de poder que esa\ndistribuci\u00f3n sexual del trabajo trae, un cambio en los estereotipos\u00bb,\nprecis\u00f3 Almod\u00f3var, doctora en ciencias y profesora de la Universidad de La\nHabana.<\/p>\n\n\n\n<p class=\"wp-block-paragraph\"><br>\nEl VII Taller de Trabajo, Empleo y Relaciones Laborales sesion\u00f3 como parte del\nSimposio Internacional CIPS 2019 \u00abEmancipaci\u00f3n social vs. Dominaci\u00f3n en el\ncontexto latinoamericano y caribe\u00f1o: Contribuciones desde las ciencias\nsociales\u00bb, y aport\u00f3 miradas cr\u00edticas sobre los retos del mercado laboral\nen la Cuba actual, desde la \u00f3ptica de las desigualdades sociales.<\/p>\n\n\n\n<p class=\"wp-block-paragraph\"><br>\nSeg\u00fan Ben\u00edtez, si bien muchas mujeres santiagueras a\u00fan incluyen el trabajo\nentre sus aspiraciones personales, existen otras \u00abque no identifican su\nincorporaci\u00f3n a la actividad laboral como proyecto de vida\u00bb.<\/p>\n\n\n\n<p class=\"wp-block-paragraph\"><br>\nPara la experta, los principales dilemas que enfrentan estas mujeres para\nincorporarse al trabajo remunerado ser relacionan, en primer lugar, con\nconflictos derivados de su dedicaci\u00f3n al rol de madre o cuidadora.<\/p>\n\n\n\n<p class=\"wp-block-paragraph\"><br>\nIgualmente, el estudio en Santiago de Cuba identific\u00f3 \u00abestrategias\nindividuales y familiares\u00bb en las que las mujeres optan por no trabajar\nfuera de casa, o por \u00abla b\u00fasqueda de empleos que les permitan el desempe\u00f1o\nde ambos roles\u00bb, precis\u00f3 Ben\u00edtez.<\/p>\n\n\n\n<p class=\"wp-block-paragraph\"><br>\nLa investigaci\u00f3n tambi\u00e9n encontr\u00f3 contradicciones entre las aspiraciones de\ntener un desempe\u00f1o laboral exitoso y las decisiones sobre cu\u00e1ntos hijos e hijas\ntener y en qu\u00e9 momento de sus vidas, agreg\u00f3 la profesora santiaguera.<\/p>\n\n\n\n<p class=\"wp-block-paragraph\"><br>\nLa necesidad de pol\u00edticas espec\u00edficas para el cuidado emerge como un tema\nesencial, en un momento en que est\u00e1n ocurriendo ajustes al modelo econ\u00f3mico\ncubano y se toman medidas para atender una din\u00e1mica demogr\u00e1fica, donde cada vez\nnacen menos personas y muchas m\u00e1s llegan a las edades finales de la vida.<\/p>\n\n\n\n<p class=\"wp-block-paragraph\"><br>\nPara Romero, una contradicci\u00f3n evidente es que la generalidad de los mecanismos\nque se establecen en este camino no tiene en cuenta el enfoque de familia o de\ng\u00e9nero, pues casi siempre implican permisos y concesiones solo para las\nmujeres.<\/p>\n\n\n\n<p class=\"wp-block-paragraph\"><br>\nSeg\u00fan su criterio, se sigue pensando en el hombre proveedor, se fomentan\nmecanismos para aliviar las cargas de las mujeres, como potenciar c\u00edrculos\ninfantiles o casa de abuelos, por solo citar un ejemplo, pero no para que los\nroles dom\u00e9sticos y del cuidado se distribuyan de manera equitativa.<\/p>\n\n\n\n<p class=\"wp-block-paragraph\"><br>\n\u00abEsto, si bien ha sido muy provechoso para ellas, en tanto les alivia de\nla sobrecarga de estas funciones, resulta para algunos casos en medidas de\nimposici\u00f3n forzosa de roles poco negociables con los hombres que les\nrodean\u00bb, asever\u00f3 la experta.<\/p>\n\n\n\n<p class=\"wp-block-paragraph\">SEM-SEMlac\/de<\/p>\n","protected":false},"excerpt":{"rendered":"<p>Tareas dom\u00e9sticas obst\u00e1culo para el empoderamiento femenino<\/p>\n","protected":false},"author":3,"featured_media":13375,"comment_status":"open","ping_status":"open","sticky":false,"template":"","format":"standard","meta":{"_monsterinsights_skip_tracking":false,"footnotes":""},"categories":[690,53],"tags":[],"class_list":["post-13374","post","type-post","status-publish","format-standard","has-post-thumbnail","category-690","category-internacional"],"_links":{"self":[{"href":"https:\/\/redsemlac.com\/semmexico\/wp-json\/wp\/v2\/posts\/13374","targetHints":{"allow":["GET"]}}],"collection":[{"href":"https:\/\/redsemlac.com\/semmexico\/wp-json\/wp\/v2\/posts"}],"about":[{"href":"https:\/\/redsemlac.com\/semmexico\/wp-json\/wp\/v2\/types\/post"}],"author":[{"embeddable":true,"href":"https:\/\/redsemlac.com\/semmexico\/wp-json\/wp\/v2\/users\/3"}],"replies":[{"embeddable":true,"href":"https:\/\/redsemlac.com\/semmexico\/wp-json\/wp\/v2\/comments?post=13374"}],"version-history":[{"count":0,"href":"https:\/\/redsemlac.com\/semmexico\/wp-json\/wp\/v2\/posts\/13374\/revisions"}],"wp:featuredmedia":[{"embeddable":true,"href":"https:\/\/redsemlac.com\/semmexico\/wp-json\/wp\/v2\/media\/13375"}],"wp:attachment":[{"href":"https:\/\/redsemlac.com\/semmexico\/wp-json\/wp\/v2\/media?parent=13374"}],"wp:term":[{"taxonomy":"category","embeddable":true,"href":"https:\/\/redsemlac.com\/semmexico\/wp-json\/wp\/v2\/categories?post=13374"},{"taxonomy":"post_tag","embeddable":true,"href":"https:\/\/redsemlac.com\/semmexico\/wp-json\/wp\/v2\/tags?post=13374"}],"curies":[{"name":"wp","href":"https:\/\/api.w.org\/{rel}","templated":true}]}}