{"id":13245,"date":"2019-10-23T19:21:35","date_gmt":"2019-10-23T19:21:35","guid":{"rendered":"https:\/\/redsemlac.com\/semmexico\/?p=13245"},"modified":"2023-07-21T15:13:22","modified_gmt":"2023-07-21T20:13:22","slug":"opinion-180","status":"publish","type":"post","link":"https:\/\/redsemlac.com\/semmexico\/opinion-180\/","title":{"rendered":"Mujer y Poder"},"content":{"rendered":"\n<h2 class=\"wp-block-heading\"> <strong>\u00bfTerminar\u00e1 AMLO el sexenio?<\/strong> <\/h2>\n\n\n\n<p class=\"wp-block-paragraph\"><strong>Natalia Vidales Rodr\u00edguez<\/strong><\/p>\n\n\n\n<p class=\"wp-block-paragraph\">SemM\u00e9xico. Sonora. 23 de octubre de 2019.- En los t\u00e9rminos en que el&nbsp;<em>Senado de la Rep\u00fablica<\/em>&nbsp;vot\u00f3 a favor la nueva figura de la Revocaci\u00f3n del Mandato para el Presidente de la Rep\u00fablica y para los Gobernadores del pa\u00eds, es&nbsp;dif\u00edcil &nbsp;&#8211;aunque no imposible&#8211; &nbsp;que pueda&nbsp;llevarse a la pr\u00e1ctica: se requerir\u00eda una organizaci\u00f3n de los ciudadanos que en M\u00e9xico apenas est\u00e1 germinando.<\/p>\n\n\n\n<p class=\"wp-block-paragraph\">Todav\u00eda estamos muy lejos de&nbsp;que el llamado Poder del Ciudadano se materialice,&nbsp;y se sigue pensando que el poder est\u00e1&nbsp;en manos de los pol\u00edticos, un concepto arraigado en nuestro pa\u00eds incluso desde antes de la Conquista y que contin\u00faa arrastr\u00e1ndose &nbsp;como un lastre para la sociedad, aunque en los \u00faltimos meses sobre todo un grupo ciudadano ha estado fortaleci\u00e9ndose a pasos agigantados: el Congreso Nacional Ciudadano que fund\u00f3 Gilberto Lozano hace ya algunos a\u00f1os (pero de ello escribiremos en otra ocasi\u00f3n).&nbsp;&nbsp;<\/p>\n\n\n\n<p class=\"wp-block-paragraph\">Siguiendo con el tema: no se trata de que los requerimientos sean insalvables,&nbsp;ya que lo aprobado se asemeja a las pr\u00e1cticas de otras naciones con reg\u00edmenes democr\u00e1ticos como el nuestro, as\u00ed sea la Democracia entendida&nbsp;ac\u00e1&nbsp;solo como un asunto electoral &nbsp;y no como el&nbsp;af\u00e1n&nbsp;constitucionalque la considera &nbsp;&#8211;a la Democracia&#8211; &nbsp;no solamente&nbsp;como una estructura jur\u00eddica y un r\u00e9gimen pol\u00edtico, sino como un sistema de vida fundado en el constante mejoramiento econ\u00f3mico, social y cultural del pueblo. Pero no, todav\u00eda no llegamos a ese nivel de ciudadan\u00eda.&nbsp;<\/p>\n\n\n\n<p class=\"wp-block-paragraph\">Contrario a los deseos del Presidente L\u00f3pez Obrador&nbsp;para que la Revocaci\u00f3n del Mandato fuera una consulta que lo confirmara en su gesti\u00f3n , la norma qued\u00f3 en que se requiere que sea la ciudadan\u00eda quien la solicite y que no se trata de un \u201crefrendo\u201d al mandatario, sino de un ejercicio para destituirlo&nbsp;en caso de&nbsp;realizar un mal gobierno.&nbsp;<\/p>\n\n\n\n<p class=\"wp-block-paragraph\">Pero para ello se requiere que al menos el 3 % de los ciudadanos con &nbsp;credencial para votar con fotograf\u00eda pidan&nbsp;la Revocaci\u00f3n &nbsp;(algo as\u00ed como 2.7 millones de personas, esparcidas en al menos 17 Estados de la Rep\u00fablica para darle la debida representaci\u00f3n nacional).<\/p>\n\n\n\n<p class=\"wp-block-paragraph\">En caso de lograrse esa haza\u00f1a&nbsp;ciudadana&nbsp;de junta de firmas, ya el d\u00eda de la consulta&nbsp;se exige la participaci\u00f3n de al menos el 40&nbsp;% de los enlistados en el INE (alrededor de 45 millones de votantes) y que, desde luego, la mayor\u00eda de quienes participen tachen al mandatario para revocarle el poder.<\/p>\n\n\n\n<p class=\"wp-block-paragraph\">Esas cifras de votantes ya son comunes en nuestro pa\u00eds en los comicios ordinarios, pero apenas se ver\u00eda si en una consulta de este nuevo tipo concurren en esa medida, &nbsp;o si gana el abstencionismo y el desinter\u00e9s.<\/p>\n\n\n\n<p class=\"wp-block-paragraph\">Como sea\u2026&nbsp;\u00bfqu\u00e9 puede pasar?: si quienes no votaron por AMLO (ya sea por &nbsp;quienes &nbsp;lo hicieron en contra o porque se abstuvieron el 2018) y que &nbsp;fueron casi 90 millones de mexicanos&nbsp;acudieran en su mayor\u00eda&nbsp;a tachar al Presidente se lograr\u00eda la Revocaci\u00f3n, aun si los 30 millones que votaron a su favor el a\u00f1o pasado lo hicieran de nuevo.<\/p>\n\n\n\n<p class=\"wp-block-paragraph\">La aprobaci\u00f3n ciudadana a AMLO era superior &nbsp;al &nbsp;70&nbsp;% a principios del sexenio y fue cuando, con esa confianza, &nbsp; propuso la consulta para ser refrendado o no, y actualmente ronda el 60% ( todav\u00eda muy alta), pero si la tendencia a la baja contin\u00faa &nbsp;(por el desgaste en el ejercicio del poder, por errores, por &nbsp;la continuaci\u00f3n de la inseguridad p\u00fablica y la violencia, por la econom\u00eda, etc\u00e9tera) podr\u00eda llegarse, a la eventual&nbsp;consulta&nbsp;el&nbsp;2022,&nbsp;con posibilidades de perderla (caso en el cual el Congreso nombrar\u00eda a un nuevo Presidente para terminar los dos a\u00f1os que le faltar\u00edan al sexenio).&nbsp;<\/p>\n\n\n\n<p class=\"wp-block-paragraph\">Lo anterior es muy improbable, pero, de realizarse el ejercicio, y de continuar las cosas como van, la consulta oficial &nbsp;dar\u00eda cuenta de una picada &nbsp;de la popularidad de AMLO \u2013m\u00e1s all\u00e1 de los sondeos de las casas encuestadoras&#8211; &nbsp;con un efecto muy negativo en el resto del sexenio.&nbsp;<\/p>\n\n\n\n<p class=\"wp-block-paragraph\">AMLO se&nbsp;meti\u00f3 y propuls\u00f3 sin necesidad,&nbsp;y de forma que hoy ya se ve&nbsp;arriesgada&nbsp;,&nbsp;la Revocaci\u00f3n de su propio mandato, inicialmente con visos incluso para extenderlo. Pero las correcciones que la oposici\u00f3n le hizo en el Senado al proyecto &nbsp;\u2013y que aceptaron los legisladores de MORENA, el partido del Presidente&#8211; &nbsp;lo convirtieron en un instrumento ciudadano que, en un descuido, podr\u00eda llevar a que L\u00f3pez Obrador no termine ni siquiera el sexenio. O, al menos, para exhibir una importante&nbsp;inconformidad a su gesti\u00f3n. &nbsp;<\/p>\n","protected":false},"excerpt":{"rendered":"<p>\u00bfTerminar\u00e1 AMLO el sexenio?<\/p>\n","protected":false},"author":3,"featured_media":9219,"comment_status":"open","ping_status":"open","sticky":false,"template":"","format":"standard","meta":{"_monsterinsights_skip_tracking":false,"footnotes":""},"categories":[690,100,72],"tags":[],"class_list":["post-13245","post","type-post","status-publish","format-standard","has-post-thumbnail","category-690","category-mujer-y-poder","category-natalia-vidales"],"_links":{"self":[{"href":"https:\/\/redsemlac.com\/semmexico\/wp-json\/wp\/v2\/posts\/13245","targetHints":{"allow":["GET"]}}],"collection":[{"href":"https:\/\/redsemlac.com\/semmexico\/wp-json\/wp\/v2\/posts"}],"about":[{"href":"https:\/\/redsemlac.com\/semmexico\/wp-json\/wp\/v2\/types\/post"}],"author":[{"embeddable":true,"href":"https:\/\/redsemlac.com\/semmexico\/wp-json\/wp\/v2\/users\/3"}],"replies":[{"embeddable":true,"href":"https:\/\/redsemlac.com\/semmexico\/wp-json\/wp\/v2\/comments?post=13245"}],"version-history":[{"count":0,"href":"https:\/\/redsemlac.com\/semmexico\/wp-json\/wp\/v2\/posts\/13245\/revisions"}],"wp:featuredmedia":[{"embeddable":true,"href":"https:\/\/redsemlac.com\/semmexico\/wp-json\/wp\/v2\/media\/9219"}],"wp:attachment":[{"href":"https:\/\/redsemlac.com\/semmexico\/wp-json\/wp\/v2\/media?parent=13245"}],"wp:term":[{"taxonomy":"category","embeddable":true,"href":"https:\/\/redsemlac.com\/semmexico\/wp-json\/wp\/v2\/categories?post=13245"},{"taxonomy":"post_tag","embeddable":true,"href":"https:\/\/redsemlac.com\/semmexico\/wp-json\/wp\/v2\/tags?post=13245"}],"curies":[{"name":"wp","href":"https:\/\/api.w.org\/{rel}","templated":true}]}}