{"id":13240,"date":"2019-10-23T17:51:49","date_gmt":"2019-10-23T17:51:49","guid":{"rendered":"https:\/\/redsemlac.com\/semmexico\/?p=13240"},"modified":"2023-07-21T15:13:22","modified_gmt":"2023-07-21T20:13:22","slug":"designados-magistradas-y-magistrados-electorales-para-16-estados-senado","status":"publish","type":"post","link":"https:\/\/redsemlac.com\/semmexico\/designados-magistradas-y-magistrados-electorales-para-16-estados-senado\/","title":{"rendered":"Designados magistradas y magistrados electorales para 16 estados: Senado"},"content":{"rendered":"\n<p class=\"wp-block-paragraph\"><strong>Elda Montiel\u00a0<\/strong><\/p>\n\n\n\n<p class=\"wp-block-paragraph\">SemM\u00e9xico. Cd. de M\u00e9xico. 23 de octubre de 2019.- &nbsp;En&nbsp;sesi\u00f3n del pleno&nbsp;de la C\u00e1mara de Senadores&nbsp;fueron designados magistradas&nbsp;y magistrados que integrar\u00e1n los \u00f3rganos jurisdiccionales locales en materia electoral de 16 estados de la Rep\u00fablica, por un periodo de siete a\u00f1os.<\/p>\n\n\n\n<p class=\"wp-block-paragraph\">De acuerdo a informaci\u00f3n de la&nbsp;presidenta de la Mesa Directiva, M\u00f3nica Fern\u00e1ndez Balboa,&nbsp;tomar\u00e1n protesta constitucional en la pr\u00f3xima sesi\u00f3n del pleno.<\/p>\n\n\n\n<p class=\"wp-block-paragraph\">La designaci\u00f3n se hizo a propuesta de la Junta de Coordinaci\u00f3n Pol\u00edtica, una vez que concluy\u00f3 el procedimiento de selecci\u00f3n en la Comisi\u00f3n de Justicia, que preside Julio Ram\u00f3n Menchaca Salazar, quien destac\u00f3&nbsp;que se permiti\u00f3 la participaci\u00f3n de legisladores que no integraban la comisi\u00f3n dictaminadora para construir un proceso incluyente y serio.&nbsp;<\/p>\n\n\n\n<p class=\"wp-block-paragraph\">De los 108 votos que recibi\u00f3 la plantilla, cuatro fueron nulos y seis en contra.&nbsp;En el caso particular de Nayarit&nbsp;se inform\u00f3 que se emitir\u00e1 una nueva convocatoria para designar a quien ocupe ese cargo, ya que no&nbsp;se presentaron&nbsp;aspirantes que cumplieran con los requisitos necesarios.<\/p>\n\n\n\n<p class=\"wp-block-paragraph\">Por su parte, el senador Miguel \u00c1ngel Lucero Olivas, afirm\u00f3 que los legisladores del PT refrendan su compromiso con la consolidaci\u00f3n de una aut\u00e9ntica democracia en M\u00e9xico, por lo&nbsp;que su voto fue para loscandidatos que garanticen la estricta aplicaci\u00f3n de la ley.<\/p>\n\n\n\n<p class=\"wp-block-paragraph\">Las y los magistrados que contaron con 97 votos, respectivamente,&nbsp;fueron:&nbsp;Sara Flores de la Pe\u00f1a para Baja California Sur; Francisco Javier Ordo\u00f1ez para Campeche, y Gilberto de Guzm\u00e1n&nbsp;B\u00e1tiz&nbsp;para Chiapas.<\/p>\n\n\n\n<p class=\"wp-block-paragraph\">Al igual que para&nbsp;Evelyn Rodr\u00edguez&nbsp;Xinol&nbsp;para Guerrero, yAlma Delia Eugenio Alcaraz.&nbsp;En el caso de Michoac\u00e1n, se eligi\u00f3 a Alma Rosa&nbsp;Baena Villalobos, y a&nbsp;Yurisha&nbsp;Andrade Morales, a Itzel Mendoza Arag\u00f3n para Morelos, y&nbsp;Vladimir G\u00f3mez&nbsp;Anduro&nbsp;por Sonora.<\/p>\n\n\n\n<p class=\"wp-block-paragraph\">Solo una magistrada recibi\u00f3&nbsp;96 votos&nbsp;que fue Margarita&nbsp;Concepci\u00f3n Espinoza Armengol, por&nbsp;Tabasco, y con 95 votos fueron elegidos&nbsp;Martha Patricia Tovar Pescador para el Estado de&nbsp;M\u00e9xico, y&nbsp;V\u00edctor Oscar&nbsp;Pasquel&nbsp;Fuentes.<\/p>\n\n\n\n<p class=\"wp-block-paragraph\">Con 94&nbsp;votos fueron elegidos para Nuevo Le\u00f3n, Claudia Patricia Garza Ramos,&nbsp;al igual que Dennis Adriana Porras&nbsp;Guerrero&nbsp;y Ricardo&nbsp;Guti\u00e9rrez Rodr\u00edguez&nbsp;por Quer\u00e9taro.&nbsp;<\/p>\n\n\n\n<p class=\"wp-block-paragraph\">Con 93 votos Jos\u00e9 Luis Puente Anguiano para Colima&nbsp;y&nbsp;Yari&nbsp;Zapata L\u00f3pez&nbsp;por&nbsp;Guanajuato.&nbsp;<\/p>\n\n\n\n<p class=\"wp-block-paragraph\">Para Yucat\u00e1n, por 92 votos, Fernando Javier&nbsp;Bolio&nbsp;Vales.<\/p>\n\n\n\n<p class=\"wp-block-paragraph\">El senador de Morena, Mart\u00ed Batres Guadarrama,&nbsp;cuestion\u00f3 la designaci\u00f3n de&nbsp;Armando Ambriz Hern\u00e1ndez,con 84 votos para la Ciudad de M\u00e9xico, del quien dijo fue \u201ccolocado\u201d en el Tribunal Electoral de la Ciudad de M\u00e9xico,&nbsp;y&nbsp;est\u00e1 acusado de \u201cuna serie de maniobras\u201d&nbsp;relacionadas con el caso de Puebla, Monterrey y de amenazar a magistrados federales con que se les iba a recortar su periodo de trabajo.<\/p>\n\n\n\n<p class=\"wp-block-paragraph\">Ambriz Hern\u00e1ndez,&nbsp;respondi\u00f3 acusando al senador Batres de ser&nbsp;\u201cun operador para el fraude electoral\u201d, y se\u00f1al\u00f3 que&nbsp;no se puede utilizar el Senado para articular \u201cuna red de intereses en los tribunales\u201d. Con este acto se dar\u00e1 continuidad a las viejas pr\u00e1cticas, a los viejos procesos y a los operadores para la defraudaci\u00f3n, advirti\u00f3.<\/p>\n","protected":false},"excerpt":{"rendered":"<p>En sesi\u00f3n del pleno de la C\u00e1mara de Senadores fueron designados magistradas y magistrados que integrar\u00e1n los \u00f3rganos jurisdiccionales locales<\/p>\n","protected":false},"author":3,"featured_media":13241,"comment_status":"open","ping_status":"open","sticky":false,"template":"","format":"standard","meta":{"_monsterinsights_skip_tracking":false,"footnotes":""},"categories":[690,50],"tags":[],"class_list":["post-13240","post","type-post","status-publish","format-standard","has-post-thumbnail","category-690","category-congreso"],"_links":{"self":[{"href":"https:\/\/redsemlac.com\/semmexico\/wp-json\/wp\/v2\/posts\/13240","targetHints":{"allow":["GET"]}}],"collection":[{"href":"https:\/\/redsemlac.com\/semmexico\/wp-json\/wp\/v2\/posts"}],"about":[{"href":"https:\/\/redsemlac.com\/semmexico\/wp-json\/wp\/v2\/types\/post"}],"author":[{"embeddable":true,"href":"https:\/\/redsemlac.com\/semmexico\/wp-json\/wp\/v2\/users\/3"}],"replies":[{"embeddable":true,"href":"https:\/\/redsemlac.com\/semmexico\/wp-json\/wp\/v2\/comments?post=13240"}],"version-history":[{"count":0,"href":"https:\/\/redsemlac.com\/semmexico\/wp-json\/wp\/v2\/posts\/13240\/revisions"}],"wp:featuredmedia":[{"embeddable":true,"href":"https:\/\/redsemlac.com\/semmexico\/wp-json\/wp\/v2\/media\/13241"}],"wp:attachment":[{"href":"https:\/\/redsemlac.com\/semmexico\/wp-json\/wp\/v2\/media?parent=13240"}],"wp:term":[{"taxonomy":"category","embeddable":true,"href":"https:\/\/redsemlac.com\/semmexico\/wp-json\/wp\/v2\/categories?post=13240"},{"taxonomy":"post_tag","embeddable":true,"href":"https:\/\/redsemlac.com\/semmexico\/wp-json\/wp\/v2\/tags?post=13240"}],"curies":[{"name":"wp","href":"https:\/\/api.w.org\/{rel}","templated":true}]}}