{"id":13228,"date":"2019-10-22T22:48:32","date_gmt":"2019-10-22T22:48:32","guid":{"rendered":"https:\/\/redsemlac.com\/semmexico\/?p=13228"},"modified":"2023-07-21T15:13:22","modified_gmt":"2023-07-21T20:13:22","slug":"seran-capacitados-en-genero-2200-policias-de-investigacion-de-procuraduria-capitalina","status":"publish","type":"post","link":"https:\/\/redsemlac.com\/semmexico\/seran-capacitados-en-genero-2200-policias-de-investigacion-de-procuraduria-capitalina\/","title":{"rendered":"Ser\u00e1n capacitados en g\u00e9nero 2,200 polic\u00edas de investigaci\u00f3n de procuradur\u00eda capitalina"},"content":{"rendered":"\n<ul class=\"wp-block-list\"><li><strong>Inaugura\nSheinbaum Pardo curso Funci\u00f3n Policial con Perspectiva de G\u00e9nero<\/strong><\/li><li><strong>\u201cUn\nllamado a la vida\u201d, las protestas de las j\u00f3venes: Godoy Ramos<\/strong><\/li><\/ul>\n\n\n\n<p class=\"wp-block-paragraph\"><strong>Guadalupe\nL\u00f3pez Garc\u00eda <\/strong><\/p>\n\n\n\n<p class=\"wp-block-paragraph\">SemM\u00e9xico, Ciudad de\nM\u00e9xico, 22 de octubre de 2019.- La jefa de gobierno de la Ciudad de M\u00e9xico\n(CDMX), Claudia Sheinbaum Pardo, inaugur\u00f3 hoy el curso Funci\u00f3n Policial con\nPerspectiva de G\u00e9nero, que ser\u00e1 impartido por la Procuradur\u00eda General de\nJusticia a 2,200 polic\u00edas de investigaci\u00f3n, como meta a diciembre pr\u00f3ximo, y a\nla totalidad de los elementos para el primer trimestre de 2020.<\/p>\n\n\n\n<p class=\"wp-block-paragraph\">En el acto inaugural,\nla mandataria indic\u00f3 que el tema de violencia de g\u00e9nero debe tomarse como algo\npersonal por quienes integran el gobierno de la CDMX. Para acabar con la\nimpunidad, dijo, sobre todo en lo que tiene que ver con los delitos de\nviolencia de g\u00e9nero en el proceso de transici\u00f3n de procuradur\u00eda a fiscal\u00eda, la\ncapacitaci\u00f3n con perspectiva de g\u00e9nero es fundamental.<\/p>\n\n\n\n<p class=\"wp-block-paragraph\">A su vez, la\nprocuradora capitalina, Ernestina Godoy Ramos, indic\u00f3 que el curso es parte del\nPlan de Acciones Inmediatas contra la violencia hacia las mujeres que se\nanunci\u00f3 en agosto pasado. Destac\u00f3 que a pesar de que se ha dado diferentes\ntipos de capacitaci\u00f3n, las mujeres siguen viviendo abuso y las siguen matando. En\nel pasado, a los polic\u00edas se les enviaba a capacitar por castigo, pero ahora lo\nqueremos hacer por \u201cpremio, por est\u00edmulo\u201d, mencion\u00f3. <\/p>\n\n\n\n<p class=\"wp-block-paragraph\">Detall\u00f3 que para la\nimpartici\u00f3n del curso se hizo una convocatoria abierta a acad\u00e9micas y a\nintegrantes de las organizaciones de la sociedad civil. De las 103 propuestas,\n24 cumplieron con los requisitos, entre los cuales estaba la experiencia en\nformaci\u00f3n y profesionalizaci\u00f3n para cuerpos de seguridad. Los contenidos del\ncurso aterrizar\u00e1n en la problem\u00e1tica que enfrentan los polic\u00edas de\ninvestigaci\u00f3n, agreg\u00f3, \u201clejos de los discursos, pero cerca de nuestras vidas\u201d.<\/p>\n\n\n\n<p class=\"wp-block-paragraph\">Puntualiz\u00f3 que la\ndigna rabia de las mujeres \u201ces la que nos tiene aqu\u00ed, ahora. Y eso que ellas\nhicieron, y eso que hicimos, puede gustarnos o no, pero es un llamado de\nhumanidad que hicieron las j\u00f3venes. Y es un llamado a la vida\u201d. <\/p>\n\n\n\n<p class=\"wp-block-paragraph\">El curso de 40 horas ser\u00e1\ncoordinado por el Instituto de Formaci\u00f3n Profesional y dotar\u00e1 a polic\u00edas de\ninvestigaci\u00f3n de herramientas te\u00f3ricas y pr\u00e1cticas para incorporarlas a sus\nfunciones. La formaci\u00f3n considera tres generaciones con 22 grupos cada una y se\nintegra por cuatro m\u00f3dulos: violencia de g\u00e9nero y funci\u00f3n policial, mapa de\ncontexto social y la violencia contra las mujeres, investigaci\u00f3n policial de\ndelitos relacionados con violencia de g\u00e9nero y herramientas de primer contacto\nante delitos por violencia de g\u00e9nero.<\/p>\n\n\n\n<p class=\"wp-block-paragraph\">En entrevista para\nSemM\u00e9xico, la encargada de despacho de la Coordinaci\u00f3n General del Instituto de\nFormaci\u00f3n Profesional, Rosario Novoa Peniche, indic\u00f3 que en la procuradur\u00eda se\nhan efectuado diversas capacitaciones en g\u00e9nero y derechos humanos, pero se ha\ndado como si fuera un castigo. Mandaban a quienes estaban castigados o a\npersonal administrativo que no tiene nada que ver. <\/p>\n\n\n\n<p class=\"wp-block-paragraph\">De igual forma, la\ncapacitaci\u00f3n ha sido m\u00e1s bien te\u00f3rica y, de acuerdo con la experiencia de las y\nlos polic\u00edas, no sirve para aplicarla en un operativo. Ahora, hizo \u00e9nfasis, esta\nser\u00e1 con ejercicios pr\u00e1cticos y partir\u00e1 de sus conocimientos, de acuerdo con\nsus necesidades reales. <\/p>\n\n\n\n<p class=\"wp-block-paragraph\">El acto inaugural se\nllev\u00f3 a cabo en el auditorio Carlos Franco Sodi, con la asistencia de la\npresidenta de la Comisi\u00f3n de Derechos Humanos de la CDMX, Nashieli Ram\u00edrez\nHern\u00e1ndez; la titular de la Secretar\u00eda de las Mujeres de la CDMX, Gabriela\nRodr\u00edguez; la directora de Proyectos Institucionales de Polic\u00eda de\nInvestigaci\u00f3n, Reyna Birruete Ponce; la directora general de Acciones para la\nIgualdad, S.C., Gabriela Infante Hoyos, y Novoa Peniche.<\/p>\n\n\n\n<p class=\"wp-block-paragraph\">SEM\/glg<\/p>\n","protected":false},"excerpt":{"rendered":"<p>\u201cUn llamado a la vida\u201d, las protestas de las j\u00f3venes: Godoy Ramos<\/p>\n","protected":false},"author":3,"featured_media":13229,"comment_status":"open","ping_status":"open","sticky":false,"template":"","format":"standard","meta":{"_monsterinsights_skip_tracking":false,"footnotes":""},"categories":[690,51],"tags":[],"class_list":["post-13228","post","type-post","status-publish","format-standard","has-post-thumbnail","category-690","category-ejecutivo"],"_links":{"self":[{"href":"https:\/\/redsemlac.com\/semmexico\/wp-json\/wp\/v2\/posts\/13228","targetHints":{"allow":["GET"]}}],"collection":[{"href":"https:\/\/redsemlac.com\/semmexico\/wp-json\/wp\/v2\/posts"}],"about":[{"href":"https:\/\/redsemlac.com\/semmexico\/wp-json\/wp\/v2\/types\/post"}],"author":[{"embeddable":true,"href":"https:\/\/redsemlac.com\/semmexico\/wp-json\/wp\/v2\/users\/3"}],"replies":[{"embeddable":true,"href":"https:\/\/redsemlac.com\/semmexico\/wp-json\/wp\/v2\/comments?post=13228"}],"version-history":[{"count":0,"href":"https:\/\/redsemlac.com\/semmexico\/wp-json\/wp\/v2\/posts\/13228\/revisions"}],"wp:featuredmedia":[{"embeddable":true,"href":"https:\/\/redsemlac.com\/semmexico\/wp-json\/wp\/v2\/media\/13229"}],"wp:attachment":[{"href":"https:\/\/redsemlac.com\/semmexico\/wp-json\/wp\/v2\/media?parent=13228"}],"wp:term":[{"taxonomy":"category","embeddable":true,"href":"https:\/\/redsemlac.com\/semmexico\/wp-json\/wp\/v2\/categories?post=13228"},{"taxonomy":"post_tag","embeddable":true,"href":"https:\/\/redsemlac.com\/semmexico\/wp-json\/wp\/v2\/tags?post=13228"}],"curies":[{"name":"wp","href":"https:\/\/api.w.org\/{rel}","templated":true}]}}